{"id":497365,"date":"2023-12-23T16:23:25","date_gmt":"2023-12-23T20:23:25","guid":{"rendered":"https:\/\/diariodominicano.com\/?p=497365"},"modified":"2023-12-23T16:23:25","modified_gmt":"2023-12-23T20:23:25","slug":"miguel-vargas-fracaso-de-politicas-del-gobierno-ha-envalentonado-a-los-haitianos","status":"publish","type":"post","link":"https:\/\/diariodominicano.com\/?p=497365","title":{"rendered":"Miguel Vargas: \u201cFracaso de pol\u00edticas del Gobierno ha envalentonado a los haitianos\u201d"},"content":{"rendered":"\n<p>Santo Domingo.- El candidato presidencial del Partido Revolucionario Dominicano (PRD), Miguel Vargas Maldonado, afirm\u00f3 que el fallo de las medidas del oficialismo para afrontar la crisis en Hait\u00ed alent\u00f3 a sus nacionales a ampliar el canal sobre el r\u00edo Masacre para desviar m\u00e1s aguas del afluente hacia su territorio.<\/p>\n\n\n\n<p>El tambi\u00e9n presidente del PRD enfatiz\u00f3 que esta situaci\u00f3n amerita del redoblamiento de la gesti\u00f3n diplom\u00e1tica del Gobierno para colocar a Rep\u00fablica Dominicana en condiciones de defender internacionalmente sus derechos sobre el citado recurso h\u00eddrico, violentados por los haitianos.<\/p>\n\n\n\n<p>El exministro de Relaciones Exteriores realiz\u00f3 sus declaraciones mediante una publicaci\u00f3n en la red social X (antes Twitter). All\u00ed insisti\u00f3, sin embargo, en la necesidad de abordar la problem\u00e1tica dom\u00ednico-haitiana en toda su dimensi\u00f3n.<\/p>\n\n\n\n<p>Exhort\u00f3 que, \u201cadem\u00e1s de reclamar una intervenci\u00f3n efectiva y responsable de la comunidad internacional en Hait\u00ed, garantice la aplicaci\u00f3n cabal de las leyes migratorias y d\u00e9 lugar a pol\u00edticas y planes que propicien la inversi\u00f3n para crear una franja especial de desarrollo en toda la frontera, que favorecer\u00eda a ambos pueblos\u201d.<\/p>\n\n\n\n<p><strong>Cr\u00edtica desplome de econom\u00eda en zona lim\u00edtrofe<\/strong><\/p>\n\n\n\n<p>En un recorrido reciente por las provincias fronterizas, Vargas Maldonado denunci\u00f3 que la actual gesti\u00f3n caus\u00f3 el desplome econ\u00f3mico en esa regi\u00f3n. Esto, debido al mal manejo del conflicto con Hait\u00ed, que provoc\u00f3 el cierre en dicha divisi\u00f3n territorial.<\/p>\n\n\n\n<p>Asimismo,&nbsp; reiter\u00f3 su propuesta de crear una zona especial de desarrollo a lo largo de la frontera para generar decenas de miles de empleos. Sostuvo que, entonces, dicha franja servir\u00eda como barrera a la migraci\u00f3n haitiana.<\/p>\n","protected":false},"excerpt":{"rendered":"<p>Santo Domingo.- El candidato presidencial del Partido Revolucionario Dominicano (PRD), Miguel Vargas Maldonado, afirm\u00f3 que el fallo de las medidas del oficialismo para afrontar la crisis en Hait\u00ed alent\u00f3 a sus nacionales a ampliar el canal sobre el r\u00edo Masacre para desviar m\u00e1s aguas del afluente hacia su territorio. El tambi\u00e9n presidente del PRD enfatiz\u00f3 [&hellip;]<\/p>\n","protected":false},"author":7,"featured_media":496397,"comment_status":"closed","ping_status":"","sticky":true,"template":"","format":"standard","meta":{"footnotes":""},"categories":[22,27],"tags":[],"class_list":["post-497365","post","type-post","status-publish","format-standard","has-post-thumbnail","hentry","category-politica","category-portada"],"_links":{"self":[{"href":"https:\/\/diariodominicano.com\/index.php?rest_route=\/wp\/v2\/posts\/497365","targetHints":{"allow":["GET"]}}],"collection":[{"href":"https:\/\/diariodominicano.com\/index.php?rest_route=\/wp\/v2\/posts"}],"about":[{"href":"https:\/\/diariodominicano.com\/index.php?rest_route=\/wp\/v2\/types\/post"}],"author":[{"embeddable":true,"href":"https:\/\/diariodominicano.com\/index.php?rest_route=\/wp\/v2\/users\/7"}],"replies":[{"embeddable":true,"href":"https:\/\/diariodominicano.com\/index.php?rest_route=%2Fwp%2Fv2%2Fcomments&post=497365"}],"version-history":[{"count":1,"href":"https:\/\/diariodominicano.com\/index.php?rest_route=\/wp\/v2\/posts\/497365\/revisions"}],"predecessor-version":[{"id":497380,"href":"https:\/\/diariodominicano.com\/index.php?rest_route=\/wp\/v2\/posts\/497365\/revisions\/497380"}],"wp:featuredmedia":[{"embeddable":true,"href":"https:\/\/diariodominicano.com\/index.php?rest_route=\/wp\/v2\/media\/496397"}],"wp:attachment":[{"href":"https:\/\/diariodominicano.com\/index.php?rest_route=%2Fwp%2Fv2%2Fmedia&parent=497365"}],"wp:term":[{"taxonomy":"category","embeddable":true,"href":"https:\/\/diariodominicano.com\/index.php?rest_route=%2Fwp%2Fv2%2Fcategories&post=497365"},{"taxonomy":"post_tag","embeddable":true,"href":"https:\/\/diariodominicano.com\/index.php?rest_route=%2Fwp%2Fv2%2Ftags&post=497365"}],"curies":[{"name":"wp","href":"https:\/\/api.w.org\/{rel}","templated":true}]}}