{"id":49729,"date":"2020-09-08T14:04:29","date_gmt":"2020-09-08T14:04:29","guid":{"rendered":"http:\/\/diariodominicano.ddns.net\/?p=49729"},"modified":"2020-09-08T14:04:29","modified_gmt":"2020-09-08T14:04:29","slug":"juramentado-presidente-de-la-republica-dominicana-el-general-manuel-jimenes","status":"publish","type":"post","link":"https:\/\/diariodominicano.com\/?p=49729","title":{"rendered":"Juramentado presidente de la Rep\u00fablica Dominicana el general Manuel  Jimenes"},"content":{"rendered":"<p><body><\/p>\n<p><img decoding=\"async\" src=\"img3\/manuel jimez13.jpg\" \/>  <\/p>\n<p><strong>Diariodominicano.com<\/strong><\/p>\n<p><strong>Juramentado presidente de la Rep\u00fablica Dominicana el general Manuel  Jimenes  <\/strong><\/p>\n<p><strong>SANTO DOMINGO,  el 8 de septiembre de 1848<\/strong>, fue juramentado  Presidente de la Rep\u00fablica, el General Manuel Jimenes.<\/p>\n<\/p>\n<p>      Jimenes, quien hab\u00eda sido miembro de la Trinitaria, cre\u00f3 m\u00faltiples expectativas porque sus seguidores entend\u00edan que podr\u00eda administrar un Gobierno liberal  diferente  al r\u00e9gimen autoritario  del Presidente Pedro Santana, quien hab\u00eda renunciado el 4 de septiembre de 1848.<\/p>\n<\/p>\n<p>    Entre sus  medidas m\u00e1s importantes el Presidente   Jimenes,  decret\u00f3  el 26 de septiembre de 1848,  una amnist\u00eda en favor de los exiliados pol\u00edticos, incluidos Juan Pablo Duarte, y su familia, as\u00ed como Francisco del Rosario S\u00e1nchez, Mat\u00edas Ram\u00f3n Mella, Pedro Alejandrino Pina, Juan Isidro P\u00e9rez y Juan Evangelista Jim\u00e9nez, entre otros trinitarios.<\/p>\n<\/p>\n<p>    No obstante, en la aplicaci\u00f3n de la medida, Jimenes actu\u00f3 de manera selectiva, porque  se  neg\u00f3 el retorno al pa\u00eds de algunos  exiliados.  Esa actitud le cre\u00f3 dificultades entre sus seguidores.<\/p>\n<\/p>\n<p>     El Presidente  Jim\u00e9nez tambi\u00e9n  dispuso la desintegraci\u00f3n de los cuerpos de Infanter\u00eda del Ej\u00e9rcito  para que sus hombres pasaran a trabajar en el campo e impulsaran la agricultura.<\/p>\n<\/p>\n<p>      En el momento que renunci\u00f3 el 4 de agosto de 1848, el  Presidente Pedro Santana, se enfrentaba al repudio de la poblaci\u00f3n, que protestaba por la crisis econ\u00f3mica que sufr\u00eda la Rep\u00fablica Dominicana.<\/p>\n<\/p>\n<p>La  crisis econ\u00f3mica y la oposici\u00f3n parlamentaria provocaron en  Santana una depresi\u00f3n  y por en ello en febrero de 1848 se retir\u00f3 a su finca de El Seibo y dej\u00f3 el Poder Ejecutivo en manos  de un  Consejo de Secretarios de Estado.<\/p>\n<\/p>\n<p>   El retiro del Presidente  Santana cre\u00f3 una situaci\u00f3n en la que creci\u00f3 la oposici\u00f3n a su r\u00e9gimen y en el Congreso se produjeron manifestaciones de rechazo a su pol\u00edtica econ\u00f3mica.<\/p>\n<\/p>\n<p>   A mediados del a\u00f1o 1848, Pedro Santana no ten\u00eda ni siquiera el apoyo Militar, lo que fue evidenciado  cuando trat\u00f3 junto al general Felipe Alfau, destituir al coronel Tom\u00e1s Troncoso, acus\u00e1ndolo de indecoroso, pero no encontr\u00f3  militares que reforzaran sus acusaciones.<\/p>\n<\/p>\n<p>   Por ello, el Consejo de Guerra que juzg\u00f3 al militar lo declar\u00f3 inocente.<\/p>\n<\/p>\n<p>   El incidente le permiti\u00f3 comprobar a Santana y al general Alfau, que ni siquiera en el Ej\u00e9rcito gozaban de simpat\u00eda.<\/p>\n<\/p>\n<p>    La realidad llev\u00f3 al Presidente Pedro Santana a renunciar a su cargo el 4 de agosto de 1848, ante  un  Consejo de Secretarios, que asumi\u00f3 el Gobierno hasta el 8 de septiembre de 1848, cuando tom\u00f3 posesi\u00f3n de la Presidencia  Jimenes, quien era el ministro de Guerra y Marina.<\/p>\n<\/p>\n<p>     Meses despu\u00e9s de tomar el poder el Presidente  Jimenes  perdi\u00f3 su popularidad, y surgieron acontecimientos que lo debilitaron y Pedro Santana volvi\u00f3 al poder el 30 de mayo de 1849.<\/p>\n<\/p>\n<p>     El liderazgo de  Santana  en la lucha contra las nuevas invasiones haitianas de 1849, le permitieron recobrar su poder pol\u00edtico y militar.<\/p>\n<\/p>\n<p>     El general  Santana  hab\u00eda iniciado un plan para derrocar al Presidente Manuel Jimenes, el d\u00eda 9 de Mayo de 1949.<\/p>\n<\/p>\n<p>     El  13 de Mayo del a\u00f1o 1849, el Congreso Nacional acus\u00f3 al Presidente Jimenes de ejercer coacci\u00f3n contra el Poder Legislativo. El documento fue le\u00eddo por el presidente del Congreso,  Buenaventura B\u00e1ez.<\/p>\n<\/p>\n<p>      El Presidente  Jimenes fue acusado de poner en peligro la integridad de la Rep\u00fablica, desorganizando el Ej\u00e9rcito Nacional  y desmoralizando el esp\u00edritu nacional.<\/p>\n<\/p>\n<\/p>\n<h6> 2020-09-08 14:04:29 <\/h6>\n<p><!--\n<link rel=\"stylesheet\" href=\"css\/bootstrap.min.css\">\n\n\n<ul class=\"pagination\">\n\t    \n\t\n\n<li >\n\t<a href='?page_no=233'>Previous<\/a>\n\t<\/li>\n\n\n       \n    \n\n<li><a href='?page_no=1'>1<\/a><\/li>\n\n\n\n<li><a href='?page_no=2'>2<\/a><\/li>\n\n\n\n<li><a>...<\/a><\/li>\n\n\n\n<li><a href='?page_no=232'>232<\/a><\/li>\n\n\n\n<li><a href='?page_no=233'>233<\/a><\/li>\n\n\n\n<li class='active'><a>234<\/a><\/li>\n\n\n\n<li><a href='?page_no=235'>235<\/a><\/li>\n\n\n\n<li><a href='?page_no=236'>236<\/a><\/li>\n\n\n\n<li><a>...<\/a><\/li>\n\n\n\n<li><a href='?page_no=22911'>22911<\/a><\/li>\n\n\n\n<li><a href='?page_no=22912'>22912<\/a><\/li>\n\n    \n\t\n\n<li >\n\t<a href='?page_no=235'>Next<\/a>\n\t<\/li>\n\n\n    \n\n<li><a href='?page_no=22912'>Last &rsaquo;&rsaquo;<\/a><\/li>\n\n<\/ul>\n\n\n--><br \/>\n<\/body><\/p>\n","protected":false},"excerpt":{"rendered":"<p>Diariodominicano.com Juramentado presidente de la Rep\u00fablica Dominicana el general Manuel Jimenes SANTO DOMINGO, el 8 de septiembre de 1848, fue juramentado Presidente de la Rep\u00fablica, el General Manuel Jimenes. Jimenes, quien hab\u00eda sido miembro de la Trinitaria, cre\u00f3 m\u00faltiples expectativas porque sus seguidores entend\u00edan que podr\u00eda administrar un Gobierno liberal diferente al r\u00e9gimen autoritario del [&hellip;]<\/p>\n","protected":false},"author":3,"featured_media":0,"comment_status":"open","ping_status":"open","sticky":false,"template":"","format":"standard","meta":{"footnotes":""},"categories":[21],"tags":[],"class_list":["post-49729","post","type-post","status-publish","format-standard","hentry","category-cultura"],"_links":{"self":[{"href":"https:\/\/diariodominicano.com\/index.php?rest_route=\/wp\/v2\/posts\/49729","targetHints":{"allow":["GET"]}}],"collection":[{"href":"https:\/\/diariodominicano.com\/index.php?rest_route=\/wp\/v2\/posts"}],"about":[{"href":"https:\/\/diariodominicano.com\/index.php?rest_route=\/wp\/v2\/types\/post"}],"author":[{"embeddable":true,"href":"https:\/\/diariodominicano.com\/index.php?rest_route=\/wp\/v2\/users\/3"}],"replies":[{"embeddable":true,"href":"https:\/\/diariodominicano.com\/index.php?rest_route=%2Fwp%2Fv2%2Fcomments&post=49729"}],"version-history":[{"count":0,"href":"https:\/\/diariodominicano.com\/index.php?rest_route=\/wp\/v2\/posts\/49729\/revisions"}],"wp:attachment":[{"href":"https:\/\/diariodominicano.com\/index.php?rest_route=%2Fwp%2Fv2%2Fmedia&parent=49729"}],"wp:term":[{"taxonomy":"category","embeddable":true,"href":"https:\/\/diariodominicano.com\/index.php?rest_route=%2Fwp%2Fv2%2Fcategories&post=49729"},{"taxonomy":"post_tag","embeddable":true,"href":"https:\/\/diariodominicano.com\/index.php?rest_route=%2Fwp%2Fv2%2Ftags&post=49729"}],"curies":[{"name":"wp","href":"https:\/\/api.w.org\/{rel}","templated":true}]}}