{"id":497247,"date":"2023-12-21T08:59:42","date_gmt":"2023-12-21T12:59:42","guid":{"rendered":"https:\/\/diariodominicano.com\/?p=497247"},"modified":"2023-12-21T08:59:42","modified_gmt":"2023-12-21T12:59:42","slug":"carlos-amarante-baret-afirma-que-el-prm-y-el-gobierno-van-en-picada","status":"publish","type":"post","link":"https:\/\/diariodominicano.com\/?p=497247","title":{"rendered":"Carlos Amarante Baret afirma que el PRM y el Gobierno van en picada"},"content":{"rendered":"\n<p>diariodominicano.com<\/p>\n\n\n\n<p>diariodominicano.com<\/p>\n\n\n\n<p>Santo Domingo, R. D.,   21 de diciembre, 2023.-  Carlos Amarante Baret, miembro del Comit\u00e9 Pol\u00edtico (CP) del Partido de la Liberaci\u00f3n Dominicana (PLD) reaccion\u00f3 a un comunicado publicado en un costoso espacio pagado en los medios impresos y redes sociales por el partido en el gobierno, el PRM, comentando que es la demostraci\u00f3n de que dicha agrupaci\u00f3n \u201cva en picada en el aprecio popular\u201d.<\/p>\n\n\n\n<p>\u201cComunicado refleja que van en picada en el aprecio popular\u201d, escribi\u00f3 Amarante Baret en una primera reacci\u00f3n a la publicaci\u00f3n, comentando que es una preocupaci\u00f3n para los oficialistas, el despertar que ha generado tantos desaciertos en el pueblo dominicano.<\/p>\n\n\n\n<p>\u201cLos \u00fanicos expertos en infamias, son quienes hoy gobiernan. Les preocupa que el pueblo est\u00e9 despertando\u201d, respondi\u00f3 el miembro del Comit\u00e9 Pol\u00edtico a las acusaciones realizadas a la alianza opositora Rescate RD.<\/p>\n\n\n\n<p>Advierte como un contrasentido un hip\u00f3crita llamado a los partidos a declarar una tregua pol\u00edtica en navidad mientras se genera un comunicado en el que predomina la arrogancia que ha sido su principal caracter\u00edstica del PRM&nbsp;&nbsp;en la administraci\u00f3n p\u00fablica.<\/p>\n\n\n\n<p>\u00a1La reelecci\u00f3n y el PRM est\u00e1n asustao!. \u201cLes preocupa que el pueblo est\u00e9 despertando.\u201d Concluy\u00f3 Carlos Amarante Baret su escrito en la red social X, anterior twitter&nbsp;&nbsp;<\/p>\n\n\n\n<p><strong>SECRETARIA DE COMUNICACIONES<\/strong><\/p>\n\n\n\n<p><strong>21 DICIEMBRE 2023<\/strong><\/p>\n\n\n\n<p><strong>DECLARACION DE PRENSA<\/strong><\/p>\n","protected":false},"excerpt":{"rendered":"<p>diariodominicano.com diariodominicano.com Santo Domingo, R. D., 21 de diciembre, 2023.- Carlos Amarante Baret, miembro del Comit\u00e9 Pol\u00edtico (CP) del Partido de la Liberaci\u00f3n Dominicana (PLD) reaccion\u00f3 a un comunicado publicado en un costoso espacio pagado en los medios impresos y redes sociales por el partido en el gobierno, el PRM, comentando que es la demostraci\u00f3n [&hellip;]<\/p>\n","protected":false},"author":5,"featured_media":497248,"comment_status":"closed","ping_status":"","sticky":true,"template":"","format":"standard","meta":{"footnotes":""},"categories":[22,27],"tags":[],"class_list":["post-497247","post","type-post","status-publish","format-standard","has-post-thumbnail","hentry","category-politica","category-portada"],"_links":{"self":[{"href":"https:\/\/diariodominicano.com\/index.php?rest_route=\/wp\/v2\/posts\/497247","targetHints":{"allow":["GET"]}}],"collection":[{"href":"https:\/\/diariodominicano.com\/index.php?rest_route=\/wp\/v2\/posts"}],"about":[{"href":"https:\/\/diariodominicano.com\/index.php?rest_route=\/wp\/v2\/types\/post"}],"author":[{"embeddable":true,"href":"https:\/\/diariodominicano.com\/index.php?rest_route=\/wp\/v2\/users\/5"}],"replies":[{"embeddable":true,"href":"https:\/\/diariodominicano.com\/index.php?rest_route=%2Fwp%2Fv2%2Fcomments&post=497247"}],"version-history":[{"count":1,"href":"https:\/\/diariodominicano.com\/index.php?rest_route=\/wp\/v2\/posts\/497247\/revisions"}],"predecessor-version":[{"id":497249,"href":"https:\/\/diariodominicano.com\/index.php?rest_route=\/wp\/v2\/posts\/497247\/revisions\/497249"}],"wp:featuredmedia":[{"embeddable":true,"href":"https:\/\/diariodominicano.com\/index.php?rest_route=\/wp\/v2\/media\/497248"}],"wp:attachment":[{"href":"https:\/\/diariodominicano.com\/index.php?rest_route=%2Fwp%2Fv2%2Fmedia&parent=497247"}],"wp:term":[{"taxonomy":"category","embeddable":true,"href":"https:\/\/diariodominicano.com\/index.php?rest_route=%2Fwp%2Fv2%2Fcategories&post=497247"},{"taxonomy":"post_tag","embeddable":true,"href":"https:\/\/diariodominicano.com\/index.php?rest_route=%2Fwp%2Fv2%2Ftags&post=497247"}],"curies":[{"name":"wp","href":"https:\/\/api.w.org\/{rel}","templated":true}]}}