{"id":49718,"date":"2020-09-08T14:08:57","date_gmt":"2020-09-08T14:08:57","guid":{"rendered":"http:\/\/diariodominicano.ddns.net\/?p=49718"},"modified":"2020-09-08T14:08:57","modified_gmt":"2020-09-08T14:08:57","slug":"restauradores-se-preparan-para-intensificar-ataque-a-militares-espanoles","status":"publish","type":"post","link":"https:\/\/diariodominicano.com\/?p=49718","title":{"rendered":"Restauradores se preparan para intensificar ataque  a militares espa\u00f1oles"},"content":{"rendered":"<p><body><\/p>\n<p><strong>Restauradores se preparan para intensificar ataque  a militares espa\u00f1oles<\/strong><\/p>\n<p><strong>SANTIAGO DE LOS CABALLEROS,  el   8 de septiembre de 1863,<\/strong> durante la Guerra de la Restauraci\u00f3n, las tropas dominicanas se abastecieron con municiones que llegaron  procedentes de La Vega y Moca, lo que les permiti\u00f3 intensificar el sitio a los espa\u00f1oles que estaban concentrados en la Fortaleza San Luis, en la ciudad de Santiago.<\/p>\n<\/p>\n<p>    El informe militar indica que los restauradores hostigaron a los espa\u00f1oles con fuego de artiller\u00eda al extremo de impedir que salieran de la fortaleza ni siquiera a buscar agua  en el r\u00edo Yaque del Norte, que le quedaba muy cerca.<\/p>\n<\/p>\n<p>   La versi\u00f3n precisa que en varias ocasiones el general Juan Suero trat\u00f3 de abrirse camino entre las tropas restauradoras, pero en cada una de sus escaramuzas fue obligado a replegarse.<\/p>\n<\/p>\n<p>El d\u00eda  anterior, 7 de septiembre de 1863,  el General Gregorio Luper\u00f3n concentr\u00f3 a un grupo de restauradores y  les ley\u00f3 cartas de adhesiones al movimiento restaurador de varios pueblos del Sur y del Este, lo que provoc\u00f3 una gran algarab\u00eda entre las tropas restauradoras, que tocaron cornetas y tambores para atraer a los que se hab\u00edan replegados, elev\u00e1ndose de nuevo la moral de los criollos.<\/p>\n<\/p>\n<p>    De su lado los  espa\u00f1oles al o\u00edr la manifestaci\u00f3n, prepararon  r\u00e1pidamente las posiciones defensivas, porque creyeron que se trataba de un nuevo asalto, pero no sucedi\u00f3 lo que tem\u00edan.<\/p>\n<\/p>\n<p>    En el \u00abManual de Historia Militar Dominicana\u00bb, se anota que el mismo d\u00eda 7 de septiembre sali\u00f3 de Puerto Plata, el Brigadier Espa\u00f1ol, Primo Rivera al mando de dos mil hombres que reforzar\u00edan a los espa\u00f1oles que defend\u00edan en Santiago, el r\u00e9gimen de la Anexi\u00f3n.<\/p>\n<\/p>\n<\/p>\n<\/p>\n<h6> 2020-09-08 14:08:57 <\/h6>\n<p><!--\n<link rel=\"stylesheet\" href=\"css\/bootstrap.min.css\">\n\n\n<ul class=\"pagination\">\n\t    \n\t\n\n<li >\n\t<a href='?page_no=232'>Previous<\/a>\n\t<\/li>\n\n\n       \n    \n\n<li><a href='?page_no=1'>1<\/a><\/li>\n\n\n\n<li><a href='?page_no=2'>2<\/a><\/li>\n\n\n\n<li><a>...<\/a><\/li>\n\n\n\n<li><a href='?page_no=231'>231<\/a><\/li>\n\n\n\n<li><a href='?page_no=232'>232<\/a><\/li>\n\n\n\n<li class='active'><a>233<\/a><\/li>\n\n\n\n<li><a href='?page_no=234'>234<\/a><\/li>\n\n\n\n<li><a href='?page_no=235'>235<\/a><\/li>\n\n\n\n<li><a>...<\/a><\/li>\n\n\n\n<li><a href='?page_no=22911'>22911<\/a><\/li>\n\n\n\n<li><a href='?page_no=22912'>22912<\/a><\/li>\n\n    \n\t\n\n<li >\n\t<a href='?page_no=234'>Next<\/a>\n\t<\/li>\n\n\n    \n\n<li><a href='?page_no=22912'>Last &rsaquo;&rsaquo;<\/a><\/li>\n\n<\/ul>\n\n\n--><br \/>\n<\/body><\/p>\n","protected":false},"excerpt":{"rendered":"<p>Restauradores se preparan para intensificar ataque a militares espa\u00f1oles SANTIAGO DE LOS CABALLEROS, el 8 de septiembre de 1863, durante la Guerra de la Restauraci\u00f3n, las tropas dominicanas se abastecieron con municiones que llegaron procedentes de La Vega y Moca, lo que les permiti\u00f3 intensificar el sitio a los espa\u00f1oles que estaban concentrados en la [&hellip;]<\/p>\n","protected":false},"author":3,"featured_media":0,"comment_status":"open","ping_status":"open","sticky":false,"template":"","format":"standard","meta":{"footnotes":""},"categories":[21],"tags":[],"class_list":["post-49718","post","type-post","status-publish","format-standard","hentry","category-cultura"],"_links":{"self":[{"href":"https:\/\/diariodominicano.com\/index.php?rest_route=\/wp\/v2\/posts\/49718","targetHints":{"allow":["GET"]}}],"collection":[{"href":"https:\/\/diariodominicano.com\/index.php?rest_route=\/wp\/v2\/posts"}],"about":[{"href":"https:\/\/diariodominicano.com\/index.php?rest_route=\/wp\/v2\/types\/post"}],"author":[{"embeddable":true,"href":"https:\/\/diariodominicano.com\/index.php?rest_route=\/wp\/v2\/users\/3"}],"replies":[{"embeddable":true,"href":"https:\/\/diariodominicano.com\/index.php?rest_route=%2Fwp%2Fv2%2Fcomments&post=49718"}],"version-history":[{"count":0,"href":"https:\/\/diariodominicano.com\/index.php?rest_route=\/wp\/v2\/posts\/49718\/revisions"}],"wp:attachment":[{"href":"https:\/\/diariodominicano.com\/index.php?rest_route=%2Fwp%2Fv2%2Fmedia&parent=49718"}],"wp:term":[{"taxonomy":"category","embeddable":true,"href":"https:\/\/diariodominicano.com\/index.php?rest_route=%2Fwp%2Fv2%2Fcategories&post=49718"},{"taxonomy":"post_tag","embeddable":true,"href":"https:\/\/diariodominicano.com\/index.php?rest_route=%2Fwp%2Fv2%2Ftags&post=49718"}],"curies":[{"name":"wp","href":"https:\/\/api.w.org\/{rel}","templated":true}]}}