{"id":497107,"date":"2023-12-20T12:55:05","date_gmt":"2023-12-20T16:55:05","guid":{"rendered":"https:\/\/diariodominicano.com\/?p=497107"},"modified":"2023-12-20T12:55:05","modified_gmt":"2023-12-20T16:55:05","slug":"wideline-pierre-critica-reapertura-de-mercado-fronterizo-entre-haiti-y-republica-dominicana","status":"publish","type":"post","link":"https:\/\/diariodominicano.com\/?p=497107","title":{"rendered":"Wideline Pierre,      critica reapertura de mercado fronterizo entre Hait\u00ed y Rep\u00fablica Dominicana"},"content":{"rendered":"\n<p>diariodominicano.com<\/p>\n\n\n\n<p>Puerto Pr\u00edncipe, 20 dic (Prensa Latina) Autoridades locales en Ouanaminthe, en la frontera entre Hait\u00ed y Rep\u00fablica Dominicana criticaron hoy la reapertura comercial entre los pa\u00edses sin que se cumplieran las demandas y culparon a la falta de apoyo gubernamental.<\/p>\n\n\n\n<p>Wideline Pierre, portavoz del comit\u00e9 de gesti\u00f3n de las obras del canal indic\u00f3 que la escasa asistencia de las autoridades a los peque\u00f1os comerciantes afectados por el cierre fronterizo fue la principal causa de molestia de la poblaci\u00f3n.<\/p>\n\n\n\n<p>La semana pasada el principal mercado binacional entre Hait\u00ed y Rep\u00fablica Dominicana reabri\u00f3 luego que individuos forzaron la verja del lado haitiano.<\/p>\n\n\n\n<p>Permanec\u00eda cerrada desde mediados de septiembre cuando el presidente dominicano Luis Abinader anunci\u00f3 la suspensi\u00f3n de las actividades comerciales, del transporte binacional y la emisi\u00f3n de visados a ciudadanos haitianos en represalia por la construcci\u00f3n de un canal de riego sobre el r\u00edo Masacre.<\/p>\n\n\n\n<p>Un mes despu\u00e9s Santo Domingo relaj\u00f3 las medidas y permiti\u00f3 el comercio, sin embargo, las autoridades de Ouanaminthe pusieron en vigor disposiciones para limitar el ingreso de mercanc\u00edas del vecino pa\u00eds.<\/p>\n\n\n\n<p>Seg\u00fan la alcaldesa de la localidad Joselite Mondestin es necesario establecer nuevas bases m\u00e1s justas para el comercio binacional. \u201cPara reabrir la frontera, tendr\u00e1n que cruzar mi cad\u00e1ver\u201d, asegur\u00f3 a inicios de diciembre.<\/p>\n\n\n\n<p>Por el momento el mercado cuyo cierre gener\u00f3 enormes p\u00e9rdidas para los comerciantes de ambos lados de la frontera, e increment\u00f3 los precios de productos b\u00e1sicos en Hait\u00ed se encuentra operando con normalidad.<\/p>\n\n\n\n<p>ro\/ane<\/p>\n","protected":false},"excerpt":{"rendered":"<p>diariodominicano.com Puerto Pr\u00edncipe, 20 dic (Prensa Latina) Autoridades locales en Ouanaminthe, en la frontera entre Hait\u00ed y Rep\u00fablica Dominicana criticaron hoy la reapertura comercial entre los pa\u00edses sin que se cumplieran las demandas y culparon a la falta de apoyo gubernamental. Wideline Pierre, portavoz del comit\u00e9 de gesti\u00f3n de las obras del canal indic\u00f3 que [&hellip;]<\/p>\n","protected":false},"author":5,"featured_media":497112,"comment_status":"closed","ping_status":"","sticky":true,"template":"","format":"standard","meta":{"footnotes":""},"categories":[112,23,27],"tags":[],"class_list":["post-497107","post","type-post","status-publish","format-standard","has-post-thumbnail","hentry","category-haiti","category-internacional","category-portada"],"_links":{"self":[{"href":"https:\/\/diariodominicano.com\/index.php?rest_route=\/wp\/v2\/posts\/497107","targetHints":{"allow":["GET"]}}],"collection":[{"href":"https:\/\/diariodominicano.com\/index.php?rest_route=\/wp\/v2\/posts"}],"about":[{"href":"https:\/\/diariodominicano.com\/index.php?rest_route=\/wp\/v2\/types\/post"}],"author":[{"embeddable":true,"href":"https:\/\/diariodominicano.com\/index.php?rest_route=\/wp\/v2\/users\/5"}],"replies":[{"embeddable":true,"href":"https:\/\/diariodominicano.com\/index.php?rest_route=%2Fwp%2Fv2%2Fcomments&post=497107"}],"version-history":[{"count":1,"href":"https:\/\/diariodominicano.com\/index.php?rest_route=\/wp\/v2\/posts\/497107\/revisions"}],"predecessor-version":[{"id":497113,"href":"https:\/\/diariodominicano.com\/index.php?rest_route=\/wp\/v2\/posts\/497107\/revisions\/497113"}],"wp:featuredmedia":[{"embeddable":true,"href":"https:\/\/diariodominicano.com\/index.php?rest_route=\/wp\/v2\/media\/497112"}],"wp:attachment":[{"href":"https:\/\/diariodominicano.com\/index.php?rest_route=%2Fwp%2Fv2%2Fmedia&parent=497107"}],"wp:term":[{"taxonomy":"category","embeddable":true,"href":"https:\/\/diariodominicano.com\/index.php?rest_route=%2Fwp%2Fv2%2Fcategories&post=497107"},{"taxonomy":"post_tag","embeddable":true,"href":"https:\/\/diariodominicano.com\/index.php?rest_route=%2Fwp%2Fv2%2Ftags&post=497107"}],"curies":[{"name":"wp","href":"https:\/\/api.w.org\/{rel}","templated":true}]}}