{"id":49707,"date":"2020-09-09T01:39:52","date_gmt":"2020-09-09T01:39:52","guid":{"rendered":"http:\/\/diariodominicano.ddns.net\/?p=49707"},"modified":"2020-09-09T01:39:52","modified_gmt":"2020-09-09T01:39:52","slug":"llegan-de-cuba-refuerzos-de-espana-para-su-ejercito-en-la-guerra-de-la-restauracion","status":"publish","type":"post","link":"https:\/\/diariodominicano.com\/?p=49707","title":{"rendered":"Llegan de Cuba refuerzos de Espa\u00f1a para  su ej\u00e9rcito en la guerra de la Restauraci\u00f3n"},"content":{"rendered":"<p><body><\/p>\n<p><img decoding=\"async\" src=\"img3\/restaua005.jpg.jpg\" \/>  <\/p>\n<p><strong>Diariodominicano.com<\/strong><\/p>\n<p><strong>Llegan de Cuba refuerzos de Espa\u00f1a para reforzar su ej\u00e9rcito en la guerra de la Restauraci\u00f3n<\/strong><\/p>\n<p> <strong>El 9 de septiembre de 1863  desembarc\u00f3  en  Puerto Plata,  el Segundo Regimiento del Rey, comandado por el brigadier Rafael Primo de Rivera. El nuevo refuerzo militar espa\u00f1ol  vino procedente de la Habana, Cuba, en el vapor de guerra \u00abIsabel La Cat\u00f3lica\u00bb, que hab\u00eda zarpado de la Capital cubana el d\u00eda 4 de septiembre.<\/strong><\/p>\n<p><strong>Por H\u00e9ctor Tineo Nolasco<\/strong><\/p>\n<p><strong>Diariodominicano.com<\/strong><\/p>\n<p><strong>PUERTO PLATA, el  9 de septiembre de 1863,<\/strong> durante la Guerra de la Restauraci\u00f3n, las fuerzas militares del gobierno espa\u00f1ol de la Anexi\u00f3n  recibieron nuevos refuerzos de la colonia espa\u00f1ola de Cuba.<\/p>\n<p>    El 9 de septiembre de 1863  desembarc\u00f3  en  Puerto Plata,  el Segundo Regimiento del Rey, comandado por el brigadier Rafael Primo de Rivera. El nuevo refuerzo militar espa\u00f1ol  vino procedente de la Habana, Cuba, en el vapor de guerra \u00abIsabel La Cat\u00f3lica\u00bb, que hab\u00eda zarpado de la Capital cubana el d\u00eda 4 de septiembre.<\/p>\n<p>   El mismo d\u00eda desembarc\u00f3 en la ciudad de Puerto Plata, el batall\u00f3n de Cazadores de la Uni\u00f3n, cuyos miembros vinieron en el vapor \u00abP\u00e1jaro del Oc\u00e9ano\u00bb.<\/p>\n<p>   Al entrar a Puerto Plata, los refuerzos militares se organizaron bajo el mando del brigadier Rafael Primo de Rivera, para ir a Santiago a sumarse a las tropas espa\u00f1olas que eran combatidas por los restauradores.    <\/p>\n<p>     Desde que Espa\u00f1a sufri\u00f3 las primeras bajas en los combates con los restauradores, el gobernador  espa\u00f1ol Ribero, declar\u00f3 el estado de sitio  en el territorio nacional y pidi\u00f3  refuerzos a las colonias espa\u00f1olas de Cuba y Puerto Rico.<\/p>\n<p>     El d\u00eda  29 de agosto de 1863, las fuerzas anexionistas hab\u00edan recibido  nuevos refuerzos militares con la llegada del Batall\u00f3n Puerto Rico, enviado por la Gobernaci\u00f3n Espa\u00f1ola en la isla de Puerto Rico.<\/p>\n<p>      Los militares espa\u00f1oles llegaron a Puerto Plata, procedentes de Puerto  Rico, en el vapor  \u00abCorreo de Espa\u00f1a\u00bb.  <\/p>\n<p>    La disposici\u00f3n fue autorizada por el Gobernador de Puerto Rico, General  Mesina. Fue el segundo refuerzo militar enviado  por las gobernaciones de Espa\u00f1a en el Caribe para tratar de aplastar  el  movimiento restaurador.<\/p>\n<p>Los primeros refuerzos militares llegaron a Puerto Plata el d\u00eda  27 de agosto de 1863,   en el vapor \u00abIsabel  II\u00bb.<\/p>\n<p> De inmediato se sumaron a los espa\u00f1oles que trataban de frenar el avance de los restauradores que luchaban contra los anexionistas.<\/p>\n<p>   Ese mismo d\u00eda, fuerzas dominicanas comandadas por el general Gregorio  de Lora, secundado por Juan Nouesit, tomaron a Puerto Plata.<\/p>\n<p>  La Guerra de la Restauraci\u00f3n comenz\u00f3 el d\u00eda 16 de agosto de 1863, cuando un grupo de pr\u00f3ceres declar\u00f3 el \u00abGrito de Capotillo\u00bb.<\/p>\n<p>    A partir del 16 de agosto de 1863, los espa\u00f1oles lucharon con m\u00e1s de 40 mil hombres para tratar de frustrar la Restauraci\u00f3n de la Rep\u00fablica, pero al final tuvieron que reconocer la victoria de los dominicanos.<\/p>\n<p>    La guerra termin\u00f3 el 10 de julio de 1865, cuando comenzaron a salir las \u00faltimas fuerzas militares que se manten\u00edan en la Rep\u00fablica Dominicana.<\/p>\n<p>    Al referirse a los hechos el General Gregorio Luper\u00f3n, en sus \u00abNotas Autobiogr\u00e1ficas y Apuntes Hist\u00f3ricos\u00bb,  afirma que \u00abEn la mayor parte de las peleas  que se dieron a la bayoneta por los espa\u00f1oles y al sable por los dominicanos\u00bb, la victoria quedaba casi siempre a favor de los restauradores.<\/p>\n<p>      En opini\u00f3n del pr\u00f3cer de la Restauraci\u00f3n Gregorio Luper\u00f3n, \u00abEl soldado espa\u00f1ol  era valiente, arrojado y sufrido\u00bb y \u00abel dominicano era audaz, intr\u00e9pido y persistente\u00bb.<\/p>\n<p>     Gregorio Luper\u00f3n apunta que  el  Ej\u00e9rcito espa\u00f1ol perdi\u00f3 18 mil espa\u00f1oles, sin contar los de las reservas dominicanas ni los voluntarios de Cuba y de Puerto Rico, que no se contaban en el n\u00famero de los muertos de Espa\u00f1a.<\/p>\n<p>     De acuerdo con la versi\u00f3n del  pr\u00f3cer de la Restauraci\u00f3n: \u00abLos dominicanos perdieron  m\u00e1s de cuatro mil hombres, sin contar tampoco los que murieron en las filas de los espa\u00f1oles, porque en aquella circunstancia aquellos desgraciados, no eran ni dominicanos ni espa\u00f1oles. Eran los ilotas de la fatalidad y del destino\u00bb. (sic)<\/p>\n<\/p>\n<h6> 2020-09-09 01:39:52 <\/h6>\n<p><!--\n<link rel=\"stylesheet\" href=\"css\/bootstrap.min.css\">\n\n\n<ul class=\"pagination\">\n\t    \n\t\n\n<li >\n\t<a href='?page_no=231'>Previous<\/a>\n\t<\/li>\n\n\n       \n    \n\n<li><a href='?page_no=1'>1<\/a><\/li>\n\n\n\n<li><a href='?page_no=2'>2<\/a><\/li>\n\n\n\n<li><a>...<\/a><\/li>\n\n\n\n<li><a href='?page_no=230'>230<\/a><\/li>\n\n\n\n<li><a href='?page_no=231'>231<\/a><\/li>\n\n\n\n<li class='active'><a>232<\/a><\/li>\n\n\n\n<li><a href='?page_no=233'>233<\/a><\/li>\n\n\n\n<li><a href='?page_no=234'>234<\/a><\/li>\n\n\n\n<li><a>...<\/a><\/li>\n\n\n\n<li><a href='?page_no=22911'>22911<\/a><\/li>\n\n\n\n<li><a href='?page_no=22912'>22912<\/a><\/li>\n\n    \n\t\n\n<li >\n\t<a href='?page_no=233'>Next<\/a>\n\t<\/li>\n\n\n    \n\n<li><a href='?page_no=22912'>Last &rsaquo;&rsaquo;<\/a><\/li>\n\n<\/ul>\n\n\n--><br \/>\n<\/body><\/p>\n","protected":false},"excerpt":{"rendered":"<p>Diariodominicano.com Llegan de Cuba refuerzos de Espa\u00f1a para reforzar su ej\u00e9rcito en la guerra de la Restauraci\u00f3n El 9 de septiembre de 1863 desembarc\u00f3 en Puerto Plata, el Segundo Regimiento del Rey, comandado por el brigadier Rafael Primo de Rivera. El nuevo refuerzo militar espa\u00f1ol vino procedente de la Habana, Cuba, en el vapor de [&hellip;]<\/p>\n","protected":false},"author":3,"featured_media":0,"comment_status":"open","ping_status":"open","sticky":false,"template":"","format":"standard","meta":{"footnotes":""},"categories":[21],"tags":[],"class_list":["post-49707","post","type-post","status-publish","format-standard","hentry","category-cultura"],"_links":{"self":[{"href":"https:\/\/diariodominicano.com\/index.php?rest_route=\/wp\/v2\/posts\/49707","targetHints":{"allow":["GET"]}}],"collection":[{"href":"https:\/\/diariodominicano.com\/index.php?rest_route=\/wp\/v2\/posts"}],"about":[{"href":"https:\/\/diariodominicano.com\/index.php?rest_route=\/wp\/v2\/types\/post"}],"author":[{"embeddable":true,"href":"https:\/\/diariodominicano.com\/index.php?rest_route=\/wp\/v2\/users\/3"}],"replies":[{"embeddable":true,"href":"https:\/\/diariodominicano.com\/index.php?rest_route=%2Fwp%2Fv2%2Fcomments&post=49707"}],"version-history":[{"count":0,"href":"https:\/\/diariodominicano.com\/index.php?rest_route=\/wp\/v2\/posts\/49707\/revisions"}],"wp:attachment":[{"href":"https:\/\/diariodominicano.com\/index.php?rest_route=%2Fwp%2Fv2%2Fmedia&parent=49707"}],"wp:term":[{"taxonomy":"category","embeddable":true,"href":"https:\/\/diariodominicano.com\/index.php?rest_route=%2Fwp%2Fv2%2Fcategories&post=49707"},{"taxonomy":"post_tag","embeddable":true,"href":"https:\/\/diariodominicano.com\/index.php?rest_route=%2Fwp%2Fv2%2Ftags&post=49707"}],"curies":[{"name":"wp","href":"https:\/\/api.w.org\/{rel}","templated":true}]}}