{"id":497041,"date":"2023-12-20T09:31:12","date_gmt":"2023-12-20T13:31:12","guid":{"rendered":"https:\/\/diariodominicano.com\/?p=497041"},"modified":"2023-12-20T10:13:05","modified_gmt":"2023-12-20T14:13:05","slug":"carta-abierta-de-bartolome-pujals","status":"publish","type":"post","link":"https:\/\/diariodominicano.com\/?p=497041","title":{"rendered":"Carta abierta de Bartolom\u00e9 Pujals"},"content":{"rendered":"\n<p>Bartolom\u00e9 Pujals<\/p>\n\n\n\n<p><strong>CARTA ABIERTA<\/strong><\/p>\n\n\n\n<p><strong>A LA OPINI\u00d3N P\u00daBLICA<\/strong><\/p>\n\n\n\n<p>15 de diciembre de 2023<\/p>\n\n\n\n<p>Estoy aqu\u00ed, Bartolom\u00e9 Pujals.<\/p>\n\n\n\n<p>Estoy aqu\u00ed como en los \u00faltimos 16 a\u00f1os de mi vida p\u00fablica, de cara al sol y con la verdad. Estoy aqu\u00ed como Bartolom\u00e9 Pujals, el activista, el pol\u00edtico, el abogado y hoy director general de la OGTIC, instituci\u00f3n que en los \u00faltimos d\u00edas ha sido cuestionada sin fundamentos por procesos cotidianos de compras y contrataciones. Dichos cuestionamientos han trascendido lo institucional, interpelando mi honra y buen accionar. Es por esto que escribo estas l\u00edneas, simplemente como el ciudadano que soy.<\/p>\n\n\n\n<p>Como ciudadano, durante muchos a\u00f1os mantuve un activismo en defensa de los mejores intereses del pa\u00eds, estuve en la lucha por el 4% para la educaci\u00f3n, en la lucha activa contra la corrupci\u00f3n y la impunidad, en defensa de los derechos de todos. Como abogado que soy, tengo claro que el derecho a la libre expresi\u00f3n tiene una dimensi\u00f3n pasiva que no lo hace menos importante: el derecho a proveer informaci\u00f3n veraz.<\/p>\n\n\n\n<p>Mi compromiso con la libertad de expresi\u00f3n es firme, es por esta raz\u00f3n que considero oportuno reiterar a trav\u00e9s de este comunicado, que no he enviado una intimaci\u00f3n a ning\u00fan medio, periodista o comunicador, ni ning\u00fan acto de aguacil o documento de indole jur\u00eddica contra nadie, por el contrario, lo que envi\u00e9 fue una carta\/informe de 11 p\u00e1ginas, explic\u00e1ndole todos los detalles del proceso. En el pleno ejercicio de r\u00e9plica que me asiste, el informe institucional enviado invitaba a la lectura y rectificaci\u00f3n a partir de las informaciones suministradas, de modo que se le proveyera a la ciudadan\u00eda, la informaci\u00f3n de fuente primaria donde se muestra que no ha habido ninguna violaci\u00f3n institucional o personal a la ley de compras y contrataciones p\u00fablicas.<\/p>\n\n\n\n<p>Aqu\u00ed quiero detallar, las informaciones falsas esgrimidas sobre todo este procedimiento:<\/p>\n\n\n\n<p>1. Falso: \u201cBartolom\u00e9 Pujals viola la ley de compras\u201d.<\/p>\n\n\n\n<p>Verdadero: La \u00fanica manera de que alguien pueda afirmar algo as\u00ed, es si hubiese un acto administrativo de la DGCP, anulando el proceso, o una sentencia del Tribunal Superior Administrativo.<\/p>\n\n\n\n<p>2. Falso: \u201cLa DGCP cancel\u00f3 el proceso\u201d.<\/p>\n\n\n\n<p>Verdadero:&nbsp; El proceso de compras en cuesti\u00f3n lo cancel\u00f3 la misma OGTIC, el lunes 11 de diciembre, antes de que cualquier medio se refiriera a este proceso.<\/p>\n\n\n\n<p>3. Falso: \u201cHay m\u00e1s empresas que pod\u00edan proveer el servicio.\u201d<\/p>\n\n\n\n<p>Verdadero: Al d\u00eda de hoy no existe una sola empresa que haya manifestado inter\u00e9s, que haya depositado una impugnaci\u00f3n o denuncia o&nbsp; siquiera acercarse a la instituci\u00f3n.<\/p>\n\n\n\n<p>4. Falso: \u201cNo explicaron las razones de por qu\u00e9 era un proceso por excepci\u00f3n con la modalidad proveedor \u00fanico.\u201d<\/p>\n\n\n\n<p>Verdadero: En el portal transaccional de la DGPC, reposa un informe pericial donde explica en detalles las razones que justifican la modalidad de compras explicadas. (Les invito a ver el informe en un tuit anterior que publiqu\u00e9)<\/p>\n\n\n\n<p>Estas explicaciones se encuentran en los documentos y evidencias del proceso, en el informe institucional compartido el d\u00eda 13 de diciembre, desde la OGTIC.<\/p>\n\n\n\n<p>Agradezco la oportunidad de servir al pa\u00eds, desde una instituci\u00f3n como la OGTIC que ha priorizado el servicio ciudadano, que durante tres trimestres consecutivos, es decir el tiempo que llevo en el cargo, ha sido reconocida por la DIGEIG con una puntuaci\u00f3n de 100% en transparencia, lo cual evidencia que mi compromiso no es un discurso, sino hechos.<\/p>\n\n\n\n<p>Aprovecho estas l\u00edneas para motivar a continuar el ejercicio de veedur\u00eda ciudadana, a cuestionar y preguntar en qu\u00e9 se invierten los recursos del Estado, yo siempre estar\u00e9 con las puertas abiertas dispuestos a compartir y socializar todas las informaciones referentes a mi rol en el servicio p\u00fablico.<\/p>\n\n\n\n<p>Gabinete Innovacion<a target=\"_blank\" href=\"mailto:prensagabinetedeinnovacion@gmail.com\" rel=\"noreferrer noopener\">prensagabinetedeinnovacion@gmail.com<\/a><\/p>\n","protected":false},"excerpt":{"rendered":"<p>Bartolom\u00e9 Pujals CARTA ABIERTA A LA OPINI\u00d3N P\u00daBLICA 15 de diciembre de 2023 Estoy aqu\u00ed, Bartolom\u00e9 Pujals. Estoy aqu\u00ed como en los \u00faltimos 16 a\u00f1os de mi vida p\u00fablica, de cara al sol y con la verdad. Estoy aqu\u00ed como Bartolom\u00e9 Pujals, el activista, el pol\u00edtico, el abogado y hoy director general de la OGTIC, [&hellip;]<\/p>\n","protected":false},"author":28,"featured_media":497042,"comment_status":"closed","ping_status":"closed","sticky":true,"template":"","format":"standard","meta":{"footnotes":""},"categories":[36,20,22,27],"tags":[],"class_list":["post-497041","post","type-post","status-publish","format-standard","has-post-thumbnail","hentry","category-hombresmujeresycosas","category-dominicana-hoy","category-politica","category-portada"],"_links":{"self":[{"href":"https:\/\/diariodominicano.com\/index.php?rest_route=\/wp\/v2\/posts\/497041","targetHints":{"allow":["GET"]}}],"collection":[{"href":"https:\/\/diariodominicano.com\/index.php?rest_route=\/wp\/v2\/posts"}],"about":[{"href":"https:\/\/diariodominicano.com\/index.php?rest_route=\/wp\/v2\/types\/post"}],"author":[{"embeddable":true,"href":"https:\/\/diariodominicano.com\/index.php?rest_route=\/wp\/v2\/users\/28"}],"replies":[{"embeddable":true,"href":"https:\/\/diariodominicano.com\/index.php?rest_route=%2Fwp%2Fv2%2Fcomments&post=497041"}],"version-history":[{"count":2,"href":"https:\/\/diariodominicano.com\/index.php?rest_route=\/wp\/v2\/posts\/497041\/revisions"}],"predecessor-version":[{"id":497045,"href":"https:\/\/diariodominicano.com\/index.php?rest_route=\/wp\/v2\/posts\/497041\/revisions\/497045"}],"wp:featuredmedia":[{"embeddable":true,"href":"https:\/\/diariodominicano.com\/index.php?rest_route=\/wp\/v2\/media\/497042"}],"wp:attachment":[{"href":"https:\/\/diariodominicano.com\/index.php?rest_route=%2Fwp%2Fv2%2Fmedia&parent=497041"}],"wp:term":[{"taxonomy":"category","embeddable":true,"href":"https:\/\/diariodominicano.com\/index.php?rest_route=%2Fwp%2Fv2%2Fcategories&post=497041"},{"taxonomy":"post_tag","embeddable":true,"href":"https:\/\/diariodominicano.com\/index.php?rest_route=%2Fwp%2Fv2%2Ftags&post=497041"}],"curies":[{"name":"wp","href":"https:\/\/api.w.org\/{rel}","templated":true}]}}