{"id":49696,"date":"2020-09-09T01:44:10","date_gmt":"2020-09-09T01:44:10","guid":{"rendered":"http:\/\/diariodominicano.ddns.net\/?p=49696"},"modified":"2020-09-09T01:44:10","modified_gmt":"2020-09-09T01:44:10","slug":"fundada-la-universidad-catolica-madre-y-maestra-de-santiago","status":"publish","type":"post","link":"https:\/\/diariodominicano.com\/?p=49696","title":{"rendered":"Fundada la Universidad Cat\u00f3lica Madre y Maestra de Santiago"},"content":{"rendered":"<p><body><\/p>\n<p><img decoding=\"async\" src=\"img3\/Hugo Eduardo pb.jpg\" \/><br \/><img decoding=\"async\" src=\"img3\/Agripino monsenor.jpg\" \/><br \/><img decoding=\"async\" src=\"img3\/pepen monsenor.jpg\" \/>  <\/p>\n<p><strong>Diariodominicano.com<\/strong><\/p>\n<p><strong>Monse\u00f1or Hugo Eduardo Polanco Brito, el primer Rector de la UCMM.<\/strong><\/p>\n<p><strong>Fundada la Universidad Cat\u00f3lica Madre y Maestra en ciudad Santiago<\/strong><\/p>\n<p><strong>La UCMM fue  la primera universidad privada  creada en la Rep\u00fablica Dominicana, tras  la ca\u00edda de la dictadura de Rafael Le\u00f3nidas Trujillo Molina. Cuando el dictador fue asesinado la noche del 30 de mayo de 1961, s\u00f3lo operaba en el pa\u00eds como instituci\u00f3n de educaci\u00f3n superior la Universidad de Santo Domingo, que ten\u00eda una poblaci\u00f3n estudiantil que apenas sobrepasaba los tres mil alumnos.<\/strong><\/p>\n<\/p>\n<p><strong>Por H\u00e9ctor Tineo Nolasco<\/strong><\/p>\n<p><strong>Diariodominicano.com<\/strong><\/p>\n<p><strong> <\/strong><\/p>\n<p><strong>SANTIAGO DE LOS CABALLEROS, el 9 de septiembre de 1962,<\/strong> la Conferencia del Episcopado Dominicano fund\u00f3  en la ciudad de Santiago de los Caballeros, la Universidad Cat\u00f3lica Madre y Maestra.<\/p>\n<p><strong>Monse\u00f1or Juan F\u00e9lix Pep\u00e9n, el segundo Rector de UCMM,  permaneci\u00f3 en el cargo durante un a\u00f1o.<\/strong><\/p>\n<\/p>\n<p> La UCMM fue la primera universidad privada  creada en la Rep\u00fablica Dominicana, tras  la ca\u00edda de la dictadura de Rafael Le\u00f3nidas Trujillo Molina. Cuando el dictador fue asesinado la noche del 30 de mayo de 1961, s\u00f3lo operaba en el pa\u00eds como instituci\u00f3n de educaci\u00f3n superior la Universidad de Santo Domingo, que ten\u00eda una poblaci\u00f3n estudiantil que apenas sobrepasaba los tres mil.<\/p>\n<p>    En sus inicios la Universidad Cat\u00f3lica Madre y Maestra, ofrec\u00eda las carreras de Derecho, Educaci\u00f3n y Filosof\u00eda, con una comunidad de 60 estudiantes y 15 profesores. <\/p>\n<p><strong>A la Rector\u00eda de monse\u00f1or Juan F\u00e9lix Pep\u00e9n sigui\u00f3 la de monse\u00f1or Roque Adames Rodr\u00edguez. En el a\u00f1o 1970 fue sustituido por Monse\u00f1or Agripino N\u00fa\u00f1ez Collado, quien estuvo en el cargo hasta el 15 de enero de 2015, cuando fue reemplazado por el sacerdote Ram\u00f3n Alfredo de la Cruz.<\/strong><\/p>\n<\/p>\n<p><strong>La Universidad tuvo como primera sede  una casa de madera situada en la avenida M\u00e1ximo G\u00f3mez de Santiago.<\/strong><\/p>\n<\/p>\n<p>    El Primer Rector fue monse\u00f1or Hugo Eduardo Polanco Brito, quien desempe\u00f1\u00f3 el cargo hasta el a\u00f1o 1967. Fue sustituido por monse\u00f1or Juan F\u00e9lix Pep\u00e9n, quien permaneci\u00f3 en el cargo durante un a\u00f1o.<\/p>\n<p>     A la Rector\u00eda de monse\u00f1or  Juan F\u00e9lix Pep\u00e9n sigui\u00f3 la de monse\u00f1or Roque Adames Rodr\u00edguez, quien en el a\u00f1o 1970 fue sustituido por el Rector Monse\u00f1or Agripino N\u00fa\u00f1ez Collado, quien estuvo  en el cargo hasta el 15 de enero de 2015, cuando  fue reemplazado por el sacerdote Ram\u00f3n  Alfredo de la Cruz.<\/p>\n<p>     En el a\u00f1o 1987, el Papa Juan Pablo Segundo la reconoci\u00f3 la universidad como Pontificia y Cat\u00f3lica, en la celebraci\u00f3n del Jubileo de Puerto Plata, con ocasi\u00f3n de la instituci\u00f3n acad\u00e9mica cumplir 25 a\u00f1os.<\/p>\n<p>     El campo central de la PUCMM est\u00e1 en Santiago  de los Caballeros y en Santo Domingo, tiene el Recinto Santo Tom\u00e1s de Aquino.<\/p>\n<p>      Cincuenta y dos  a\u00f1os despu\u00e9s de su fundaci\u00f3n, la Pontificia Universidad Cat\u00f3lica Madre y Maestra, es de las entidades acad\u00e9micas dominicanas que disfruta de mayor prestigio.<\/p>\n<p><strong> <\/strong><\/p>\n<p><strong>Nueva Rector\u00eda<\/strong><\/p>\n<\/p>\n<p>N\u00fa\u00f1ez Collado ha estado vinculado a la instituci\u00f3n desde sus inicios en 1962, cuando fue fundada como la Universidad Cat\u00f3lica Madre y Maestra (UCMM).<\/p>\n<\/p>\n<p>El religioso se desempe\u00f1\u00f3 como profesor en 1962 y luego fue designado vicerrector en 1963 hasta 1970, a\u00f1o en que asumi\u00f3 la rector\u00eda de la universidad. <\/p>\n<p>Adem\u00e1s es presidente del Consejo Econ\u00f3mico y Social (CES) y coordinador del Di\u00e1logo Nacional.<\/p>\n<\/p>\n<p>La solicitud para designar a De la Cruz en lugar de N\u00fa\u00f1ez Collado fue acogida por el Vaticano y la aprobaci\u00f3n fue enviada desde Roma y le\u00edda ante la Conferencia del Episcopado Dominicano. El per\u00edodo por el que fue escogido es por cuatro a\u00f1os. El nuevo rector desempe\u00f1aba  igual funci\u00f3n en la Universidad Cat\u00f3lica Nordestana.<\/p>\n<\/p>\n<p>De la Cruz Baldera,  naci\u00f3 de San Francisco de Macor\u00eds. Es un acad\u00e9mico, con una concentraci\u00f3n en teol\u00f3gica y afici\u00f3n a la tecnolog\u00eda.<\/p>\n<\/p>\n<p>En el a\u00f1o 2013 fue juramentado como presidente de la Asociaci\u00f3n Dominicana de Rectores de Universidades (ADRU).<\/p>\n<\/p>\n<\/p>\n<h6> 2020-09-09 01:44:10 <\/h6>\n<p><!--\n<link rel=\"stylesheet\" href=\"css\/bootstrap.min.css\">\n\n\n<ul class=\"pagination\">\n\t    \n\t\n\n<li >\n\t<a href='?page_no=230'>Previous<\/a>\n\t<\/li>\n\n\n       \n    \n\n<li><a href='?page_no=1'>1<\/a><\/li>\n\n\n\n<li><a href='?page_no=2'>2<\/a><\/li>\n\n\n\n<li><a>...<\/a><\/li>\n\n\n\n<li><a href='?page_no=229'>229<\/a><\/li>\n\n\n\n<li><a href='?page_no=230'>230<\/a><\/li>\n\n\n\n<li class='active'><a>231<\/a><\/li>\n\n\n\n<li><a href='?page_no=232'>232<\/a><\/li>\n\n\n\n<li><a href='?page_no=233'>233<\/a><\/li>\n\n\n\n<li><a>...<\/a><\/li>\n\n\n\n<li><a href='?page_no=22911'>22911<\/a><\/li>\n\n\n\n<li><a href='?page_no=22912'>22912<\/a><\/li>\n\n    \n\t\n\n<li >\n\t<a href='?page_no=232'>Next<\/a>\n\t<\/li>\n\n\n    \n\n<li><a href='?page_no=22912'>Last &rsaquo;&rsaquo;<\/a><\/li>\n\n<\/ul>\n\n\n--><br \/>\n<\/body><\/p>\n","protected":false},"excerpt":{"rendered":"<p>Diariodominicano.com Monse\u00f1or Hugo Eduardo Polanco Brito, el primer Rector de la UCMM. Fundada la Universidad Cat\u00f3lica Madre y Maestra en ciudad Santiago La UCMM fue la primera universidad privada creada en la Rep\u00fablica Dominicana, tras la ca\u00edda de la dictadura de Rafael Le\u00f3nidas Trujillo Molina. Cuando el dictador fue asesinado la noche del 30 de [&hellip;]<\/p>\n","protected":false},"author":3,"featured_media":0,"comment_status":"open","ping_status":"open","sticky":false,"template":"","format":"standard","meta":{"footnotes":""},"categories":[21],"tags":[],"class_list":["post-49696","post","type-post","status-publish","format-standard","hentry","category-cultura"],"_links":{"self":[{"href":"https:\/\/diariodominicano.com\/index.php?rest_route=\/wp\/v2\/posts\/49696","targetHints":{"allow":["GET"]}}],"collection":[{"href":"https:\/\/diariodominicano.com\/index.php?rest_route=\/wp\/v2\/posts"}],"about":[{"href":"https:\/\/diariodominicano.com\/index.php?rest_route=\/wp\/v2\/types\/post"}],"author":[{"embeddable":true,"href":"https:\/\/diariodominicano.com\/index.php?rest_route=\/wp\/v2\/users\/3"}],"replies":[{"embeddable":true,"href":"https:\/\/diariodominicano.com\/index.php?rest_route=%2Fwp%2Fv2%2Fcomments&post=49696"}],"version-history":[{"count":0,"href":"https:\/\/diariodominicano.com\/index.php?rest_route=\/wp\/v2\/posts\/49696\/revisions"}],"wp:attachment":[{"href":"https:\/\/diariodominicano.com\/index.php?rest_route=%2Fwp%2Fv2%2Fmedia&parent=49696"}],"wp:term":[{"taxonomy":"category","embeddable":true,"href":"https:\/\/diariodominicano.com\/index.php?rest_route=%2Fwp%2Fv2%2Fcategories&post=49696"},{"taxonomy":"post_tag","embeddable":true,"href":"https:\/\/diariodominicano.com\/index.php?rest_route=%2Fwp%2Fv2%2Ftags&post=49696"}],"curies":[{"name":"wp","href":"https:\/\/api.w.org\/{rel}","templated":true}]}}