{"id":496914,"date":"2023-12-19T15:14:04","date_gmt":"2023-12-19T19:14:04","guid":{"rendered":"https:\/\/diariodominicano.com\/?p=496914"},"modified":"2023-12-19T15:16:14","modified_gmt":"2023-12-19T19:16:14","slug":"el-director-de-defensa-publica-llama-a-no-apoyar-cualquier-aspiracion-del-pastor-y-politico-dio-astacio","status":"publish","type":"post","link":"https:\/\/diariodominicano.com\/?p=496914","title":{"rendered":"El Director de Defensa P\u00fablica llama a no apoyar cualquier aspiraci\u00f3n del Pastor y pol\u00edtico Dio Astacio"},"content":{"rendered":"\n<p>Afirma el  pastor evang\u00e9lico y candidato a alcalde del PRM en Santo Domingo Este Dio Astacio  ha desafiado directamente los principios fundamentales que rigen la Defensa P\u00fablica en la Rep\u00fablica Dominicana.<\/p>\n\n\n\n<p><strong>Santo Domingo, RD. &#8211;<\/strong>\u00a0En un contundente llamado a la coherencia y respeto a la constituci\u00f3n y la ley, el Director Nacional de Defensa P\u00fablica (ONDP), Licenciado Rodolfo Valent\u00edn Santos, insta a todos los defensores p\u00fablicos, colaboradores, imputados y sus familiares a no respaldar las aspiraciones del candidato a alcalde, el pastor Dio Astacio.<\/p>\n\n\n\n<figure class=\"wp-block-image size-full is-resized\"><img loading=\"lazy\" decoding=\"async\" src=\"https:\/\/diariodominicano.com\/wp-content\/uploads\/2022\/05\/DIO-ASTACIO.jpg\" alt=\"\" class=\"wp-image-354898\" width=\"616\" height=\"465\" srcset=\"https:\/\/diariodominicano.com\/wp-content\/uploads\/2022\/05\/DIO-ASTACIO.jpg 635w, https:\/\/diariodominicano.com\/wp-content\/uploads\/2022\/05\/DIO-ASTACIO-300x227.jpg 300w\" sizes=\"auto, (max-width: 616px) 100vw, 616px\" \/><figcaption>Dio Astacio<\/figcaption><\/figure>\n\n\n\n<p>La posici\u00f3n del Sr. Astacio, expresada recientemente en un programa de televisi\u00f3n, ha desafiado directamente los principios fundamentales que rigen la Defensa P\u00fablica en la Rep\u00fablica Dominicana, al desconocer el art\u00edculo 176 de la Constituci\u00f3n , que garantiza la tutela a la asistencia legal gratuita y de calidad para aquellos que no cuentan con un abogado, y la ley 277-04, que regula la organizaci\u00f3n y funcionamiento del Servicio de Defensa P\u00fablica, el candidato demuestra un desconocimiento alarmante de las leyes que regulan la justicia en nuestro pa\u00eds.<\/p>\n\n\n\n<p>El Sr. Astacio ha afirmado p\u00fablicamente que la Defensa P\u00fablica no deber\u00eda asistir legalmente a personas en prisi\u00f3n preventiva o condenada en las c\u00e1rceles dominicanas, y ha desacreditado el servicio que brindan los defensores p\u00fablicos. Sus comentarios irresponsables y despectivos hacia los profesionales que cumplen con la noble tarea de garantizar el acceso a la justicia para todos son inaceptables.<\/p>\n\n\n\n<p>Invitamos al Sr. Astacio a visitar las c\u00e1rceles y llevar la palabra de Dios, no solo en discurso cegado por el poder, sino tambi\u00e9n en acciones concretas que demuestren compasi\u00f3n y solidaridad hacia aquellos que m\u00e1s lo necesitan.&nbsp;<\/p>\n\n\n\n<p>Es fundamental que un l\u00edder aspirante a ocupar una posici\u00f3n p\u00fablica, como la alcald\u00eda, comprenda la importancia de no aborrecer, discriminar, estigmatizar, a ciudadanos que no han tenido la oportunidad que ha tenido ese pastor, de recrearse en la miel del poder, tampoco debe crear divisiones divisiones est\u00e9riles en&nbsp; los ciudadanos, expres\u00f3, RodolfoValent\u00edn.<\/p>\n\n\n\n<p>El Director Nacional de Defensa P\u00fablica se\u00f1ala que un candidato que aboga por excluir a ciertos grupos vulnerables de la asistencia legal no merece el respaldo ni el voto de la comunidad.<\/p>\n\n\n\n<p>La falta de conocimiento y empat\u00eda hacia los dem\u00e1s no deber\u00eda permear en la mente de aquellos que aspiran a cargos p\u00fablicos. En cambio, se espera que planteen propuestas positivas para el desarrollo de la juventud y sus familias, contribuyendo as\u00ed al progreso y bienestar de la sociedad.<\/p>\n\n\n\n<p><strong>Sobre la Defensa P\u00fablica.<\/strong><\/p>\n\n\n\n<p>\u00a0La Defensa P\u00fablica es un servicio fundamental ofrecido en todo el territorio nacional, garantizando la gratuidad, f\u00e1cil acceso, igualdad, eficiencia y calidad en la asistencia legal para las personas imputadas que no cuentan con representaci\u00f3n legal. La Oficina Nacional de Defensa P\u00fablica opera bajo las disposiciones de la Ley 277-04, la cual regula su organizaci\u00f3n y funcionamiento.<\/p>\n\n\n\n<p>manuel meccariello<a target=\"_blank\" href=\"mailto:mmeccariello@gmail.com\" rel=\"noreferrer noopener\">mmeccariello@gmail.com<\/a><\/p>\n","protected":false},"excerpt":{"rendered":"<p>Afirma el pastor evang\u00e9lico y candidato a alcalde del PRM en Santo Domingo Este Dio Astacio ha desafiado directamente los principios fundamentales que rigen la Defensa P\u00fablica en la Rep\u00fablica Dominicana. Santo Domingo, RD. &#8211;\u00a0En un contundente llamado a la coherencia y respeto a la constituci\u00f3n y la ley, el Director Nacional de Defensa P\u00fablica [&hellip;]<\/p>\n","protected":false},"author":28,"featured_media":496918,"comment_status":"closed","ping_status":"","sticky":true,"template":"","format":"standard","meta":{"footnotes":""},"categories":[36,22,27],"tags":[],"class_list":["post-496914","post","type-post","status-publish","format-standard","has-post-thumbnail","hentry","category-hombresmujeresycosas","category-politica","category-portada"],"_links":{"self":[{"href":"https:\/\/diariodominicano.com\/index.php?rest_route=\/wp\/v2\/posts\/496914","targetHints":{"allow":["GET"]}}],"collection":[{"href":"https:\/\/diariodominicano.com\/index.php?rest_route=\/wp\/v2\/posts"}],"about":[{"href":"https:\/\/diariodominicano.com\/index.php?rest_route=\/wp\/v2\/types\/post"}],"author":[{"embeddable":true,"href":"https:\/\/diariodominicano.com\/index.php?rest_route=\/wp\/v2\/users\/28"}],"replies":[{"embeddable":true,"href":"https:\/\/diariodominicano.com\/index.php?rest_route=%2Fwp%2Fv2%2Fcomments&post=496914"}],"version-history":[{"count":3,"href":"https:\/\/diariodominicano.com\/index.php?rest_route=\/wp\/v2\/posts\/496914\/revisions"}],"predecessor-version":[{"id":496921,"href":"https:\/\/diariodominicano.com\/index.php?rest_route=\/wp\/v2\/posts\/496914\/revisions\/496921"}],"wp:featuredmedia":[{"embeddable":true,"href":"https:\/\/diariodominicano.com\/index.php?rest_route=\/wp\/v2\/media\/496918"}],"wp:attachment":[{"href":"https:\/\/diariodominicano.com\/index.php?rest_route=%2Fwp%2Fv2%2Fmedia&parent=496914"}],"wp:term":[{"taxonomy":"category","embeddable":true,"href":"https:\/\/diariodominicano.com\/index.php?rest_route=%2Fwp%2Fv2%2Fcategories&post=496914"},{"taxonomy":"post_tag","embeddable":true,"href":"https:\/\/diariodominicano.com\/index.php?rest_route=%2Fwp%2Fv2%2Ftags&post=496914"}],"curies":[{"name":"wp","href":"https:\/\/api.w.org\/{rel}","templated":true}]}}