{"id":49685,"date":"2020-09-09T15:14:39","date_gmt":"2020-09-09T15:14:39","guid":{"rendered":"http:\/\/diariodominicano.ddns.net\/?p=49685"},"modified":"2020-09-09T15:14:39","modified_gmt":"2020-09-09T15:14:39","slug":"uasd-garantiza-disponibilidad-de-secciones-para-todos-sus-estudiantes","status":"publish","type":"post","link":"https:\/\/diariodominicano.com\/?p=49685","title":{"rendered":"UASD garantiza disponibilidad de secciones para todos sus estudiantes"},"content":{"rendered":"<p><body><\/p>\n<p><img decoding=\"async\" src=\"img3\/UASD-9-9-20.jpg\" \/>  <\/p>\n<p><strong><span class=\"text1noticias\">diariodominicano.com<\/span><\/strong><\/p>\n<p><strong> <\/strong><\/p>\n<p><strong><span class=\"text1noticias\">Santo Domingo, R. D., 9 de septiembre, 2020.-<\/span><\/strong><span class=\"text1noticias\"> La Universidad Aut\u00f3noma de Santo Domingo  garantiz\u00f3 este martes  la disponibilidad de suficientes secciones y que la instituci\u00f3n cuenta con una plataforma tecnol\u00f3gica que funciona a la perfecci\u00f3n,  para  que todos sus  estudiantes puedan cursar el semestre 2020-2, a iniciarse el 22 de septiembre en curso.<\/span><\/p>\n<p><span class=\"text1noticias\"> <\/span><\/p>\n<p><span class=\"text1noticias\">A trav\u00e9s de  una nota de prensa, el personal que coordina los trabajos tecnol\u00f3gicos de cara a la habilitaci\u00f3n del sistema de docencia virtual,  asegur\u00f3  que todos los estudiantes de esa academia estatal podr\u00e1n continuar con sus estudios, gracias al empe\u00f1o de la rectora, doctora Emma Polanco Melo.<\/span><\/p>\n<p><span class=\"text1noticias\"> <\/span><\/p>\n<p><span class=\"text1noticias\">Se\u00f1ala en el referido documento que est\u00e1n dadas las condiciones para que ninguno de los m\u00e1s de 200 mil estudiantes activos que tiene la Primera Universidad del Nuevo Mundo quede excluido durante el presente per\u00edodo de inscripci\u00f3n y selecci\u00f3n de asignaturas.<\/span><\/p>\n<p><span class=\"text1noticias\"> <\/span><\/p>\n<p><span class=\"text1noticias\">La casa de estudios superiores hace la aclaraci\u00f3n luego de que en los \u00faltimos d\u00edas circulara el rumor sobre el  supuesto colapso del sistema inform\u00e1tico  que sustenta el proceso de inscripci\u00f3n y reinscripci\u00f3n, versi\u00f3n que es totalmente falsa.<\/span><\/p>\n<p><span class=\"text1noticias\"> <\/span><\/p>\n<p><span class=\"text1noticias\">\u00abPor lo regular las secciones se van llenando y los alumnos tienden a pensar que el sistema tiene problemas, pero no es nada de eso, lo que ocurre es que a medida que esto sucede, la UASD abre nuevos cupos\u00bb, explic\u00f3 Melvin Qui\u00f1ones, director de Inform\u00e1tica de esa instituci\u00f3n acad\u00e9mica. <\/span><\/p>\n<p><span class=\"text1noticias\"> <\/span><\/p>\n<p><span class=\"text1noticias\">Preciso que, por instrucciones de la doctora Polanco Melo, se han  creado  para este semestre  m\u00e1s de 31 mil secciones de teor\u00eda y al menos 37 mil secciones de pr\u00e1cticas, lo que garantiza  que tan pronto  unas se llenan continuar\u00e1n abriendo m\u00e1s espacios hasta que todos los bachilleres se hayan inscrito.<\/span><\/p>\n<p><span class=\"text1noticias\"> <\/span><\/p>\n<p><span class=\"text1noticias\">\u00abLa Universidad est\u00e1 plenamente empoderada del proceso de inscripci\u00f3n y en la actualidad cuenta con la  infraestructura tecnol\u00f3gica requerida  para que el proceso funcione correctamente, tal como  ha venido sucediendo\u00bb,  agreg\u00f3 Qui\u00f1ones.<\/span><\/p>\n<p><span class=\"text1noticias\"> <\/span><\/p>\n<p><span class=\"text1noticias\">Fuente: <\/span>Relaciones P\u00fablicas <\/p>\n<h6> 2020-09-09 15:14:39 <\/h6>\n<p><!--\n<link rel=\"stylesheet\" href=\"css\/bootstrap.min.css\">\n\n\n<ul class=\"pagination\">\n\t    \n\t\n\n<li >\n\t<a href='?page_no=229'>Previous<\/a>\n\t<\/li>\n\n\n       \n    \n\n<li><a href='?page_no=1'>1<\/a><\/li>\n\n\n\n<li><a href='?page_no=2'>2<\/a><\/li>\n\n\n\n<li><a>...<\/a><\/li>\n\n\n\n<li><a href='?page_no=228'>228<\/a><\/li>\n\n\n\n<li><a href='?page_no=229'>229<\/a><\/li>\n\n\n\n<li class='active'><a>230<\/a><\/li>\n\n\n\n<li><a href='?page_no=231'>231<\/a><\/li>\n\n\n\n<li><a href='?page_no=232'>232<\/a><\/li>\n\n\n\n<li><a>...<\/a><\/li>\n\n\n\n<li><a href='?page_no=22911'>22911<\/a><\/li>\n\n\n\n<li><a href='?page_no=22912'>22912<\/a><\/li>\n\n    \n\t\n\n<li >\n\t<a href='?page_no=231'>Next<\/a>\n\t<\/li>\n\n\n    \n\n<li><a href='?page_no=22912'>Last &rsaquo;&rsaquo;<\/a><\/li>\n\n<\/ul>\n\n\n--><br \/>\n<\/body><\/p>\n","protected":false},"excerpt":{"rendered":"<p>diariodominicano.com Santo Domingo, R. D., 9 de septiembre, 2020.- La Universidad Aut\u00f3noma de Santo Domingo garantiz\u00f3 este martes la disponibilidad de suficientes secciones y que la instituci\u00f3n cuenta con una plataforma tecnol\u00f3gica que funciona a la perfecci\u00f3n, para que todos sus estudiantes puedan cursar el semestre 2020-2, a iniciarse el 22 de septiembre en curso. [&hellip;]<\/p>\n","protected":false},"author":3,"featured_media":0,"comment_status":"open","ping_status":"open","sticky":false,"template":"","format":"standard","meta":{"footnotes":""},"categories":[21],"tags":[],"class_list":["post-49685","post","type-post","status-publish","format-standard","hentry","category-cultura"],"_links":{"self":[{"href":"https:\/\/diariodominicano.com\/index.php?rest_route=\/wp\/v2\/posts\/49685","targetHints":{"allow":["GET"]}}],"collection":[{"href":"https:\/\/diariodominicano.com\/index.php?rest_route=\/wp\/v2\/posts"}],"about":[{"href":"https:\/\/diariodominicano.com\/index.php?rest_route=\/wp\/v2\/types\/post"}],"author":[{"embeddable":true,"href":"https:\/\/diariodominicano.com\/index.php?rest_route=\/wp\/v2\/users\/3"}],"replies":[{"embeddable":true,"href":"https:\/\/diariodominicano.com\/index.php?rest_route=%2Fwp%2Fv2%2Fcomments&post=49685"}],"version-history":[{"count":0,"href":"https:\/\/diariodominicano.com\/index.php?rest_route=\/wp\/v2\/posts\/49685\/revisions"}],"wp:attachment":[{"href":"https:\/\/diariodominicano.com\/index.php?rest_route=%2Fwp%2Fv2%2Fmedia&parent=49685"}],"wp:term":[{"taxonomy":"category","embeddable":true,"href":"https:\/\/diariodominicano.com\/index.php?rest_route=%2Fwp%2Fv2%2Fcategories&post=49685"},{"taxonomy":"post_tag","embeddable":true,"href":"https:\/\/diariodominicano.com\/index.php?rest_route=%2Fwp%2Fv2%2Ftags&post=49685"}],"curies":[{"name":"wp","href":"https:\/\/api.w.org\/{rel}","templated":true}]}}