{"id":496757,"date":"2023-12-19T11:57:33","date_gmt":"2023-12-19T15:57:33","guid":{"rendered":"https:\/\/diariodominicano.com\/?p=496757"},"modified":"2023-12-19T12:00:11","modified_gmt":"2023-12-19T16:00:11","slug":"wilhem-lemke-de-la-asociacion-de-industrias-de-haiti-pide-a-politicos-solucionar-crisis-que-frena-desarrollo-de-haiti","status":"publish","type":"post","link":"https:\/\/diariodominicano.com\/?p=496757","title":{"rendered":"Wilhem Lemke de la  Asociaci\u00f3n de Industrias de Hait\u00ed pide a pol\u00edticos solucionar crisis que frena desarrollo de Hait\u00ed"},"content":{"rendered":"\n<p>diariodominicano.com<\/p>\n\n\n\n<p>Puerto Pr\u00edncipe, 19 dic (Prensa Latina) El sector empresarial de Hait\u00ed pide hoy a los pol\u00edticos solucionar de manera urgente la crisis multifac\u00e9tica que afecta al pa\u00eds y obstaculiza su desarrollo.<\/p>\n\n\n\n<p>Wilhem Lemke, presidente de la Asociaci\u00f3n de Industrias de Hait\u00ed, lament\u00f3 que en cada ocasi\u00f3n las discusiones pol\u00edticas se detienen en seco mientras la situaci\u00f3n actual afecta a todos los sectores de la sociedad.<\/p>\n\n\n\n<p>\u201cB\u00e1sicamente, el problema es haitiano-haitiano. Como compatriotas, tenemos que dejar a un lado los intereses personales y anteponer el inter\u00e9s colectivo. No tengamos miedo de hacer sacrificios por el pa\u00eds\u201d, dijo el empresario al programa radial Magik 9.<\/p>\n\n\n\n<p>Lemke deplor\u00f3 que durante 2023 m\u00e1s de tres mil personas fueron asesinadas mientras la inseguridad e inestabilidad pol\u00edtica fueron especialmente dif\u00edciles para el sector.<\/p>\n\n\n\n<p>\u201cNuestra posici\u00f3n ante la crisis siempre ha sido clara e inequ\u00edvoca. Est\u00e1 claro que no hay ning\u00fan servicio a la poblaci\u00f3n. Nuestras discusiones no siempre son f\u00e1ciles con los gobernantes. Nuestros esfuerzos por mantener la actividad industrial y empresarial en el pa\u00eds pueden dar fe de nuestra determinaci\u00f3n de seguir adelante\u201d, asegur\u00f3.<\/p>\n\n\n\n<p>Asimismo, expres\u00f3 el descontento del gremio con la aplicaci\u00f3n del acuerdo gubernamental, que a su juicio no ha sido bien implementado, e insisti\u00f3 que no apoyan a un bando sobre otro, sino que est\u00e1n a favor del desarrollo econ\u00f3mico, industrial y de la poblaci\u00f3n.<\/p>\n\n\n\n<p>ro\/ane<\/p>\n\n\n\n<p><\/p>\n","protected":false},"excerpt":{"rendered":"<p>diariodominicano.com Puerto Pr\u00edncipe, 19 dic (Prensa Latina) El sector empresarial de Hait\u00ed pide hoy a los pol\u00edticos solucionar de manera urgente la crisis multifac\u00e9tica que afecta al pa\u00eds y obstaculiza su desarrollo. Wilhem Lemke, presidente de la Asociaci\u00f3n de Industrias de Hait\u00ed, lament\u00f3 que en cada ocasi\u00f3n las discusiones pol\u00edticas se detienen en seco mientras [&hellip;]<\/p>\n","protected":false},"author":5,"featured_media":496778,"comment_status":"closed","ping_status":"","sticky":true,"template":"","format":"standard","meta":{"footnotes":""},"categories":[112,23,27],"tags":[],"class_list":["post-496757","post","type-post","status-publish","format-standard","has-post-thumbnail","hentry","category-haiti","category-internacional","category-portada"],"_links":{"self":[{"href":"https:\/\/diariodominicano.com\/index.php?rest_route=\/wp\/v2\/posts\/496757","targetHints":{"allow":["GET"]}}],"collection":[{"href":"https:\/\/diariodominicano.com\/index.php?rest_route=\/wp\/v2\/posts"}],"about":[{"href":"https:\/\/diariodominicano.com\/index.php?rest_route=\/wp\/v2\/types\/post"}],"author":[{"embeddable":true,"href":"https:\/\/diariodominicano.com\/index.php?rest_route=\/wp\/v2\/users\/5"}],"replies":[{"embeddable":true,"href":"https:\/\/diariodominicano.com\/index.php?rest_route=%2Fwp%2Fv2%2Fcomments&post=496757"}],"version-history":[{"count":1,"href":"https:\/\/diariodominicano.com\/index.php?rest_route=\/wp\/v2\/posts\/496757\/revisions"}],"predecessor-version":[{"id":496779,"href":"https:\/\/diariodominicano.com\/index.php?rest_route=\/wp\/v2\/posts\/496757\/revisions\/496779"}],"wp:featuredmedia":[{"embeddable":true,"href":"https:\/\/diariodominicano.com\/index.php?rest_route=\/wp\/v2\/media\/496778"}],"wp:attachment":[{"href":"https:\/\/diariodominicano.com\/index.php?rest_route=%2Fwp%2Fv2%2Fmedia&parent=496757"}],"wp:term":[{"taxonomy":"category","embeddable":true,"href":"https:\/\/diariodominicano.com\/index.php?rest_route=%2Fwp%2Fv2%2Fcategories&post=496757"},{"taxonomy":"post_tag","embeddable":true,"href":"https:\/\/diariodominicano.com\/index.php?rest_route=%2Fwp%2Fv2%2Ftags&post=496757"}],"curies":[{"name":"wp","href":"https:\/\/api.w.org\/{rel}","templated":true}]}}