{"id":496729,"date":"2023-12-19T12:12:30","date_gmt":"2023-12-19T16:12:30","guid":{"rendered":"https:\/\/diariodominicano.com\/?p=496729"},"modified":"2023-12-19T12:12:30","modified_gmt":"2023-12-19T16:12:30","slug":"janet-camilo-la-alcaldesa-no-esta-interesada-en-trabajar-por-el-dn-y-asi-lo-confirmo-abinader","status":"publish","type":"post","link":"https:\/\/diariodominicano.com\/?p=496729","title":{"rendered":"Janet Camilo: \u201cLa alcaldesa no est\u00e1 interesada en trabajar por el DN y as\u00ed lo confirm\u00f3 Abinader\u201d"},"content":{"rendered":"\n<p><strong>Distrito Nacional. &#8211;<\/strong>&nbsp;La candidata a vicealcaldesa por la alianza Rescate RD, del Distrito Nacional, Janet Camilo, reaccion\u00f3 a las declaraciones del presidente de la Rep\u00fablica, Luis Abinader, quien expres\u00f3 que, Carolina Mej\u00eda acept\u00f3 ser la candidata, otra vez, a la Alcald\u00eda de la referida demarcaci\u00f3n, porque as\u00ed se lo pidi\u00f3 \u00e9l.<\/p>\n\n\n\n<p>\u201cLa candidata del Partido Revolucionario Moderno no est\u00e1 interesada en trabajar para mejorar la calidad de vida de los ciudadanos del Distrito, ni le duele ver las situaciones que debemos afrontar cada vez que cae un aguacero y se inundan las calles de nuestra ciudad, esto, sumado a otras problem\u00e1ticas que nos afectan y que la alcaldesa ya deber\u00eda haber resuelto; y as\u00ed qued\u00f3 confirmado este fin de semana con las declaraciones del presidente Abinader\u201d, expres\u00f3 Camilo.<\/p>\n\n\n\n<p>En ese sentido, Camilo reiter\u00f3 que tanto ella como Domingo Contreras, candidato a alcalde y su compa\u00f1ero de boleta para el periodo electoral municipal 2024, tienen un amplio programa de trabajo para ser implementado en el Distrito y mejorar las condiciones y calidad de vida de los habitantes de este territorio. &nbsp;<\/p>\n\n\n\n<p>La tambi\u00e9n&nbsp;presidenta en funciones del Partido Revolucionario Dominicano (PRD), expres\u00f3 que algunos de los temas que ser\u00edan priorizados en la administraci\u00f3n de Domingo Contreras en la Alcald\u00eda del Distrito, est\u00e1 la soluci\u00f3n integral del drenaje pluvial de la capital, que incluir\u00eda la creaci\u00f3n de un Centro de Inteligencia Territorial para monitorear todo el proceso clim\u00e1tico; tambi\u00e9n, mapa de puntos cr\u00edticos y asignar brigadas especiales.<\/p>\n\n\n\n<p>El programa de trabajo de Contreras, tambi\u00e9n aborda temas relativos a la recolecci\u00f3n y manejo de la recolecci\u00f3n de los residuos s\u00f3lidos, propuestas para impulsar la industria y programas de educaci\u00f3n ciudadana para tales fines. Adem\u00e1s, el correcto asfalto de las calles para facilitar el flujo de las aguas pluviales, construcci\u00f3n de aceras y el arbolado de la ciudad para reducir la temperatura.<\/p>\n\n\n\n<p><strong>Direcci\u00f3n de Relaciones P\u00fablicas y Comunicaciones<\/strong> <strong>de Janet Camilo<\/strong> <\/p>\n","protected":false},"excerpt":{"rendered":"<p>Distrito Nacional. &#8211;&nbsp;La candidata a vicealcaldesa por la alianza Rescate RD, del Distrito Nacional, Janet Camilo, reaccion\u00f3 a las declaraciones del presidente de la Rep\u00fablica, Luis Abinader, quien expres\u00f3 que, Carolina Mej\u00eda acept\u00f3 ser la candidata, otra vez, a la Alcald\u00eda de la referida demarcaci\u00f3n, porque as\u00ed se lo pidi\u00f3 \u00e9l. \u201cLa candidata del Partido [&hellip;]<\/p>\n","protected":false},"author":7,"featured_media":496787,"comment_status":"closed","ping_status":"","sticky":true,"template":"","format":"standard","meta":{"footnotes":""},"categories":[22,27],"tags":[],"class_list":["post-496729","post","type-post","status-publish","format-standard","has-post-thumbnail","hentry","category-politica","category-portada"],"_links":{"self":[{"href":"https:\/\/diariodominicano.com\/index.php?rest_route=\/wp\/v2\/posts\/496729","targetHints":{"allow":["GET"]}}],"collection":[{"href":"https:\/\/diariodominicano.com\/index.php?rest_route=\/wp\/v2\/posts"}],"about":[{"href":"https:\/\/diariodominicano.com\/index.php?rest_route=\/wp\/v2\/types\/post"}],"author":[{"embeddable":true,"href":"https:\/\/diariodominicano.com\/index.php?rest_route=\/wp\/v2\/users\/7"}],"replies":[{"embeddable":true,"href":"https:\/\/diariodominicano.com\/index.php?rest_route=%2Fwp%2Fv2%2Fcomments&post=496729"}],"version-history":[{"count":1,"href":"https:\/\/diariodominicano.com\/index.php?rest_route=\/wp\/v2\/posts\/496729\/revisions"}],"predecessor-version":[{"id":496788,"href":"https:\/\/diariodominicano.com\/index.php?rest_route=\/wp\/v2\/posts\/496729\/revisions\/496788"}],"wp:featuredmedia":[{"embeddable":true,"href":"https:\/\/diariodominicano.com\/index.php?rest_route=\/wp\/v2\/media\/496787"}],"wp:attachment":[{"href":"https:\/\/diariodominicano.com\/index.php?rest_route=%2Fwp%2Fv2%2Fmedia&parent=496729"}],"wp:term":[{"taxonomy":"category","embeddable":true,"href":"https:\/\/diariodominicano.com\/index.php?rest_route=%2Fwp%2Fv2%2Fcategories&post=496729"},{"taxonomy":"post_tag","embeddable":true,"href":"https:\/\/diariodominicano.com\/index.php?rest_route=%2Fwp%2Fv2%2Ftags&post=496729"}],"curies":[{"name":"wp","href":"https:\/\/api.w.org\/{rel}","templated":true}]}}