{"id":496607,"date":"2023-12-18T20:34:56","date_gmt":"2023-12-19T00:34:56","guid":{"rendered":"https:\/\/diariodominicano.com\/?p=496607"},"modified":"2023-12-18T20:45:10","modified_gmt":"2023-12-19T00:45:10","slug":"leonel-afirma-el-pueblo-ha-despertado-y-lo-que-quiere-es-progreso-y-prosperidad","status":"publish","type":"post","link":"https:\/\/diariodominicano.com\/?p=496607","title":{"rendered":"Leonel afirma el pueblo ha despertado y lo que quiere es progreso y prosperidad"},"content":{"rendered":"\n<p>*LF moviliza la Fuerza del Pueblo en Santo Domingo Norte junto a Carlos Guzm\u00e1n*<\/p>\n\n\n\n<p>SANTO DOMINGO NORTE.- El l\u00edder de la oposici\u00f3n dominicana, Leonel Fern\u00e1ndez, afirm\u00f3 este domingo&nbsp; que el pueblo ha despertado, quiere progreso y prosperidad y sabe que esto lo puede conseguir, \u00fanicamente con un triunfo de la Fuerza del Pueblo.<\/p>\n\n\n\n<p>Fern\u00e1ndez dijo, en alusi\u00f3n al actual partido de gobierno, que llegaron al poder en el 2020 y lo que han dado es retroceso \u201cy ahora el pueblo sabe que solo con la Fuerza del Pueblo volveremos al progreso\u201d,<\/p>\n\n\n\n<figure class=\"wp-block-gallery columns-3 is-cropped wp-block-gallery-1 is-layout-flex wp-block-gallery-is-layout-flex\"><ul class=\"blocks-gallery-grid\"><li class=\"blocks-gallery-item\"><figure><img loading=\"lazy\" decoding=\"async\" width=\"1024\" height=\"576\" src=\"https:\/\/diariodominicano.com\/wp-content\/uploads\/2023\/12\/Leonel-el-pueblo-ha-despertado-y-lo-que-quiere-es-progreso-y-prosperidad-1024x576.jpg\" alt=\"\" data-id=\"496616\" data-full-url=\"https:\/\/diariodominicano.com\/wp-content\/uploads\/2023\/12\/Leonel-el-pueblo-ha-despertado-y-lo-que-quiere-es-progreso-y-prosperidad-scaled.jpg\" data-link=\"https:\/\/diariodominicano.com\/?attachment_id=496616\" class=\"wp-image-496616\" srcset=\"https:\/\/diariodominicano.com\/wp-content\/uploads\/2023\/12\/Leonel-el-pueblo-ha-despertado-y-lo-que-quiere-es-progreso-y-prosperidad-1024x576.jpg 1024w, https:\/\/diariodominicano.com\/wp-content\/uploads\/2023\/12\/Leonel-el-pueblo-ha-despertado-y-lo-que-quiere-es-progreso-y-prosperidad-300x169.jpg 300w, https:\/\/diariodominicano.com\/wp-content\/uploads\/2023\/12\/Leonel-el-pueblo-ha-despertado-y-lo-que-quiere-es-progreso-y-prosperidad-768x432.jpg 768w, https:\/\/diariodominicano.com\/wp-content\/uploads\/2023\/12\/Leonel-el-pueblo-ha-despertado-y-lo-que-quiere-es-progreso-y-prosperidad-1536x863.jpg 1536w, https:\/\/diariodominicano.com\/wp-content\/uploads\/2023\/12\/Leonel-el-pueblo-ha-despertado-y-lo-que-quiere-es-progreso-y-prosperidad-2048x1151.jpg 2048w, https:\/\/diariodominicano.com\/wp-content\/uploads\/2023\/12\/Leonel-el-pueblo-ha-despertado-y-lo-que-quiere-es-progreso-y-prosperidad-816x459.jpg 816w\" sizes=\"auto, (max-width: 1024px) 100vw, 1024px\" \/><\/figure><\/li><li class=\"blocks-gallery-item\"><figure><img loading=\"lazy\" decoding=\"async\" width=\"1024\" height=\"683\" src=\"https:\/\/diariodominicano.com\/wp-content\/uploads\/2023\/12\/Leonel-afirma-el-pueblo-ha-despertado-y-lo-que-quiere-es-progreso-1024x683.jpg\" alt=\"\" data-id=\"496615\" data-full-url=\"https:\/\/diariodominicano.com\/wp-content\/uploads\/2023\/12\/Leonel-afirma-el-pueblo-ha-despertado-y-lo-que-quiere-es-progreso-scaled.jpg\" data-link=\"https:\/\/diariodominicano.com\/?attachment_id=496615\" class=\"wp-image-496615\" srcset=\"https:\/\/diariodominicano.com\/wp-content\/uploads\/2023\/12\/Leonel-afirma-el-pueblo-ha-despertado-y-lo-que-quiere-es-progreso-1024x683.jpg 1024w, https:\/\/diariodominicano.com\/wp-content\/uploads\/2023\/12\/Leonel-afirma-el-pueblo-ha-despertado-y-lo-que-quiere-es-progreso-300x200.jpg 300w, https:\/\/diariodominicano.com\/wp-content\/uploads\/2023\/12\/Leonel-afirma-el-pueblo-ha-despertado-y-lo-que-quiere-es-progreso-768x512.jpg 768w, https:\/\/diariodominicano.com\/wp-content\/uploads\/2023\/12\/Leonel-afirma-el-pueblo-ha-despertado-y-lo-que-quiere-es-progreso-1536x1024.jpg 1536w, https:\/\/diariodominicano.com\/wp-content\/uploads\/2023\/12\/Leonel-afirma-el-pueblo-ha-despertado-y-lo-que-quiere-es-progreso-2048x1366.jpg 2048w, https:\/\/diariodominicano.com\/wp-content\/uploads\/2023\/12\/Leonel-afirma-el-pueblo-ha-despertado-y-lo-que-quiere-es-progreso-816x544.jpg 816w\" sizes=\"auto, (max-width: 1024px) 100vw, 1024px\" \/><\/figure><\/li><li class=\"blocks-gallery-item\"><figure><img loading=\"lazy\" decoding=\"async\" width=\"1024\" height=\"683\" src=\"https:\/\/diariodominicano.com\/wp-content\/uploads\/2023\/12\/Leonel-afirma-el-pueblo-ha-despertado-1024x683.jpg\" alt=\"\" data-id=\"496614\" data-full-url=\"https:\/\/diariodominicano.com\/wp-content\/uploads\/2023\/12\/Leonel-afirma-el-pueblo-ha-despertado-scaled.jpg\" data-link=\"https:\/\/diariodominicano.com\/?attachment_id=496614\" class=\"wp-image-496614\" srcset=\"https:\/\/diariodominicano.com\/wp-content\/uploads\/2023\/12\/Leonel-afirma-el-pueblo-ha-despertado-1024x683.jpg 1024w, https:\/\/diariodominicano.com\/wp-content\/uploads\/2023\/12\/Leonel-afirma-el-pueblo-ha-despertado-300x200.jpg 300w, https:\/\/diariodominicano.com\/wp-content\/uploads\/2023\/12\/Leonel-afirma-el-pueblo-ha-despertado-768x512.jpg 768w, https:\/\/diariodominicano.com\/wp-content\/uploads\/2023\/12\/Leonel-afirma-el-pueblo-ha-despertado-1536x1024.jpg 1536w, https:\/\/diariodominicano.com\/wp-content\/uploads\/2023\/12\/Leonel-afirma-el-pueblo-ha-despertado-2048x1366.jpg 2048w, https:\/\/diariodominicano.com\/wp-content\/uploads\/2023\/12\/Leonel-afirma-el-pueblo-ha-despertado-816x544.jpg 816w\" sizes=\"auto, (max-width: 1024px) 100vw, 1024px\" \/><\/figure><\/li><li class=\"blocks-gallery-item\"><figure><img loading=\"lazy\" decoding=\"async\" width=\"1024\" height=\"683\" src=\"https:\/\/diariodominicano.com\/wp-content\/uploads\/2023\/12\/Leonel-afirma-el-pueblo-ha-despertado-y-lo-que-quiere-es-progreso-y-prosperidad-1024x683.jpg\" alt=\"\" data-id=\"496613\" data-full-url=\"https:\/\/diariodominicano.com\/wp-content\/uploads\/2023\/12\/Leonel-afirma-el-pueblo-ha-despertado-y-lo-que-quiere-es-progreso-y-prosperidad-scaled.jpg\" data-link=\"https:\/\/diariodominicano.com\/?attachment_id=496613\" class=\"wp-image-496613\" srcset=\"https:\/\/diariodominicano.com\/wp-content\/uploads\/2023\/12\/Leonel-afirma-el-pueblo-ha-despertado-y-lo-que-quiere-es-progreso-y-prosperidad-1024x683.jpg 1024w, https:\/\/diariodominicano.com\/wp-content\/uploads\/2023\/12\/Leonel-afirma-el-pueblo-ha-despertado-y-lo-que-quiere-es-progreso-y-prosperidad-300x200.jpg 300w, https:\/\/diariodominicano.com\/wp-content\/uploads\/2023\/12\/Leonel-afirma-el-pueblo-ha-despertado-y-lo-que-quiere-es-progreso-y-prosperidad-768x512.jpg 768w, https:\/\/diariodominicano.com\/wp-content\/uploads\/2023\/12\/Leonel-afirma-el-pueblo-ha-despertado-y-lo-que-quiere-es-progreso-y-prosperidad-1536x1024.jpg 1536w, https:\/\/diariodominicano.com\/wp-content\/uploads\/2023\/12\/Leonel-afirma-el-pueblo-ha-despertado-y-lo-que-quiere-es-progreso-y-prosperidad-2048x1366.jpg 2048w, https:\/\/diariodominicano.com\/wp-content\/uploads\/2023\/12\/Leonel-afirma-el-pueblo-ha-despertado-y-lo-que-quiere-es-progreso-y-prosperidad-816x544.jpg 816w\" sizes=\"auto, (max-width: 1024px) 100vw, 1024px\" \/><\/figure><\/li><\/ul><\/figure>\n\n\n\n<p>El l\u00edder pol\u00edtico, candidato a la Presidencia de la Rep\u00fablica por el partido Fuerza del Pueblo y organizaciones aliadas,&nbsp; encabez\u00f3 este domingo una marcha-caravana en San Domingo Norte, donde estuvo acompa\u00f1ado del alcalde y candidato a esa misma posici\u00f3n, Carlos Guzm\u00e1n, siendo ovacionados por cientos de personas, desde las puertas de sus viviendas,&nbsp; balcones y hasta desde los techos de algunos&nbsp; edificios.<\/p>\n\n\n\n<p>Leonel Fern\u00e1ndez&nbsp; dijo que en estos momentos, debido al alza del costo de la vida, el pueblo tiene una gran desesperanza y hay una angustia, \u201chasta tal punto que he le\u00eddo que el 48 por ciento de nuestra poblaci\u00f3n quiere emigrar, quiere irse de la Rep\u00fablica Dominicana porque siente que el pa\u00eds ya no hay oportunidades\u201d.<\/p>\n\n\n\n<p>&nbsp;\u201cClaro que no hay oportunidades en un gobierno como el que tenemos\u201d, reconoci\u00f3 Fern\u00e1ndez, se\u00f1alando que la Fuerza del Pueblo lo que aspira es a restituir la esperanza al pueblo dominicano y a los campesinos.<\/p>\n\n\n\n<p>Aqu\u00ed, en Santo Domingo Norte, Leonel Fern\u00e1ndez, principal l\u00edder pol\u00edtico dominicano, resalt\u00f3 el impacto positivo de una de las obras cumbres realizadas en sus gestiones de gobierno, en el \u00e1rea de transporte colectivo de pasajeros, El Metro de Santo Domingo, asegurando que \u201ces muestra de que si se puede gobernar bien\u201d.<\/p>\n\n\n\n<p>Fern\u00e1ndez y Carlos Guzm\u00e1n, encabezaron la gran marcha-caravana, que parti\u00f3 desde Sabana Perdida, en la avenida Los Restauradores o calle H\u00e9ctor J. D\u00edaz esquina Respaldo Anacaona, recorriendo varios sectores populares de esta jurisdicci\u00f3n, recibiendo a su paso el respaldo de la gente.<\/p>\n\n\n\n<p>Carlos Guzm\u00e1n es uno de los alcaldes mejor valorados del pa\u00eds, puntero en todas las encuestas realizadas hasta el momento, que le dan una c\u00f3moda ventaja ante sus competidores.<\/p>\n\n\n\n<p>Esa ventaja podr\u00eda aumentar, ya que est\u00e1 siendo respaldado por las entidades pol\u00edticas que integran la Alianza Opositora Rescate RD, que incluyen a&nbsp; tres de los cuatro partidos mayoritarios del pa\u00eds, FP, PLD y PRD.<\/p>\n\n\n\n<p>Durante todo el recorrido se sinti\u00f3 la presencia de las fuerzas pol\u00edticas aliadas, entre ellos simpatizantes del Movimiento Rebelde, V Rep\u00fablica, PRD, PLD, FP, PQDC, BIS, PDI, entre otras entidades.<\/p>\n\n\n\n<p>Hablar Carlos Guzm\u00e1n<\/p>\n\n\n\n<p>Tras concluir la marcha-caravana, Carlos&nbsp; Guzm\u00e1n dijo sentirse seguro de que ser\u00e1 el ganador del proceso electoral municipal del 18 de febrero del pr\u00f3ximo a\u00f1o 2024.<\/p>\n\n\n\n<p>\u201cNuestra valoraci\u00f3n municipal ronda el 85, gracias al trabajo permanente que hemos venido realizando a favor del desarrollo y progreso de los barrios y comunidades de nuestro municipio Santo Domingo Norte, donde vivo y resido\u201d, manifest\u00f3 el dirigente pol\u00edtico y ejecutivo edilicio.<\/p>\n\n\n\n<p>*Secretar\u00eda de Comunicaciones*<\/p>\n\n\n\n<p>*Fuerza del Pueblo* <\/p>\n","protected":false},"excerpt":{"rendered":"<p>*LF moviliza la Fuerza del Pueblo en Santo Domingo Norte junto a Carlos Guzm\u00e1n* SANTO DOMINGO NORTE.- El l\u00edder de la oposici\u00f3n dominicana, Leonel Fern\u00e1ndez, afirm\u00f3 este domingo&nbsp; que el pueblo ha despertado, quiere progreso y prosperidad y sabe que esto lo puede conseguir, \u00fanicamente con un triunfo de la Fuerza del Pueblo. Fern\u00e1ndez dijo, [&hellip;]<\/p>\n","protected":false},"author":7,"featured_media":496615,"comment_status":"closed","ping_status":"","sticky":true,"template":"","format":"standard","meta":{"footnotes":""},"categories":[22,27],"tags":[],"class_list":["post-496607","post","type-post","status-publish","format-standard","has-post-thumbnail","hentry","category-politica","category-portada"],"_links":{"self":[{"href":"https:\/\/diariodominicano.com\/index.php?rest_route=\/wp\/v2\/posts\/496607","targetHints":{"allow":["GET"]}}],"collection":[{"href":"https:\/\/diariodominicano.com\/index.php?rest_route=\/wp\/v2\/posts"}],"about":[{"href":"https:\/\/diariodominicano.com\/index.php?rest_route=\/wp\/v2\/types\/post"}],"author":[{"embeddable":true,"href":"https:\/\/diariodominicano.com\/index.php?rest_route=\/wp\/v2\/users\/7"}],"replies":[{"embeddable":true,"href":"https:\/\/diariodominicano.com\/index.php?rest_route=%2Fwp%2Fv2%2Fcomments&post=496607"}],"version-history":[{"count":1,"href":"https:\/\/diariodominicano.com\/index.php?rest_route=\/wp\/v2\/posts\/496607\/revisions"}],"predecessor-version":[{"id":496617,"href":"https:\/\/diariodominicano.com\/index.php?rest_route=\/wp\/v2\/posts\/496607\/revisions\/496617"}],"wp:featuredmedia":[{"embeddable":true,"href":"https:\/\/diariodominicano.com\/index.php?rest_route=\/wp\/v2\/media\/496615"}],"wp:attachment":[{"href":"https:\/\/diariodominicano.com\/index.php?rest_route=%2Fwp%2Fv2%2Fmedia&parent=496607"}],"wp:term":[{"taxonomy":"category","embeddable":true,"href":"https:\/\/diariodominicano.com\/index.php?rest_route=%2Fwp%2Fv2%2Fcategories&post=496607"},{"taxonomy":"post_tag","embeddable":true,"href":"https:\/\/diariodominicano.com\/index.php?rest_route=%2Fwp%2Fv2%2Ftags&post=496607"}],"curies":[{"name":"wp","href":"https:\/\/api.w.org\/{rel}","templated":true}]}}