{"id":49651,"date":"2020-09-10T23:26:14","date_gmt":"2020-09-10T23:26:14","guid":{"rendered":"http:\/\/diariodominicano.ddns.net\/?p=49651"},"modified":"2020-09-10T23:26:14","modified_gmt":"2020-09-10T23:26:14","slug":"la-direccion-general-de-cine-dgcine-anuncia-la-pelicula-que-representara-republica-dominicana-ante-los-premios-goya-2021","status":"publish","type":"post","link":"https:\/\/diariodominicano.com\/?p=49651","title":{"rendered":"La Direcci\u00f3n General de Cine (DGCINE) anuncia la pel\u00edcula que representar\u00e1 Rep\u00fablica Dominicana ante los Premios Goya 2021"},"content":{"rendered":"<p><body><\/p>\n<p><img decoding=\"async\" src=\"img3\/cine peliculas seleccionadas2020.jpg\" \/>  <\/p>\n<p><strong>Diariodominicano.com<\/strong><\/p>\n<p><strong>Omar De La Cruz, Ta\u00edna Rodr\u00edguez, Jennifer Lara, Luis Gonz\u00e1lez, H\u00e9ctor Valdez, Elvira Lora, Martha Checo e Yvette Marichal durante la videoconferencia.<\/strong><\/p>\n<p><strong>La Direcci\u00f3n General de Cine (DGCINE) anuncia la pel\u00edcula que representar\u00e1 a la Rep\u00fablica Dominicana ante los Premios Goya 2021<\/strong><\/p>\n<\/p>\n<p><strong>Santo Domingo, RD, 10 de septiembre de 2020.- <\/strong>La Comisi\u00f3n Dominicana de Selecci\u00f3n F\u00edlmica (CDSF), designada por la Direcci\u00f3n General de Cine (DGCINE), dio a conocer la producci\u00f3n cinematogr\u00e1fica local que representar\u00e1 a la Rep\u00fablica Dominicana en los Premios Goya 2021.<\/p>\n<\/p>\n<p>La CDSF anunci\u00f3 que el largometraje \u00abMalpaso\u00bb, del director H\u00e9ctor Valdez, es la candidata ante la entrega No. 35 de los Premios Goya.<\/p>\n<\/p>\n<p>\u00abAnte todo, quisiera expresar nuestro m\u00e1s sincero agradecimiento a la DGCINE y a los miembros de la comisi\u00f3n por esta distinci\u00f3n en nombre de toda la producci\u00f3n. Este proyecto no ser\u00eda posible sin el apoyo de toda la comunidad de Jiman\u00ed y del mercado binacional de \u00abMalpaso\u00bb, en donde fue rodada la pel\u00edcula. Nuestro inter\u00e9s siempre fue el de capturar con la mayor fidelidad posible la realidad del entorno. Por lo tanto, esperamos que esta representaci\u00f3n genere mayor visibilidad de cara a las vicisitudes que enfrentan diariamente los j\u00f3venes de la l\u00ednea fronteriza y de darle un rostro humano a la vida de la frontera a trav\u00e9s de los ojos de nuestros personajes\u00bb, expres\u00f3 H\u00e9ctor Valdez, director del filme.<\/p>\n<\/p>\n<p>En cumplimiento con los lineamientos establecidos por la Academia de las Artes y las Ciencias Cinematogr\u00e1ficas de Espa\u00f1a, en cuanto a la elegibilidad de las pel\u00edculas a optar por Mejor Pel\u00edcula Iberoamericana en los Premios Goya, fueron consideradas por la DGCINE-CDSF aquellas pel\u00edculas exhibidas por un per\u00edodo de proyecci\u00f3n m\u00ednimo de siete d\u00edas consecutivos en una sala de cine comercial, entre la fecha: 1 noviembre 2019 &#8211; 31 agosto 2020.<\/p>\n<\/p>\n<p>Los criterios de selecci\u00f3n que el jurado tom\u00f3 en cuenta a la hora de evaluar las producciones cinematogr\u00e1ficas seleccionadas incluyeron la representaci\u00f3n digna del pa\u00eds, la calidad argumental, la proyecci\u00f3n local e internacional y la calidad art\u00edstica.<\/p>\n<p><strong>La directora general de la DGCINE, Yvette Marichal, expres\u00f3:<\/strong><\/p>\n<\/p>\n<p>\u00abEs de gran emoci\u00f3n ver como aumenta cada a\u00f1o la lista de pel\u00edculas dominicanas que son seleccionadas como candidatas para los tan prestigiosos Premios Goya. Con \u00abMalpaso\u00bb sumamos un total de siete producciones cinematogr\u00e1ficas que nos han representado dignamente. Le toca la responsabilidad a H\u00e9ctor Valdez y estamos seguros, que si logramos formar parte de la selecci\u00f3n final de los premios, nuestra Rep\u00fablica Dominicana estar\u00e1 perfectamente representada. Importante destacar que esta producci\u00f3n, hace poco, obtuvo el premio en la categor\u00eda de Mejor M\u00fasica en el Festival de M\u00e1laga, como tambi\u00e9n cuatro   nominaciones   en   los   Tallinn   Black   Nights   Film   Festival. Definitivamente estamos muy orgullosos. Enhorabuena\u00bb.<\/p>\n<\/p>\n<p>La Comisi\u00f3n Dominicana de Selecci\u00f3n F\u00edlmica (CDSF), manifest\u00f3 que la producci\u00f3n  \u00abMalpaso\u00bb  fue  seleccionada  por  presentar  una  historia cargada de una sugestiva humanidad y poseer un discurso \u00e1gil donde proyecta un cuadro social de marginalidad y de condena, ambientado en la frontera dominico-haitiana.<\/p>\n<\/p>\n<p>De igual manera destacaron \u00abcon unos protagonistas en contraste, en b\u00fasqueda de identidad, y por una est\u00e9tica visual con una fotograf\u00eda memorable de su contorno en acertadas tonalidades de blanco y negro, le otorga a la pel\u00edcula un gran valor antropol\u00f3gico y sociocultural\u00bb.<\/p>\n<\/p>\n<p>La CDSF de este 2020 est\u00e1 conformada por: Omar de la Cruz, Martha Checo, Elvira Lora, Rub\u00e9n Lamarche y Luis Rafael Gonz\u00e1lez.<\/p>\n<p><strong>Sobre la Comisi\u00f3n Dominicana de Selecci\u00f3n F\u00edlmica (CDSF)<\/strong><\/p>\n<\/p>\n<p>La DGCINE cre\u00f3 la Comisi\u00f3n Dominicana de Selecci\u00f3n F\u00edlmica (CDSF) a los fines de ser la encargada de seleccionar las obras cinematogr\u00e1ficas dominicanas que representar\u00e1n a la Rep\u00fablica Dominicana ante las distintas premiaciones internacionales a las que la DGCINE entienda que es necesaria la participaci\u00f3n del pa\u00eds, de conformidad con el desarrollo estrat\u00e9gico de la industria cinematogr\u00e1fica nacional y el posicionamiento <strong>global de las obras f\u00edlmicas.<\/strong><\/p>\n<p><strong>Sobre \u00abMalpaso\u00bb (2019)<\/strong><\/p>\n<\/p>\n<p> Escena de la pel\u00edcula \u00abMalpaso\u00bb (2019).<\/p>\n<p> Ficha t\u00e9cnica<\/p>\n<\/p>\n<p>G\u00e9nero: Drama<\/p>\n<p>Duraci\u00f3n: 80 min<\/p>\n<p>Direcci\u00f3n: H\u00e9ctor Valdez<\/p>\n<p>Guion: H\u00e9ctor Valdez, David Maler, Jos\u00e9 Ram\u00f3n Alam\u00e1, Vicente Alam\u00e1 y Jos\u00e9 Pastor<\/p>\n<p>Producci\u00f3n: Jos\u00e9 Ram\u00f3n Alam\u00e1<\/p>\n<p>Producci\u00f3n Ejecutiva: H\u00e9ctor Valdez, Jos\u00e9 Ram\u00f3n Alam\u00e1, Vicente Alam\u00e1, Fior D\u00b4Aliza de Valdez, Juan Carlos G\u00f3mez y Michael Carrady<\/p>\n<p>Direcci\u00f3n de Fotograf\u00eda: Juan Carlos G\u00f3mez<\/p>\n<p>Edici\u00f3n: Roc\u00edo Gattinoni y Gilberto Amado<\/p>\n<p>Compositor: Pascal Gaigne<\/p>\n<p>Direcci\u00f3n Art\u00edstica: Adria Mej\u00eda<\/p>\n<p>Reparto: Ariel D\u00edaz, Luis Bryan Mesa, Vicente Santos, Pepe Sierra, Wigberto Deschamps, Marie Michele B\u00e1zile y Peter Jean Baptiste<\/p>\n<\/p>\n<p><strong>Sinopsis<\/strong><\/p>\n<\/p>\n<p>C\u00e1ndido y Braulio son hermanos mellizos y hu\u00e9rfanos creciendo en el pueblo fronterizo de Malpaso, Jiman\u00ed, justo en la frontera de la Rep\u00fablica Dominicana y Hait\u00ed. Braulio ayuda a su abuelo a vender carb\u00f3n en el mercado mientras que C\u00e1ndido permanece recluido en casa debido a su albinismo. Su vida torna un giro inesperado luego de la muerte de su abuelo. Ahora Braulio tendr\u00e1 que cuidar de su hermano y ambos intentar\u00e1n sobrevivir en el mercado fronterizo. A su vez, C\u00e1ndido sue\u00f1a con el eventual regreso de su padre que los abandon\u00f3 al nacer.<\/p>\n<p><strong>Festivales 2019<\/strong><\/p>\n<\/p>\n<p>Tallinn Black Nights Film Festival<\/p>\n<\/p>\n<p>Nominaciones:<\/p>\n<\/p>\n<p>\u00b7      Mejor Direcci\u00f3n<\/p>\n<p>\u00b7      Gran Premio a la Mejor Pel\u00edcula<\/p>\n<p>\u00b7      Mejor Musicalizaci\u00f3n<\/p>\n<p>\u00b7      Mejor Direcci\u00f3n de Fotograf\u00eda<\/p>\n<\/p>\n<p>2020<\/p>\n<\/p>\n<p><strong>Festival de Cine de M\u00e1laga<\/strong><\/p>\n<\/p>\n<p>Ganadora:<\/p>\n<\/p>\n<p>\u00b7      Mejor M\u00fasica<\/p>\n<\/p>\n<p>Nominada:<\/p>\n<\/p>\n<p>\u00b7      Mejor Pel\u00edcula Iberoamericana<\/p>\n<\/p>\n<p>Primera Mirada (IFF Panam\u00e1)<\/p>\n<\/p>\n<p>\u00b7      Seleccionada para participar en el Work in Progress<\/p>\n<\/p>\n<p>Puede descargar fotos y videos haciendo clic AQU\u00cd.<\/p>\n<h6> 2020-09-10 23:26:14 <\/h6>\n<p><!--\n<link rel=\"stylesheet\" href=\"css\/bootstrap.min.css\">\n\n\n<ul class=\"pagination\">\n\t    \n\t\n\n<li >\n\t<a href='?page_no=226'>Previous<\/a>\n\t<\/li>\n\n\n       \n    \n\n<li><a href='?page_no=1'>1<\/a><\/li>\n\n\n\n<li><a href='?page_no=2'>2<\/a><\/li>\n\n\n\n<li><a>...<\/a><\/li>\n\n\n\n<li><a href='?page_no=225'>225<\/a><\/li>\n\n\n\n<li><a href='?page_no=226'>226<\/a><\/li>\n\n\n\n<li class='active'><a>227<\/a><\/li>\n\n\n\n<li><a href='?page_no=228'>228<\/a><\/li>\n\n\n\n<li><a href='?page_no=229'>229<\/a><\/li>\n\n\n\n<li><a>...<\/a><\/li>\n\n\n\n<li><a href='?page_no=22911'>22911<\/a><\/li>\n\n\n\n<li><a href='?page_no=22912'>22912<\/a><\/li>\n\n    \n\t\n\n<li >\n\t<a href='?page_no=228'>Next<\/a>\n\t<\/li>\n\n\n    \n\n<li><a href='?page_no=22912'>Last &rsaquo;&rsaquo;<\/a><\/li>\n\n<\/ul>\n\n\n--><br \/>\n<\/body><\/p>\n","protected":false},"excerpt":{"rendered":"<p>Diariodominicano.com Omar De La Cruz, Ta\u00edna Rodr\u00edguez, Jennifer Lara, Luis Gonz\u00e1lez, H\u00e9ctor Valdez, Elvira Lora, Martha Checo e Yvette Marichal durante la videoconferencia. La Direcci\u00f3n General de Cine (DGCINE) anuncia la pel\u00edcula que representar\u00e1 a la Rep\u00fablica Dominicana ante los Premios Goya 2021 Santo Domingo, RD, 10 de septiembre de 2020.- La Comisi\u00f3n Dominicana de [&hellip;]<\/p>\n","protected":false},"author":3,"featured_media":0,"comment_status":"open","ping_status":"open","sticky":false,"template":"","format":"standard","meta":{"footnotes":""},"categories":[21],"tags":[],"class_list":["post-49651","post","type-post","status-publish","format-standard","hentry","category-cultura"],"_links":{"self":[{"href":"https:\/\/diariodominicano.com\/index.php?rest_route=\/wp\/v2\/posts\/49651","targetHints":{"allow":["GET"]}}],"collection":[{"href":"https:\/\/diariodominicano.com\/index.php?rest_route=\/wp\/v2\/posts"}],"about":[{"href":"https:\/\/diariodominicano.com\/index.php?rest_route=\/wp\/v2\/types\/post"}],"author":[{"embeddable":true,"href":"https:\/\/diariodominicano.com\/index.php?rest_route=\/wp\/v2\/users\/3"}],"replies":[{"embeddable":true,"href":"https:\/\/diariodominicano.com\/index.php?rest_route=%2Fwp%2Fv2%2Fcomments&post=49651"}],"version-history":[{"count":0,"href":"https:\/\/diariodominicano.com\/index.php?rest_route=\/wp\/v2\/posts\/49651\/revisions"}],"wp:attachment":[{"href":"https:\/\/diariodominicano.com\/index.php?rest_route=%2Fwp%2Fv2%2Fmedia&parent=49651"}],"wp:term":[{"taxonomy":"category","embeddable":true,"href":"https:\/\/diariodominicano.com\/index.php?rest_route=%2Fwp%2Fv2%2Fcategories&post=49651"},{"taxonomy":"post_tag","embeddable":true,"href":"https:\/\/diariodominicano.com\/index.php?rest_route=%2Fwp%2Fv2%2Ftags&post=49651"}],"curies":[{"name":"wp","href":"https:\/\/api.w.org\/{rel}","templated":true}]}}