{"id":49640,"date":"2020-09-11T00:27:29","date_gmt":"2020-09-11T00:27:29","guid":{"rendered":"http:\/\/diariodominicano.ddns.net\/?p=49640"},"modified":"2020-09-11T00:27:29","modified_gmt":"2020-09-11T00:27:29","slug":"el-dia-que-fallecio-jose-nunez-de-caceres","status":"publish","type":"post","link":"https:\/\/diariodominicano.com\/?p=49640","title":{"rendered":"El d\u00eda que falleci\u00f3 Jos\u00e9 N\u00fa\u00f1ez de C\u00e1ceres"},"content":{"rendered":"<p><body><\/p>\n<p><img decoding=\"async\" src=\"img3\/Jose Nunez de Caceres.jpg\" \/>  <\/p>\n<p><strong>Diariodominicano.com<\/strong><\/p>\n<p><strong>El d\u00eda que falleci\u00f3 Jos\u00e9 N\u00fa\u00f1ez de C\u00e1ceres<\/strong><\/p>\n<p><strong> El abogado y pol\u00edtico hab\u00eda nacido en la ciudad de Santo Domingo  el 14 de marzo del a\u00f1o 1772. Curs\u00f3 sus  estudios en  la Universidad de los Dominicos, hoy Universidad Aut\u00f3noma de Santo Domingo,  donde  obtuvo el t\u00edtulo de licenciado en leyes.<\/strong><\/p>\n<\/p>\n<p><strong>Por H\u00e9ctor Tineo Nolasco<\/strong><\/p>\n<p><strong>Diariodominicano.com<\/strong><\/p>\n<\/p>\n<p><strong>  VICTORIA, M\u00e9xico, el   11 de septiembre  de 1846,<\/strong> Falleci\u00f3 en ciudad de Victoria, M\u00e9xico, el licenciado Jos\u00e9 N\u00fa\u00f1ez de C\u00e1ceres,  fundador del Estado independiente de Hait\u00ed Espa\u00f1ol,  per\u00edodo que se conoce en la historia dominicana como la \u00abIndependencia Ef\u00edmera\u00bb.<\/p>\n<\/p>\n<p>     El abogado y pol\u00edtico hab\u00eda nacido en la ciudad de Santo Domingo  el 14 de marzo del a\u00f1o 1772. Curs\u00f3 sus  estudios en  la Universidad de los Dominicos, hoy Universidad Aut\u00f3noma de Santo Domingo,  donde  obtuvo el t\u00edtulo de licenciado en leyes.<\/p>\n<\/p>\n<p>     Cuando se ejecut\u00f3 el Tratado de Basilea,  en virtud del cual Espa\u00f1a le entreg\u00f3 a Francia su colonia de la parte oriental de la Isla de Santo Domingo, Jos\u00e9 N\u00fa\u00f1ez de C\u00e1ceres se traslad\u00f3 a Camag\u00fcey, Cuba, donde permaneci\u00f3 hasta que Espa\u00f1a reconquist\u00f3 su antigua colonia.<\/p>\n<\/p>\n<p>    En la nueva administraci\u00f3n  colonial de Espa\u00f1a,  en Santo Domingo, ocup\u00f3  funciones p\u00fablicas, entre las  que figuran los cargos de auditor de guerra,  asesor general, teniente gobernador y oidor honorario.<\/p>\n<\/p>\n<p>    El historiador C\u00e9sar Herrera, en su obra \u00abDivulgaciones Hist\u00f3ricas\u00bb, resalta que al licenciado  N\u00fa\u00f1ez de C\u00e1ceres, le toc\u00f3 la suerte de afrontar una situaci\u00f3n al borde del caos cuando lleg\u00f3 a Santo Domingo para asumir sus funciones de Teniente Gobernador, Asesor General de Gobierno,  y Auditor de Guerra de Santo Domingo\u00bb.<\/p>\n<\/p>\n<p>     En  1815  se convirti\u00f3 en el primer Rector de la restaurada Universidad de Santo Domingo.<\/p>\n<\/p>\n<p>    <strong> El 1 de diciembre de 1821 hizo la primera proclamaci\u00f3n de la independencia nacional. <\/strong><\/p>\n<\/p>\n<p>    El historiador Rufino Mart\u00ednez, en su \u00abDiccionario Biogr\u00e1fico-Hist\u00f3rico Dominicano 1821-1930\u00bb, apunta que en Tamaulipas, N\u00fa\u00f1ez de C\u00e1ceres  tuvo actuaci\u00f3n de ciudadano primero como abogado, y luego desempe\u00f1ando el cargo de Fiscal de la Corte Suprema.<\/p>\n<\/p>\n<p>    Por sus m\u00e9ritos y servicios en Tamaulipas, el Congreso le otorg\u00f3 el t\u00edtulo de \u00abCiudadano Benem\u00e9rito del Estado\u00bb.<\/p>\n<\/p>\n<p>    \u00abLuego fue favorecido  con el cargo honor\u00edfico de Senador, al que sigui\u00f3 el de Tesorero de la Hacienda P\u00fablica\u00bb.<\/p>\n<\/p>\n<p>   Joaqu\u00edn Balaguer, en su obra \u00abHistoria de la Literatura Dominicana\u00bb, anota que al morir, en 1846, el Congreso  de Tamaulipas orden\u00f3 que el nombre de Jos\u00e9 N\u00fa\u00f1ez C\u00e1ceres fuera grabado con letras de oro en el  recinto legislativo.<\/p>\n<\/p>\n<p>    Los restos de Jos\u00e9 N\u00fa\u00f1ez de C\u00e1ceres fueron repatriados en el a\u00f1o 1943. Descansan en el Pante\u00f3n Nacional, en la calle Las Damas de la ciudad de Santo Domingo.<\/p>\n<\/p>\n<p>   \u00abJos\u00e9 N\u00fa\u00f1ez de C\u00e1ceres desarroll\u00f3 una intensa labor period\u00edstica y literaria bajo el r\u00e9gimen de la \u00abEspa\u00f1a Boba\u00bb. Frecuent\u00f3 asiduamente durante los \u00faltimos a\u00f1os de la colonia, el campo de la poes\u00eda, el de la c\u00e1tedra, el de la tribuna acad\u00e9mica, el de la pol\u00e9mica y el del art\u00edculo de combate\u00bb.<\/p>\n<\/p>\n<p>   <strong> En opini\u00f3n de Balaguer, \u00abSu actividad intelectual pone de relieve, durante este tiempo, la asombrosa inquietud de este esp\u00edritu batallador que bien pronto deb\u00eda recoger,  en la elocuente Proclama de la Independencia en 1821, el pensamiento de la libertad que ya ard\u00eda en la conciencia de muchos dominicanos.<\/strong><\/p>\n<\/p>\n<p>    \u00abAs\u00ed como Francisco Morillas hab\u00eda celebrado, algunos a\u00f1os antes, el triunfo de las armas espa\u00f1olas en la Sabana Real de la Limonade, N\u00fa\u00f1ez de C\u00e1ceres entona un canto lleno de fervor patri\u00f3tico a la gesta del brigadier Juan S\u00e1nchez Ram\u00edrez, en la Batalla de Palo Hincado.<\/p>\n<\/p>\n<p>   \u00abD\u00e9bil de entonaci\u00f3n y sin verdadera fuerza \u00e9pica,  talvez  demasiado ce\u00f1ido a los fr\u00edos moldes de la poes\u00eda cl\u00e1sica, ese canto carece de pompa y de vida como composici\u00f3n  destinada a recoger en sus estrofas un eco del himno de  las victorias militares, pero revela el entusiasmo de su  autor por la libertad y anuncia, de cuerpo entero, al pr\u00f3cer de la primera independencia dominicana.<\/p>\n<\/p>\n<p>    \u00abN\u00fa\u00f1ez  C\u00e1ceres dej\u00f3, como cultivador del verso, diez o  doce f\u00e1bulas notables, no s\u00f3lo por el fondo moral, desnaturalizado a veces por la alusi\u00f3n personal y la intenci\u00f3n sat\u00edrica, sino tambi\u00e9n porque en   la mayor\u00eda de ellas  asoma la garra de este temperamento de polemista que manej\u00f3 con rara habilidad  la invectiva y el sarcasmo\u00bb.<\/p>\n<\/p>\n<p>   <strong> Para avalar su opini\u00f3n,  Balaguer cita como ejemplo  la composici\u00f3n  \u00bb La ara\u00f1a y el \u00e1guila\u00bb.   A su juicio:<\/strong><\/p>\n<\/p>\n<p>   \u00abBasta a la Gloria de N\u00fa\u00f1ez de C\u00e1ceres, como escritor, los documentos que redact\u00f3 en las  tres ocasiones solemnes en que le toc\u00f3 asumir la representaci\u00f3n del pa\u00eds para proclamar su derecho a ser libre o para exigir de la Metr\u00f3poli el remedio requerido por los males de la colonia: la \u00abDeclaratoria de Independencia del Pueblo Dominicano\u00bb, proclama dirigida al mundo y redactada con la elevaci\u00f3n propia de la grandeza de aquel momento hist\u00f3rico; el discurso que pronunci\u00f3 el 9 de febrero de 1822, para entregar a Boyer las llaves de la ciudad de Santo Domingo, donde increpa al d\u00e9spota advirti\u00e9ndole que las desemejanzas de costumbres y el idioma establec\u00eda entre las dos porciones de la isla un muro infranqueable como los Alpes y los Pirineos\u00bb; <\/p>\n<\/p>\n<p>     \u00abY la exposici\u00f3n que el 26 de junio de 1813, elev\u00f3 al Mariscal de Campo Carlos Urrutia, donde pinta, con lenguaje pat\u00e9tico, la situaci\u00f3n del pa\u00eds, &#8216;amaestrado por las vicisitudes\u00bb, y donde declara con arrogancia que el hombre a quien le asiste la verdad permanece imperturbable hasta cuando sobre su cabeza se desploma la m\u00e1quina del mundo\u00bb.<\/p>\n<\/p>\n<p>    Los restos de Jos\u00e9 N\u00fa\u00f1ez de C\u00e1ceres fueron repatriados en el a\u00f1o 1943. Descansan en el Pante\u00f3n Nacional, en la calle Las Damas de la ciudad de Santo Domingo.<\/p>\n<\/p>\n<h6> 2020-09-11 00:27:29 <\/h6>\n<p><!--\n<link rel=\"stylesheet\" href=\"css\/bootstrap.min.css\">\n\n\n<ul class=\"pagination\">\n\t    \n\t\n\n<li >\n\t<a href='?page_no=225'>Previous<\/a>\n\t<\/li>\n\n\n       \n    \n\n<li><a href='?page_no=1'>1<\/a><\/li>\n\n\n\n<li><a href='?page_no=2'>2<\/a><\/li>\n\n\n\n<li><a>...<\/a><\/li>\n\n\n\n<li><a href='?page_no=224'>224<\/a><\/li>\n\n\n\n<li><a href='?page_no=225'>225<\/a><\/li>\n\n\n\n<li class='active'><a>226<\/a><\/li>\n\n\n\n<li><a href='?page_no=227'>227<\/a><\/li>\n\n\n\n<li><a href='?page_no=228'>228<\/a><\/li>\n\n\n\n<li><a>...<\/a><\/li>\n\n\n\n<li><a href='?page_no=22911'>22911<\/a><\/li>\n\n\n\n<li><a href='?page_no=22912'>22912<\/a><\/li>\n\n    \n\t\n\n<li >\n\t<a href='?page_no=227'>Next<\/a>\n\t<\/li>\n\n\n    \n\n<li><a href='?page_no=22912'>Last &rsaquo;&rsaquo;<\/a><\/li>\n\n<\/ul>\n\n\n--><br \/>\n<\/body><\/p>\n","protected":false},"excerpt":{"rendered":"<p>Diariodominicano.com El d\u00eda que falleci\u00f3 Jos\u00e9 N\u00fa\u00f1ez de C\u00e1ceres El abogado y pol\u00edtico hab\u00eda nacido en la ciudad de Santo Domingo el 14 de marzo del a\u00f1o 1772. Curs\u00f3 sus estudios en la Universidad de los Dominicos, hoy Universidad Aut\u00f3noma de Santo Domingo, donde obtuvo el t\u00edtulo de licenciado en leyes. Por H\u00e9ctor Tineo Nolasco [&hellip;]<\/p>\n","protected":false},"author":3,"featured_media":0,"comment_status":"open","ping_status":"open","sticky":false,"template":"","format":"standard","meta":{"footnotes":""},"categories":[21],"tags":[],"class_list":["post-49640","post","type-post","status-publish","format-standard","hentry","category-cultura"],"_links":{"self":[{"href":"https:\/\/diariodominicano.com\/index.php?rest_route=\/wp\/v2\/posts\/49640","targetHints":{"allow":["GET"]}}],"collection":[{"href":"https:\/\/diariodominicano.com\/index.php?rest_route=\/wp\/v2\/posts"}],"about":[{"href":"https:\/\/diariodominicano.com\/index.php?rest_route=\/wp\/v2\/types\/post"}],"author":[{"embeddable":true,"href":"https:\/\/diariodominicano.com\/index.php?rest_route=\/wp\/v2\/users\/3"}],"replies":[{"embeddable":true,"href":"https:\/\/diariodominicano.com\/index.php?rest_route=%2Fwp%2Fv2%2Fcomments&post=49640"}],"version-history":[{"count":0,"href":"https:\/\/diariodominicano.com\/index.php?rest_route=\/wp\/v2\/posts\/49640\/revisions"}],"wp:attachment":[{"href":"https:\/\/diariodominicano.com\/index.php?rest_route=%2Fwp%2Fv2%2Fmedia&parent=49640"}],"wp:term":[{"taxonomy":"category","embeddable":true,"href":"https:\/\/diariodominicano.com\/index.php?rest_route=%2Fwp%2Fv2%2Fcategories&post=49640"},{"taxonomy":"post_tag","embeddable":true,"href":"https:\/\/diariodominicano.com\/index.php?rest_route=%2Fwp%2Fv2%2Ftags&post=49640"}],"curies":[{"name":"wp","href":"https:\/\/api.w.org\/{rel}","templated":true}]}}