{"id":496297,"date":"2023-12-16T17:51:00","date_gmt":"2023-12-16T21:51:00","guid":{"rendered":"https:\/\/diariodominicano.com\/?p=496297"},"modified":"2023-12-16T17:51:00","modified_gmt":"2023-12-16T21:51:00","slug":"erol-diaz-fue-la-revelacion-artistica-en-el-extranjero-en-el-ano-2023","status":"publish","type":"post","link":"https:\/\/diariodominicano.com\/?p=496297","title":{"rendered":"Erol D\u00edaz, fue la revelaci\u00f3n art\u00edstica en el extranjero en el a\u00f1o 2023"},"content":{"rendered":"\n<p>Por: Am\u00edn Cruz <\/p>\n\n\n\n<p>El reconocido cantautor y escritor dominicano, Erol D\u00edaz, fue galardonado con el prestigioso premio a la \u00ab<strong>Mejor Campa\u00f1a Internacional de Responsabilidad Social y de Paz<\/strong>\u00ab, durante la ceremonia de los BNTV Awards 2023, celebrados durante el mes de noviembre en Bogot\u00e1, Colombia.<\/p>\n\n\n\n<p>El cantante Erol D\u00edaz se ha destacado como una figura art\u00edstica con un mensaje diferente y esperanzador para toda la comunidad latinoamericana, generando un impacto significativo en los medios de comunicaci\u00f3n. Su m\u00fasica y poes\u00eda no solo invitan a la reflexi\u00f3n, sino que tambi\u00e9n transmiten un mensaje de esperanza, sugiriendo que un mundo mejor es posible.<\/p>\n\n\n\n<p>Sus canciones tienen un enfoque comprometido con la responsabilidad social y la paz, Erol D\u00edaz, se ha destacado por su poema titulado \u00ab<strong>Pan y Palabra<\/strong>\u00ab. Adem\u00e1s, su canci\u00f3n emblem\u00e1tica \u00ab<strong>Mi Propia Reforma<\/strong>\u00ab, compuesta por \u00e9l mismo con arreglos de Patricio Bonilla, se ha convertido en un himno poderoso que aborda temas de transformaci\u00f3n personal y social, que est\u00e1 trascendiendo en Am\u00e9rica.<\/p>\n\n\n\n<p>Entre sus creaciones m\u00e1s impactantes tambi\u00e9n se encuentra \u00ab<strong>El Padre Nuestro, Hoy<\/strong>\u00ab, una melod\u00eda que analiza la crisis global, la violencia y la falta de amor, se\u00f1alando estos como el origen de todos los males. Erol D\u00edaz ha reinterpretado el Padre Nuestro para el siglo XXI, ofreciendo una perspectiva \u00fanica sobre la situaci\u00f3n actual de la humanidad.<\/p>\n\n\n\n<figure class=\"wp-block-gallery columns-3 is-cropped wp-block-gallery-1 is-layout-flex wp-block-gallery-is-layout-flex\"><ul class=\"blocks-gallery-grid\"><li class=\"blocks-gallery-item\"><figure><img loading=\"lazy\" decoding=\"async\" width=\"736\" height=\"920\" src=\"https:\/\/diariodominicano.com\/wp-content\/uploads\/2023\/12\/Erol-Diaz-fue-la-revelacion-artistica.jpeg\" alt=\"\" data-id=\"496300\" data-full-url=\"https:\/\/diariodominicano.com\/wp-content\/uploads\/2023\/12\/Erol-Diaz-fue-la-revelacion-artistica.jpeg\" data-link=\"https:\/\/diariodominicano.com\/?attachment_id=496300\" class=\"wp-image-496300\" srcset=\"https:\/\/diariodominicano.com\/wp-content\/uploads\/2023\/12\/Erol-Diaz-fue-la-revelacion-artistica.jpeg 736w, https:\/\/diariodominicano.com\/wp-content\/uploads\/2023\/12\/Erol-Diaz-fue-la-revelacion-artistica-240x300.jpeg 240w\" sizes=\"auto, (max-width: 736px) 100vw, 736px\" \/><\/figure><\/li><li class=\"blocks-gallery-item\"><figure><img loading=\"lazy\" decoding=\"async\" width=\"934\" height=\"672\" src=\"https:\/\/diariodominicano.com\/wp-content\/uploads\/2023\/12\/Erol-Diaz.jpg\" alt=\"\" data-id=\"496299\" data-full-url=\"https:\/\/diariodominicano.com\/wp-content\/uploads\/2023\/12\/Erol-Diaz.jpg\" data-link=\"https:\/\/diariodominicano.com\/?attachment_id=496299\" class=\"wp-image-496299\" srcset=\"https:\/\/diariodominicano.com\/wp-content\/uploads\/2023\/12\/Erol-Diaz.jpg 934w, https:\/\/diariodominicano.com\/wp-content\/uploads\/2023\/12\/Erol-Diaz-300x216.jpg 300w, https:\/\/diariodominicano.com\/wp-content\/uploads\/2023\/12\/Erol-Diaz-768x553.jpg 768w, https:\/\/diariodominicano.com\/wp-content\/uploads\/2023\/12\/Erol-Diaz-816x587.jpg 816w\" sizes=\"auto, (max-width: 934px) 100vw, 934px\" \/><\/figure><\/li><li class=\"blocks-gallery-item\"><figure><img loading=\"lazy\" decoding=\"async\" width=\"487\" height=\"373\" src=\"https:\/\/diariodominicano.com\/wp-content\/uploads\/2023\/12\/Erol-Diaz-fue-la-revelacion-artistica-en-el-extranjero-en-el-ano-2023.jpg\" alt=\"\" data-id=\"496298\" data-full-url=\"https:\/\/diariodominicano.com\/wp-content\/uploads\/2023\/12\/Erol-Diaz-fue-la-revelacion-artistica-en-el-extranjero-en-el-ano-2023.jpg\" data-link=\"https:\/\/diariodominicano.com\/?attachment_id=496298\" class=\"wp-image-496298\" srcset=\"https:\/\/diariodominicano.com\/wp-content\/uploads\/2023\/12\/Erol-Diaz-fue-la-revelacion-artistica-en-el-extranjero-en-el-ano-2023.jpg 487w, https:\/\/diariodominicano.com\/wp-content\/uploads\/2023\/12\/Erol-Diaz-fue-la-revelacion-artistica-en-el-extranjero-en-el-ano-2023-300x230.jpg 300w\" sizes=\"auto, (max-width: 487px) 100vw, 487px\" \/><\/figure><\/li><\/ul><\/figure>\n\n\n\n<p>La trascendental gira de Erol D\u00edaz no solo se limita al \u00e1mbito art\u00edstico, sino que tambi\u00e9n se extiende a su compromiso social. Durante una reciente gira por importantes ciudades de Estados Unidos, recibi\u00f3 reconocimientos especiales, incluyendo honores en el City Halls de New York y New Jersey.<\/p>\n\n\n\n<p>Exhortamos a nuestros lectores a interesarse por la lectura de sus poemas y canciones de su poemario \u201cDE PAN &amp; PALABRA\u201d, ellos son:&nbsp;<strong><em>\u201csoy, vengo, les escribo, para tener la dignidad cubierta, eres poeta, vida y coraz\u00f3n de trova, por la paz, me fall\u00f3 mi bandera, frase del atraso RD, verdades&nbsp; saladas, vida en plenitud, pan y palabra, yanqui vive, hoy, obtuso, el clamor de Hiroshima, destino, hoy la poes\u00eda, no, sinestesia\/cura mi locura, b\u00e9same, instinto, psiconostalgia, tengo fe desde hoy, tu, me ha dado, oraci\u00f3n, una dulce ma\u00f1ana de domingo, para la libertad, mil soledades, lecciones, dir\u00e9, y a veces sue\u00f1o\u201d.<\/em><\/strong><\/p>\n\n\n\n<p>En el transcurrir de marzo del pr\u00f3ximo a\u00f1o 2024, los Congreso Mundial de Arte y Cultura, COMAC, el Congreso Hispanoamericano de Prensa, Congreso Mundial de la Mujer, Congreso Mundial de Medio Ambiente y Organizaci\u00f3n Naciones Unidas para la Salud Natural, ONUSANA, vamos a tener un gran acto titulado \u201c<strong><em>MUJER MADRE TIERRA<\/em><\/strong>\u201d en las Naciones Unidas, ONU, donde habr\u00e1 representaciones de todo el mundo y pensamos contar con la presencia del cantautor D\u00edaz con su hermosa canci\u00f3n por la paz.<\/p>\n\n\n\n<p>Para m\u00e1s informaci\u00f3n nos pueden escribir a nuestros correos electr\u00f3nicos tanto del Congreso Mundial de Arte y Cultura, COMAC o al del Congreso Hispanoamericano de Prensa:&nbsp;<a href=\"http:\/\/www.comacny.us\/\" target=\"_blank\" rel=\"noreferrer noopener\">www.comacny.us<\/a>,&nbsp;&nbsp; &nbsp;<a href=\"mailto:comac1.usa@gmail.com\" target=\"_blank\" rel=\"noreferrer noopener\">comac1.usa@gmail.com<\/a>,&nbsp;<a href=\"mailto:congresodeprensa.usa@gmail.com\" target=\"_blank\" rel=\"noreferrer noopener\">congresodeprensa.usa@gmail.com<\/a><\/p>\n","protected":false},"excerpt":{"rendered":"<p>Por: Am\u00edn Cruz El reconocido cantautor y escritor dominicano, Erol D\u00edaz, fue galardonado con el prestigioso premio a la \u00abMejor Campa\u00f1a Internacional de Responsabilidad Social y de Paz\u00ab, durante la ceremonia de los BNTV Awards 2023, celebrados durante el mes de noviembre en Bogot\u00e1, Colombia. El cantante Erol D\u00edaz se ha destacado como una figura [&hellip;]<\/p>\n","protected":false},"author":7,"featured_media":496299,"comment_status":"closed","ping_status":"","sticky":true,"template":"","format":"standard","meta":{"footnotes":""},"categories":[25,27],"tags":[],"class_list":["post-496297","post","type-post","status-publish","format-standard","has-post-thumbnail","hentry","category-gente","category-portada"],"_links":{"self":[{"href":"https:\/\/diariodominicano.com\/index.php?rest_route=\/wp\/v2\/posts\/496297","targetHints":{"allow":["GET"]}}],"collection":[{"href":"https:\/\/diariodominicano.com\/index.php?rest_route=\/wp\/v2\/posts"}],"about":[{"href":"https:\/\/diariodominicano.com\/index.php?rest_route=\/wp\/v2\/types\/post"}],"author":[{"embeddable":true,"href":"https:\/\/diariodominicano.com\/index.php?rest_route=\/wp\/v2\/users\/7"}],"replies":[{"embeddable":true,"href":"https:\/\/diariodominicano.com\/index.php?rest_route=%2Fwp%2Fv2%2Fcomments&post=496297"}],"version-history":[{"count":1,"href":"https:\/\/diariodominicano.com\/index.php?rest_route=\/wp\/v2\/posts\/496297\/revisions"}],"predecessor-version":[{"id":496301,"href":"https:\/\/diariodominicano.com\/index.php?rest_route=\/wp\/v2\/posts\/496297\/revisions\/496301"}],"wp:featuredmedia":[{"embeddable":true,"href":"https:\/\/diariodominicano.com\/index.php?rest_route=\/wp\/v2\/media\/496299"}],"wp:attachment":[{"href":"https:\/\/diariodominicano.com\/index.php?rest_route=%2Fwp%2Fv2%2Fmedia&parent=496297"}],"wp:term":[{"taxonomy":"category","embeddable":true,"href":"https:\/\/diariodominicano.com\/index.php?rest_route=%2Fwp%2Fv2%2Fcategories&post=496297"},{"taxonomy":"post_tag","embeddable":true,"href":"https:\/\/diariodominicano.com\/index.php?rest_route=%2Fwp%2Fv2%2Ftags&post=496297"}],"curies":[{"name":"wp","href":"https:\/\/api.w.org\/{rel}","templated":true}]}}