{"id":49629,"date":"2020-09-11T00:34:00","date_gmt":"2020-09-11T00:34:00","guid":{"rendered":"http:\/\/diariodominicano.ddns.net\/?p=49629"},"modified":"2020-09-11T00:34:00","modified_gmt":"2020-09-11T00:34:00","slug":"fundan-el-periodico-el-nacional-de-ahora","status":"publish","type":"post","link":"https:\/\/diariodominicano.com\/?p=49629","title":{"rendered":"&#13;Fundan el peri\u00f3dico El Nacional de Ahora"},"content":{"rendered":"<p><body><\/p>\n<p><img decoding=\"async\" src=\"img3\/Molina Morillo R.jpg\" \/>  <\/p>\n<p><strong>Diariodominicano.com<\/strong><\/p>\n<p><strong>El doctor Rafael Molina Morillo <\/strong><\/p>\n<p><strong>Fundan el peri\u00f3dico El Nacional de Ahora<\/strong><\/p>\n<p><strong>   El Nacional de Ahora es el primer peri\u00f3dico fundado en la Rep\u00fablica Dominicana tras la ca\u00edda de la dictadura de Trujillo. La idea del diario fue del doctor Rafael Molina Morillo, su primer presidente.<\/strong><\/p>\n<p><strong> <\/strong><\/p>\n<p><strong>Por HTN<\/strong><\/p>\n<p><strong>Diariodominicano.com<\/strong><\/p>\n<p><strong> <\/strong><\/p>\n<\/p>\n<p><strong>SANTO DOMINGO,  el  11 de septiembre de 1966,<\/strong> fue  fundado el peri\u00f3dico vespertino El Nacional de Ahora.<\/p>\n<\/p>\n<p>     El Nacional de Ahora es el primer peri\u00f3dico fundado en la Rep\u00fablica Dominicana tras la ca\u00edda de la dictadura de Trujillo. La idea del diario fue del doctor Rafael Molina Morillo, su primer presidente.<\/p>\n<\/p>\n<p>     Desde su salida, el diario se ha destacado por su pluralidad informativa y por la defensa de la libertad de expresi\u00f3n, las libertades p\u00fablicas y los derechos humanos.<\/p>\n<\/p>\n<p>    El primer director de El Nacional de Ahora, fue el poeta y abogado Freddy Gaton Arce. La primera edici\u00f3n circul\u00f3 el domingo 11 de septiembre de 1966.<\/p>\n<\/p>\n<p>    En ese momento en Rep\u00fablica Dominicana  s\u00f3lo circulaban diariamente los peri\u00f3dicos El Caribe, List\u00edn Diario, que hab\u00eda reaparecido en 1962 y La Informaci\u00f3n de Santiago, que se editaba para los pueblos del Cibao.<\/p>\n<\/p>\n<p>     Luego de la ca\u00edda de Trujillo desapareci\u00f3 el peri\u00f3dico vespertino  La  Naci\u00f3n.<\/p>\n<\/p>\n<p>    Entre los periodistas fundadores de El Nacional figuran Radhames G\u00f3mez Pepin, Ram\u00f3n Reyes, Miguel Angel Prestol, Milagros Germ\u00e1n y Clara Leyla Alfonso.<\/p>\n<\/p>\n<p>    En la primera etapa ten\u00eda un consejo de Redacci\u00f3n integrado por Radham\u00e9s G\u00f3mez Pepin, Juan Jos\u00e9 Ayuso y Francisco Alvarez Castellanos.<\/p>\n<\/p>\n<p>    Entre los primeros redactores de El Nacional de Ahora, se encontraban Miguel A. Hern\u00e1ndez y Rafael N\u00fa\u00f1ez Grassal, quienes hab\u00edan laborado  para el diario El Caribe.<\/p>\n<\/p>\n<p>    Asimismo, fueron redactores fundadores Mireya Castillo Grull\u00f3n, Leonel  P\u00e9rez  Pe\u00f1a,  Brinela Fern\u00e1ndez y  Justo Castellanos D\u00edaz.<\/p>\n<\/p>\n<p>      El Nacional de Ahora sali\u00f3 como un peri\u00f3dico de Publicaciones Ahora, que presid\u00eda el  doctor Rafael Molina Morillo. Luego fue vendido al grupo Corripio, que preside el empresario Jos\u00e9 Luis Corripio (Pepin).<\/p>\n<\/p>\n<p>   <strong> Han sido directores de El Nacional: Freddy Gat\u00f3n Arce, Rafael Molina Morillo, Mario Alvarez Dugan,  Radhames G\u00f3mez Pepin, y su actual director Bolivar D\u00edaz G\u00f3mez.<\/strong><\/p>\n<p><strong> <\/strong><\/p>\n<p><strong> <\/strong><\/p>\n<\/p>\n<\/p>\n<h6> 2020-09-11 00:34:00 <\/h6>\n<p><!--\n<link rel=\"stylesheet\" href=\"css\/bootstrap.min.css\">\n\n\n<ul class=\"pagination\">\n\t    \n\t\n\n<li >\n\t<a href='?page_no=224'>Previous<\/a>\n\t<\/li>\n\n\n       \n    \n\n<li><a href='?page_no=1'>1<\/a><\/li>\n\n\n\n<li><a href='?page_no=2'>2<\/a><\/li>\n\n\n\n<li><a>...<\/a><\/li>\n\n\n\n<li><a href='?page_no=223'>223<\/a><\/li>\n\n\n\n<li><a href='?page_no=224'>224<\/a><\/li>\n\n\n\n<li class='active'><a>225<\/a><\/li>\n\n\n\n<li><a href='?page_no=226'>226<\/a><\/li>\n\n\n\n<li><a href='?page_no=227'>227<\/a><\/li>\n\n\n\n<li><a>...<\/a><\/li>\n\n\n\n<li><a href='?page_no=22911'>22911<\/a><\/li>\n\n\n\n<li><a href='?page_no=22912'>22912<\/a><\/li>\n\n    \n\t\n\n<li >\n\t<a href='?page_no=226'>Next<\/a>\n\t<\/li>\n\n\n    \n\n<li><a href='?page_no=22912'>Last &rsaquo;&rsaquo;<\/a><\/li>\n\n<\/ul>\n\n\n--><br \/>\n<\/body><\/p>\n","protected":false},"excerpt":{"rendered":"<p>Diariodominicano.com El doctor Rafael Molina Morillo Fundan el peri\u00f3dico El Nacional de Ahora El Nacional de Ahora es el primer peri\u00f3dico fundado en la Rep\u00fablica Dominicana tras la ca\u00edda de la dictadura de Trujillo. La idea del diario fue del doctor Rafael Molina Morillo, su primer presidente. Por HTN Diariodominicano.com SANTO DOMINGO, el 11 de [&hellip;]<\/p>\n","protected":false},"author":3,"featured_media":0,"comment_status":"open","ping_status":"open","sticky":false,"template":"","format":"standard","meta":{"footnotes":""},"categories":[21],"tags":[],"class_list":["post-49629","post","type-post","status-publish","format-standard","hentry","category-cultura"],"_links":{"self":[{"href":"https:\/\/diariodominicano.com\/index.php?rest_route=\/wp\/v2\/posts\/49629","targetHints":{"allow":["GET"]}}],"collection":[{"href":"https:\/\/diariodominicano.com\/index.php?rest_route=\/wp\/v2\/posts"}],"about":[{"href":"https:\/\/diariodominicano.com\/index.php?rest_route=\/wp\/v2\/types\/post"}],"author":[{"embeddable":true,"href":"https:\/\/diariodominicano.com\/index.php?rest_route=\/wp\/v2\/users\/3"}],"replies":[{"embeddable":true,"href":"https:\/\/diariodominicano.com\/index.php?rest_route=%2Fwp%2Fv2%2Fcomments&post=49629"}],"version-history":[{"count":0,"href":"https:\/\/diariodominicano.com\/index.php?rest_route=\/wp\/v2\/posts\/49629\/revisions"}],"wp:attachment":[{"href":"https:\/\/diariodominicano.com\/index.php?rest_route=%2Fwp%2Fv2%2Fmedia&parent=49629"}],"wp:term":[{"taxonomy":"category","embeddable":true,"href":"https:\/\/diariodominicano.com\/index.php?rest_route=%2Fwp%2Fv2%2Fcategories&post=49629"},{"taxonomy":"post_tag","embeddable":true,"href":"https:\/\/diariodominicano.com\/index.php?rest_route=%2Fwp%2Fv2%2Ftags&post=49629"}],"curies":[{"name":"wp","href":"https:\/\/api.w.org\/{rel}","templated":true}]}}