{"id":49618,"date":"2020-09-11T01:21:46","date_gmt":"2020-09-11T01:21:46","guid":{"rendered":"http:\/\/diariodominicano.ddns.net\/?p=49618"},"modified":"2020-09-11T01:21:46","modified_gmt":"2020-09-11T01:21:46","slug":"cuba-evocan-a-juan-almeida-en-aniversario-de-su-desaparicion-fisica","status":"publish","type":"post","link":"https:\/\/diariodominicano.com\/?p=49618","title":{"rendered":"Cuba: Evocan a Juan Almeida en aniversario de su desaparici\u00f3n f\u00edsica"},"content":{"rendered":"<p><body><\/p>\n<p><img decoding=\"async\" src=\"img3\/Juan-Almeida.jpg\" \/>  <\/p>\n<p><strong>Diariodominicano.com<\/strong><\/p>\n<p><strong>Cuba: Evocan a Juan Almeida en aniversario de su desaparici\u00f3n f\u00edsica<\/strong><\/p>\n<p><strong>La Habana, 11 sep (Prensa Latina) <\/strong>La obra revolucionaria y art\u00edstica del Comandante Juan Almeida es evocada hoy en Cuba a prop\u00f3sito del aniversario 11 de su desaparici\u00f3n f\u00edsica.<\/p>\n<\/p>\n<p>Como homenaje, los pobladores del municipio de Tercer Frente Oriental, en la provincia de Santiago de Cuba, marchar\u00e1n para depositar flores en el sitio donde descansan los restos del fundador de ese baluarte guerrillero durante la etapa definitiva de la lucha insurreccional en la isla.<\/p>\n<\/p>\n<p>Campesinos, representantes de las organizaciones pol\u00edticas y de masas, as\u00ed como los principales dirigentes del territorio recordar\u00e1n al Comandante de la Revoluci\u00f3n, considerado uno de los principales impulsores del proceso de cambios sociales, econ\u00f3micos y culturales que triunf\u00f3 en enero de 1959.<\/p>\n<\/p>\n<p>Desde su origen humilde en La Habana, se form\u00f3 en los valores patri\u00f3ticos por la conquista de los derechos que les eran negados a los negros de entonces.<\/p>\n<\/p>\n<p>Tras el golpe de Estado del 10 de marzo de 1952 se sum\u00f3 a la lucha contra la dictadura de Fulgencio Batista (1952-1959), cuando se vincul\u00f3 con el l\u00edder Fidel Castro.<\/p>\n<\/p>\n<p>Particip\u00f3 en el asalto al cuartel Moncada en 1953, form\u00f3 parte del exilio en M\u00e9xico, expedicionario del yate Granma, uno de los fundadores del Ej\u00e9rcito Rebelde, y se destac\u00f3 por su astucia militar en combates como el del Uvero (1957).<\/p>\n<\/p>\n<p>Comand\u00f3 el Tercer Frente Guerrillero de Santiago de Cuba y ocup\u00f3 numerosas responsabilidades despu\u00e9s del triunfo del 1 de enero de 1959.<\/p>\n<\/p>\n<p>Integr\u00f3 el Bur\u00f3 Pol\u00edtico del Comit\u00e9 Central del Partido Comunista de Cuba desde su fundaci\u00f3n en 1965, fue diputado y vicepresidente del Consejo de Estado, entre otros altos cargos.<\/p>\n<\/p>\n<p>Almeida tuvo adem\u00e1s una valiosa y amplia obra art\u00edstica con m\u00e1s de 300 canciones y una docena de libros.<\/p>\n<\/p>\n<p>mem\/ebr\/cvl<\/p>\n<h6> 2020-09-11 01:21:46 <\/h6>\n<p><!--\n<link rel=\"stylesheet\" href=\"css\/bootstrap.min.css\">\n\n\n<ul class=\"pagination\">\n\t    \n\t\n\n<li >\n\t<a href='?page_no=223'>Previous<\/a>\n\t<\/li>\n\n\n       \n    \n\n<li><a href='?page_no=1'>1<\/a><\/li>\n\n\n\n<li><a href='?page_no=2'>2<\/a><\/li>\n\n\n\n<li><a>...<\/a><\/li>\n\n\n\n<li><a href='?page_no=222'>222<\/a><\/li>\n\n\n\n<li><a href='?page_no=223'>223<\/a><\/li>\n\n\n\n<li class='active'><a>224<\/a><\/li>\n\n\n\n<li><a href='?page_no=225'>225<\/a><\/li>\n\n\n\n<li><a href='?page_no=226'>226<\/a><\/li>\n\n\n\n<li><a>...<\/a><\/li>\n\n\n\n<li><a href='?page_no=22911'>22911<\/a><\/li>\n\n\n\n<li><a href='?page_no=22912'>22912<\/a><\/li>\n\n    \n\t\n\n<li >\n\t<a href='?page_no=225'>Next<\/a>\n\t<\/li>\n\n\n    \n\n<li><a href='?page_no=22912'>Last &rsaquo;&rsaquo;<\/a><\/li>\n\n<\/ul>\n\n\n--><br \/>\n<\/body><\/p>\n","protected":false},"excerpt":{"rendered":"<p>Diariodominicano.com Cuba: Evocan a Juan Almeida en aniversario de su desaparici\u00f3n f\u00edsica La Habana, 11 sep (Prensa Latina) La obra revolucionaria y art\u00edstica del Comandante Juan Almeida es evocada hoy en Cuba a prop\u00f3sito del aniversario 11 de su desaparici\u00f3n f\u00edsica. Como homenaje, los pobladores del municipio de Tercer Frente Oriental, en la provincia de [&hellip;]<\/p>\n","protected":false},"author":3,"featured_media":0,"comment_status":"open","ping_status":"open","sticky":false,"template":"","format":"standard","meta":{"footnotes":""},"categories":[21],"tags":[],"class_list":["post-49618","post","type-post","status-publish","format-standard","hentry","category-cultura"],"_links":{"self":[{"href":"https:\/\/diariodominicano.com\/index.php?rest_route=\/wp\/v2\/posts\/49618","targetHints":{"allow":["GET"]}}],"collection":[{"href":"https:\/\/diariodominicano.com\/index.php?rest_route=\/wp\/v2\/posts"}],"about":[{"href":"https:\/\/diariodominicano.com\/index.php?rest_route=\/wp\/v2\/types\/post"}],"author":[{"embeddable":true,"href":"https:\/\/diariodominicano.com\/index.php?rest_route=\/wp\/v2\/users\/3"}],"replies":[{"embeddable":true,"href":"https:\/\/diariodominicano.com\/index.php?rest_route=%2Fwp%2Fv2%2Fcomments&post=49618"}],"version-history":[{"count":0,"href":"https:\/\/diariodominicano.com\/index.php?rest_route=\/wp\/v2\/posts\/49618\/revisions"}],"wp:attachment":[{"href":"https:\/\/diariodominicano.com\/index.php?rest_route=%2Fwp%2Fv2%2Fmedia&parent=49618"}],"wp:term":[{"taxonomy":"category","embeddable":true,"href":"https:\/\/diariodominicano.com\/index.php?rest_route=%2Fwp%2Fv2%2Fcategories&post=49618"},{"taxonomy":"post_tag","embeddable":true,"href":"https:\/\/diariodominicano.com\/index.php?rest_route=%2Fwp%2Fv2%2Ftags&post=49618"}],"curies":[{"name":"wp","href":"https:\/\/api.w.org\/{rel}","templated":true}]}}