{"id":496178,"date":"2023-12-15T20:34:30","date_gmt":"2023-12-16T00:34:30","guid":{"rendered":"https:\/\/diariodominicano.com\/?p=496178"},"modified":"2023-12-15T20:34:30","modified_gmt":"2023-12-16T00:34:30","slug":"julio-romero-afirma-su-candidatura-a-alcalde-de-santo-domingo-este-se-torna-cada-vez-mas-solida","status":"publish","type":"post","link":"https:\/\/diariodominicano.com\/?p=496178","title":{"rendered":"Julio Romero afirma su candidatura a alcalde de Santo Domingo Este se torna cada vez m\u00e1s s\u00f3lida"},"content":{"rendered":"\n<p><strong>En la combinaci\u00f3n fotogr\u00e1fica, el regidor Antonio Infante (El Poly), habla a los presentes en la reuni\u00f3n de los equipos de coordinadores liderados por \u00e9l, en respaldo a la candidatura de Julio Romero a la Alcald\u00eda de Santo Domingo Este. Abajo, parte de los asistentes al encuentro.<\/strong><\/p>\n\n\n\n<p><strong>Santo Domingo Este.-&nbsp;<\/strong>El candidato a alcalde de Santo Domingo Este por el Partido Fuerza del Pueblo, el Bloque Institucional Socialdem\u00f3crata (BIS), la coalici\u00f3n Juntos Podemos y otras organizaciones, Julio Romero, afirm\u00f3 que su oferta electoral est\u00e1 cada vez m\u00e1s s\u00f3lida, por lo que prev\u00e9 que el 18 de febrero de 2024 ser\u00e1 electo como el nuevo regente de esta municipalidad.<\/p>\n\n\n\n<p>Julio Romero emiti\u00f3 estas consideraciones al recibir el respaldo de cientos de dirigentes pol\u00edticos y comunitarios de la circunscripci\u00f3n n\u00famero tres del municipio Santo Domingo Este, liderados por el regidor y aspirante a la misma posici\u00f3n Antonio Infante (El Poly).<\/p>\n\n\n\n<p>Entre estos dirigentes pol\u00edticos y comunitarios hay decenas de coordinadores y presidentes de direccione medias de Fuerza del Pueblo, as\u00ed como l\u00edderes de juntas de vecinos, asociaciones de amas de casa, deportistas y estudiantes de diversos barrios y comunidades, que dicen estar firmemente convencidos de que la dupla Julio Romero alcalde y Antonio Infante (El Poly) regidor, es la mejor opci\u00f3n para enfrentar y solucionar los males que persisten en esta demarcaci\u00f3n.<\/p>\n\n\n\n<p>\u201cQueremos reafirmar aqu\u00ed el compromiso que, junto a nuestros cuadros, los diferentes equipos de trabajo y los mun\u00edcipes de la circunscripci\u00f3n n\u00famero Tres, hemos asumido; y lo hemos hecho para cumplir dos metas: ganar las elecciones municipales del 18 de febrero de 2024 para que Julio Romero sea nuestro alcalde y trabajar para que el 19 de mayo Fuerza del Pueblo, Juntos Podemos, RescateRD y las dem\u00e1s agrupaciones que caminan junto a nosotros, salgamos airosos y el doctor Leonel Fern\u00e1ndez gane ampliamente las elecciones\u201d, sentenci\u00f3 el regidor Antonio Infante (El Poly).<\/p>\n\n\n\n<p>Tras las palabras del regidor Antonio Infante (El Poly), el candidato a alcalde de Santo Domingo Este por el Partido Fuerza del Pueblo y aliados, Julio Romero, dijo estar convencido de que su candidatura se torna cada vez m\u00e1s s\u00f3lida.<\/p>\n\n\n\n<p>\u201cY decimos que nuestra candidatura est\u00e1 cada d\u00eda m\u00e1s solida porque al recorrer las tres circunscripciones de nuestro municipio, la comunidad \u2018estedominguense\u2019 as\u00ed lo expresa. Son cada d\u00eda m\u00e1s claras las se\u00f1ales de que, tal cual se expresa en este gran encuentro convocado por El Poly, ustedes est\u00e1n frente al pr\u00f3ximo alcalde de Santo Domingo Este\u201d, proclam\u00f3 Julio Romero, con expresiones y gestos de seguridad y solidez.<\/p>\n\n\n\n<p><br>Adem\u00e1s del candidato a alcalde de Santo Domingo Este por el Partido Fuerza del Pueblo y aliados, Julio Romero, as\u00ed como el regidor regidor Antonio Infante (El Poly), convocante a la actividad, en el encuentro participaron los candidatos a Diputados Haysel Gonz\u00e1lez e Hilaria Ubiera (Arelis), adem\u00e1s de importantes dirigentes y miembro de los bloques del partido liderado por Leonel Fern\u00e1ndez, as\u00ed como dirigentes de entidades comunitarias y de la sociedad civil.<\/p>\n\n\n\n<p><strong>Direcci\u00f3n de Comunicaciones y Relaciones P\u00fablicas,<\/strong><\/p>\n\n\n\n<p><strong>Proyecto Pol\u00edtico Julio Romero Alcalde SDE 2024-2028.<\/strong><\/p>\n\n\n\n<p><strong>Partido Fuerza del Pueblo<\/strong>&#8230;<\/p>\n","protected":false},"excerpt":{"rendered":"<p>En la combinaci\u00f3n fotogr\u00e1fica, el regidor Antonio Infante (El Poly), habla a los presentes en la reuni\u00f3n de los equipos de coordinadores liderados por \u00e9l, en respaldo a la candidatura de Julio Romero a la Alcald\u00eda de Santo Domingo Este. Abajo, parte de los asistentes al encuentro. Santo Domingo Este.-&nbsp;El candidato a alcalde de Santo [&hellip;]<\/p>\n","protected":false},"author":7,"featured_media":496201,"comment_status":"closed","ping_status":"","sticky":true,"template":"","format":"standard","meta":{"footnotes":""},"categories":[22,27],"tags":[],"class_list":["post-496178","post","type-post","status-publish","format-standard","has-post-thumbnail","hentry","category-politica","category-portada"],"_links":{"self":[{"href":"https:\/\/diariodominicano.com\/index.php?rest_route=\/wp\/v2\/posts\/496178","targetHints":{"allow":["GET"]}}],"collection":[{"href":"https:\/\/diariodominicano.com\/index.php?rest_route=\/wp\/v2\/posts"}],"about":[{"href":"https:\/\/diariodominicano.com\/index.php?rest_route=\/wp\/v2\/types\/post"}],"author":[{"embeddable":true,"href":"https:\/\/diariodominicano.com\/index.php?rest_route=\/wp\/v2\/users\/7"}],"replies":[{"embeddable":true,"href":"https:\/\/diariodominicano.com\/index.php?rest_route=%2Fwp%2Fv2%2Fcomments&post=496178"}],"version-history":[{"count":1,"href":"https:\/\/diariodominicano.com\/index.php?rest_route=\/wp\/v2\/posts\/496178\/revisions"}],"predecessor-version":[{"id":496224,"href":"https:\/\/diariodominicano.com\/index.php?rest_route=\/wp\/v2\/posts\/496178\/revisions\/496224"}],"wp:featuredmedia":[{"embeddable":true,"href":"https:\/\/diariodominicano.com\/index.php?rest_route=\/wp\/v2\/media\/496201"}],"wp:attachment":[{"href":"https:\/\/diariodominicano.com\/index.php?rest_route=%2Fwp%2Fv2%2Fmedia&parent=496178"}],"wp:term":[{"taxonomy":"category","embeddable":true,"href":"https:\/\/diariodominicano.com\/index.php?rest_route=%2Fwp%2Fv2%2Fcategories&post=496178"},{"taxonomy":"post_tag","embeddable":true,"href":"https:\/\/diariodominicano.com\/index.php?rest_route=%2Fwp%2Fv2%2Ftags&post=496178"}],"curies":[{"name":"wp","href":"https:\/\/api.w.org\/{rel}","templated":true}]}}