{"id":496118,"date":"2023-12-15T15:36:20","date_gmt":"2023-12-15T19:36:20","guid":{"rendered":"https:\/\/diariodominicano.com\/?p=496118"},"modified":"2023-12-15T15:36:20","modified_gmt":"2023-12-15T19:36:20","slug":"miguel-vargas-alianza-rescate-rd-superara-al-gobierno-en-2024","status":"publish","type":"post","link":"https:\/\/diariodominicano.com\/?p=496118","title":{"rendered":"Miguel Vargas: \u201cAlianza Rescate RD superar\u00e1 al gobierno en 2024\u201d"},"content":{"rendered":"\n<p> <strong><em>El candidato presidencial del PRD afirma que la \u201cpromesa de cambio\u201d fracas\u00f3 <\/em><\/strong> <\/p>\n\n\n\n<p>Santo Domingo. \u2013 El candidato presidencial del Partido Revolucionario Dominicano (PRD), Miguel Vargas Maldonado, asegur\u00f3 que los votos en favor de la Alianza Opositora Rescate RD superar\u00e1n a los del oficialismo, tanto en febrero como en mayo del pr\u00f3ximo a\u00f1o 2024.<\/p>\n\n\n\n<p>Vargas explic\u00f3 que los dominicanos votar\u00e1n para redirigir al pa\u00eds por un nuevo rumbo, debido a que el partido gobernante fracas\u00f3 en su \u201cpromesa de cambio\u201d. Dijo que as\u00ed lo evidencian sus desacertadas acciones, \u201cque han movido a la gente al descontento y desesperaci\u00f3n\u201d.<\/p>\n\n\n\n<p>\u201cLa Alianza Opositora Rescate RD tendr\u00e1 m\u00e1s votos en febrero 18 y en mayo 19 que los perreme\u00edstas y su administraci\u00f3n. Eso constituye una segunda vuelta y all\u00ed un presidente de esta alianza ser\u00e1 quien gobernar\u00e1 el pa\u00eds\u201d, manifest\u00f3 el tambi\u00e9n vocero de la coalici\u00f3n que integra a los tres partidos mayoritarios de oposici\u00f3n.<\/p>\n\n\n\n<figure class=\"wp-block-image size-large\"><img loading=\"lazy\" decoding=\"async\" width=\"1024\" height=\"684\" src=\"https:\/\/diariodominicano.com\/wp-content\/uploads\/2023\/12\/MVM-Miguel-Vargas-Alianza-Rescate-RD-superara-al-gobierno-en-2024-1024x684.jpg\" alt=\"\" class=\"wp-image-496132\" srcset=\"https:\/\/diariodominicano.com\/wp-content\/uploads\/2023\/12\/MVM-Miguel-Vargas-Alianza-Rescate-RD-superara-al-gobierno-en-2024-1024x684.jpg 1024w, https:\/\/diariodominicano.com\/wp-content\/uploads\/2023\/12\/MVM-Miguel-Vargas-Alianza-Rescate-RD-superara-al-gobierno-en-2024-300x200.jpg 300w, https:\/\/diariodominicano.com\/wp-content\/uploads\/2023\/12\/MVM-Miguel-Vargas-Alianza-Rescate-RD-superara-al-gobierno-en-2024-768x513.jpg 768w, https:\/\/diariodominicano.com\/wp-content\/uploads\/2023\/12\/MVM-Miguel-Vargas-Alianza-Rescate-RD-superara-al-gobierno-en-2024-1536x1025.jpg 1536w, https:\/\/diariodominicano.com\/wp-content\/uploads\/2023\/12\/MVM-Miguel-Vargas-Alianza-Rescate-RD-superara-al-gobierno-en-2024-816x545.jpg 816w, https:\/\/diariodominicano.com\/wp-content\/uploads\/2023\/12\/MVM-Miguel-Vargas-Alianza-Rescate-RD-superara-al-gobierno-en-2024.jpg 1600w\" sizes=\"auto, (max-width: 1024px) 100vw, 1024px\" \/><\/figure>\n\n\n\n<p>El presidente del PRD indic\u00f3, asimismo, que el principal da\u00f1o al que esta gesti\u00f3n ha sometido a la ciudadan\u00eda es el alto costo de la vida. Agreg\u00f3 que le siguen \u201cla inseguridad y criminalidad, el alto endeudamiento sin explicaciones y sin resultados, la mala gesti\u00f3n de la pol\u00edtica exterior, as\u00ed como el retroceso en el sector energ\u00e9tico\u201d.<\/p>\n\n\n\n<p>\u201cHa habido un descuido total y el manejo del presupuesto ha sido acomodado a las voluntades y a las necesidades del gobierno\u201d, a\u00f1adi\u00f3. El l\u00edder perrede\u00edsta alert\u00f3 que \u201ceso no corresponde a una pol\u00edtica conforme a la Ley de Presupuesto General del Estado\u201d.<\/p>\n\n\n\n<p>Explic\u00f3 que Rescate RD es la \u00fanica opci\u00f3n que tiene el pa\u00eds para sacar al partido gobernante del poder y enrumbarse hacia un nuevo camino.<\/p>\n\n\n\n<p>Miguel Vargas agreg\u00f3 que, de acuerdo con la m\u00e1s reciente encuesta a la que tuvo acceso, realizada por una entidad empresarial, el actual mandatario ten\u00eda un 43 % de intenci\u00f3n de voto. \u201c\u00c9l no llegar\u00e1 a un 40 % en las elecciones de mayo\u201d, expres\u00f3 Miguel Vargas al ser entrevistado en el programa radial El Rumbo de la Ma\u00f1ana.<\/p>\n\n\n\n<p><strong>Alianza consolidada<\/strong><\/p>\n\n\n\n<p>El candidato presidencial del PRD y vocero de la Alianza Rescate RD se\u00f1al\u00f3 que tanto su partido como el de la Liberaci\u00f3n Dominicana (PLD) y la Fuerza del Pueblo (FP) votar\u00e1n por los candidatos y candidatos que llevar\u00e1n aliados a los comicios municipales y congresuales del 2024.<\/p>\n\n\n\n<p>Record\u00f3 que dicha coalici\u00f3n abarca lo municipal, congresual y presidencial. Tambi\u00e9n dijo que establecieron un protocolo sobre el proceso de campa\u00f1a, \u201cpor lo que es una realidad que se implementa en el pa\u00eds y la Alianza est\u00e1 consolidada\u201d.<\/p>\n","protected":false},"excerpt":{"rendered":"<p>El candidato presidencial del PRD afirma que la \u201cpromesa de cambio\u201d fracas\u00f3 Santo Domingo. \u2013 El candidato presidencial del Partido Revolucionario Dominicano (PRD), Miguel Vargas Maldonado, asegur\u00f3 que los votos en favor de la Alianza Opositora Rescate RD superar\u00e1n a los del oficialismo, tanto en febrero como en mayo del pr\u00f3ximo a\u00f1o 2024. Vargas explic\u00f3 [&hellip;]<\/p>\n","protected":false},"author":7,"featured_media":496133,"comment_status":"closed","ping_status":"","sticky":true,"template":"","format":"standard","meta":{"footnotes":""},"categories":[22,27],"tags":[],"class_list":["post-496118","post","type-post","status-publish","format-standard","has-post-thumbnail","hentry","category-politica","category-portada"],"_links":{"self":[{"href":"https:\/\/diariodominicano.com\/index.php?rest_route=\/wp\/v2\/posts\/496118","targetHints":{"allow":["GET"]}}],"collection":[{"href":"https:\/\/diariodominicano.com\/index.php?rest_route=\/wp\/v2\/posts"}],"about":[{"href":"https:\/\/diariodominicano.com\/index.php?rest_route=\/wp\/v2\/types\/post"}],"author":[{"embeddable":true,"href":"https:\/\/diariodominicano.com\/index.php?rest_route=\/wp\/v2\/users\/7"}],"replies":[{"embeddable":true,"href":"https:\/\/diariodominicano.com\/index.php?rest_route=%2Fwp%2Fv2%2Fcomments&post=496118"}],"version-history":[{"count":1,"href":"https:\/\/diariodominicano.com\/index.php?rest_route=\/wp\/v2\/posts\/496118\/revisions"}],"predecessor-version":[{"id":496134,"href":"https:\/\/diariodominicano.com\/index.php?rest_route=\/wp\/v2\/posts\/496118\/revisions\/496134"}],"wp:featuredmedia":[{"embeddable":true,"href":"https:\/\/diariodominicano.com\/index.php?rest_route=\/wp\/v2\/media\/496133"}],"wp:attachment":[{"href":"https:\/\/diariodominicano.com\/index.php?rest_route=%2Fwp%2Fv2%2Fmedia&parent=496118"}],"wp:term":[{"taxonomy":"category","embeddable":true,"href":"https:\/\/diariodominicano.com\/index.php?rest_route=%2Fwp%2Fv2%2Fcategories&post=496118"},{"taxonomy":"post_tag","embeddable":true,"href":"https:\/\/diariodominicano.com\/index.php?rest_route=%2Fwp%2Fv2%2Ftags&post=496118"}],"curies":[{"name":"wp","href":"https:\/\/api.w.org\/{rel}","templated":true}]}}