{"id":49607,"date":"2020-09-11T19:38:24","date_gmt":"2020-09-11T19:38:24","guid":{"rendered":"http:\/\/diariodominicano.ddns.net\/?p=49607"},"modified":"2020-09-11T19:38:24","modified_gmt":"2020-09-11T19:38:24","slug":"ministerio-de-cultura-ofrece-presentacion-musical-a-cargo-de-la-prestigiosa-violinista-aisha-syed","status":"publish","type":"post","link":"https:\/\/diariodominicano.com\/?p=49607","title":{"rendered":"Ministerio de Cultura ofrece presentaci\u00f3n musical a cargo de la prestigiosa violinista Aisha Syed"},"content":{"rendered":"<p><body><\/p>\n<p><img decoding=\"async\" src=\"img3\/Cultura aisha Syed11-9-20.jpeg\" \/>  <\/p>\n<p><span class=\"text1noticias\">diariodominicano.com<\/span><\/p>\n<p><span class=\"text1noticias\"> <\/span><\/p>\n<p>Santo Domingo, R. D., 11 de septiembre, 2020.- <span class=\"text1noticias\">Con el prop\u00f3sito de llevar arte y esparcimiento a los hogares en tiempos de Covid-19, el Ministerio de Cultura ofreci\u00f3 la presentaci\u00f3n musical de la prestigiosa violinista dominicana, Aisha Syed, con transmisi\u00f3n en vivo por la rede social de miculturard.<\/span><\/p>\n<\/p>\n<p><span class=\"text1noticias\">Se trat\u00f3 de la primera iniciativa que el MINC pone en ejecuci\u00f3n para promover la m\u00fasica nacional, en la cual, la artista hizo gala de su imponente virtuosismo, en una actividad celebrada en la sede de la entidad cultural, que estuvo encabezada por la ministra de Cultura, profesora Carmen Heredia de Guerrero.<\/span><\/p>\n<\/p>\n<p><span class=\"text1noticias\">La titular de Cultura estuvo acompa\u00f1ada por los viceministros Giovanni Cruz, de Creatividad y Participaci\u00f3n Popular, y Fernando Antonio Cruz (Bonny Cepeda), de Descentralizaci\u00f3n y Coordinaci\u00f3n Territorial.<\/span><\/p>\n<\/p>\n<p><span class=\"text1noticias\">Tambi\u00e9n, estuvo presente el director general de Bellas Artes, Mario Lebr\u00f3n; Guillermo Cordero, asesor de Eventos y Relaciones Interinstitucionales, y Jessica Monegro, asesora de Cultura.<\/span><\/p>\n<\/p>\n<p><span class=\"text1noticias\">La ministra Carmen Heredia agradeci\u00f3 a la virtuosa Aisha Syed el haber aceptado su invitaci\u00f3n de interpretar tan emocionantes piezas para el disfrute de los presentes y del p\u00fablico virtual.<\/span><\/p>\n<\/p>\n<p><span class=\"text1noticias\">De su lado, Syed expres\u00f3 que: \u00abes, en gran manera, reconfortante poder tocarle a un p\u00fablico en vivo todos los conciertos que, tanto mis colegas como yo, hemos estado tocando de forma virtual\u00bb. Del mismo modo, agradeci\u00f3 a la titular de Cultura la invitaci\u00f3n y destac\u00f3 los ingentes esfuerzos que realiza su gesti\u00f3n para apoyar el arte dominicano.<\/span><\/p>\n<\/p>\n<p><span class=\"text1noticias\">La violinista ofreci\u00f3 un selecto repertorio musical, cerrando su presentaci\u00f3n con la ejecuci\u00f3n del tema \u00abPor amor\u00bb, de Rafael Solano, acompa\u00f1ada por Bonny Cepeda, suscitando la ovaci\u00f3n del p\u00fablico que disfrut\u00f3, de principio a fin, la funci\u00f3n.<\/span><\/p>\n<\/p>\n<p><span class=\"text1noticias\">Aisha Syed Castro es una violinista dominicana de gran fama internacional.  Es reconocida entre los violinistas m\u00e1s emocionantes del mundo.<\/span> <\/p>\n<p><span class=\"text1noticias\"> <\/span><\/p>\n<p><span class=\"text1noticias\">Fuente:Direcci\u00f3n de Comunicaciones<\/span><\/p>\n<p><span class=\"text1noticias\">Ministerio de Cultura de la Rep\u00fablica Dominicana<\/span><\/p>\n<h6> 2020-09-11 19:38:24 <\/h6>\n<p><!--\n<link rel=\"stylesheet\" href=\"css\/bootstrap.min.css\">\n\n\n<ul class=\"pagination\">\n\t    \n\t\n\n<li >\n\t<a href='?page_no=222'>Previous<\/a>\n\t<\/li>\n\n\n       \n    \n\n<li><a href='?page_no=1'>1<\/a><\/li>\n\n\n\n<li><a href='?page_no=2'>2<\/a><\/li>\n\n\n\n<li><a>...<\/a><\/li>\n\n\n\n<li><a href='?page_no=221'>221<\/a><\/li>\n\n\n\n<li><a href='?page_no=222'>222<\/a><\/li>\n\n\n\n<li class='active'><a>223<\/a><\/li>\n\n\n\n<li><a href='?page_no=224'>224<\/a><\/li>\n\n\n\n<li><a href='?page_no=225'>225<\/a><\/li>\n\n\n\n<li><a>...<\/a><\/li>\n\n\n\n<li><a href='?page_no=22911'>22911<\/a><\/li>\n\n\n\n<li><a href='?page_no=22912'>22912<\/a><\/li>\n\n    \n\t\n\n<li >\n\t<a href='?page_no=224'>Next<\/a>\n\t<\/li>\n\n\n    \n\n<li><a href='?page_no=22912'>Last &rsaquo;&rsaquo;<\/a><\/li>\n\n<\/ul>\n\n\n--><br \/>\n<\/body><\/p>\n","protected":false},"excerpt":{"rendered":"<p>diariodominicano.com Santo Domingo, R. D., 11 de septiembre, 2020.- Con el prop\u00f3sito de llevar arte y esparcimiento a los hogares en tiempos de Covid-19, el Ministerio de Cultura ofreci\u00f3 la presentaci\u00f3n musical de la prestigiosa violinista dominicana, Aisha Syed, con transmisi\u00f3n en vivo por la rede social de miculturard. Se trat\u00f3 de la primera iniciativa [&hellip;]<\/p>\n","protected":false},"author":3,"featured_media":0,"comment_status":"open","ping_status":"open","sticky":false,"template":"","format":"standard","meta":{"footnotes":""},"categories":[21],"tags":[],"class_list":["post-49607","post","type-post","status-publish","format-standard","hentry","category-cultura"],"_links":{"self":[{"href":"https:\/\/diariodominicano.com\/index.php?rest_route=\/wp\/v2\/posts\/49607","targetHints":{"allow":["GET"]}}],"collection":[{"href":"https:\/\/diariodominicano.com\/index.php?rest_route=\/wp\/v2\/posts"}],"about":[{"href":"https:\/\/diariodominicano.com\/index.php?rest_route=\/wp\/v2\/types\/post"}],"author":[{"embeddable":true,"href":"https:\/\/diariodominicano.com\/index.php?rest_route=\/wp\/v2\/users\/3"}],"replies":[{"embeddable":true,"href":"https:\/\/diariodominicano.com\/index.php?rest_route=%2Fwp%2Fv2%2Fcomments&post=49607"}],"version-history":[{"count":0,"href":"https:\/\/diariodominicano.com\/index.php?rest_route=\/wp\/v2\/posts\/49607\/revisions"}],"wp:attachment":[{"href":"https:\/\/diariodominicano.com\/index.php?rest_route=%2Fwp%2Fv2%2Fmedia&parent=49607"}],"wp:term":[{"taxonomy":"category","embeddable":true,"href":"https:\/\/diariodominicano.com\/index.php?rest_route=%2Fwp%2Fv2%2Fcategories&post=49607"},{"taxonomy":"post_tag","embeddable":true,"href":"https:\/\/diariodominicano.com\/index.php?rest_route=%2Fwp%2Fv2%2Ftags&post=49607"}],"curies":[{"name":"wp","href":"https:\/\/api.w.org\/{rel}","templated":true}]}}