{"id":495892,"date":"2023-12-13T15:28:19","date_gmt":"2023-12-13T19:28:19","guid":{"rendered":"https:\/\/diariodominicano.com\/?p=495892"},"modified":"2023-12-13T15:28:19","modified_gmt":"2023-12-13T19:28:19","slug":"haiti-celebra-historico-acuerdo-en-cumbre-del-clima","status":"publish","type":"post","link":"https:\/\/diariodominicano.com\/?p=495892","title":{"rendered":"Hait\u00ed celebra hist\u00f3rico acuerdo en Cumbre del Clima"},"content":{"rendered":"\n<p>Puerto Pr\u00edncipe, 13 dic (Prensa Latina) El Ministerio de Medioambiente de Hait\u00ed celebr\u00f3 hoy el acuerdo hist\u00f3rico alcanzado en la 28 Conferencia de las Naciones Unidas sobre el Cambio Clim\u00e1tico (COP28) para dejar atr\u00e1s los combustibles f\u00f3siles responsables del calentamiento global.&nbsp;&nbsp;&nbsp;&nbsp;<\/p>\n\n\n\n<ul class=\"wp-block-list\"><li>diciembre 13, 2023<\/li><li>CST13:01 (GMT) -0500<\/li><\/ul>\n\n\n\n<p>La cartera se\u00f1al\u00f3 que el documento tiene como objetivo acelerar la acci\u00f3n en los pr\u00f3ximos 10 a\u00f1os, con el fin de lograr la neutralidad de carbono en 2050.<\/p>\n\n\n\n<p>Este mi\u00e9rcoles pa\u00edses de todo el mundo aprobaron en la COP28 de Dub\u00e1i un compromiso para abandonar progresivamente los combustibles f\u00f3siles, principales culpables de la emisi\u00f3n de gases de efecto invernadero y del calentamiento global.<\/p>\n\n\n\n<p>Durante la apertura de la sesi\u00f3n plenaria los delegados de 198 pa\u00edses adoptaron la declaraci\u00f3n preparada por los Emiratos \u00c1rabes Unidos que tambi\u00e9n incluy\u00f3 la decisi\u00f3n de triplicar las energ\u00edas renovables y duplicar la eficiencia energ\u00e9tica.<\/p>\n\n\n\n<p>\u201cHemos afrontado realidades y hemos encaminado al mundo en la direcci\u00f3n correcta\u201d, asegur\u00f3 el Sultan Al Jaber.<\/p>\n\n\n\n<p>\u201cLe hemos proporcionado un s\u00f3lido plan de acci\u00f3n para mantener el 1,5 grados Celsius a nuestro alcance\u201d, subray\u00f3.<\/p>\n\n\n\n<p>El documento contribuir\u00e1 a reducir los riesgos que enfrentan los pa\u00edses m\u00e1s vulnerables a los impactos del cambio clim\u00e1tico, adem\u00e1s de lograr un equilibrio entre las necesidades de desarrollo y la acci\u00f3n clim\u00e1tica.<\/p>\n\n\n\n<p>La delegaci\u00f3n de Hait\u00ed estuvo presente en la COP28 celebrada en Dub\u00e1i en la cual alent\u00f3 a todos los pa\u00edses a realizar cambios urgentes para reducir el impacto en las poblaciones m\u00e1s vulnerables.<\/p>\n\n\n\n<p>La ventana para evitar superar el umbral de aumento de la temperatura global de 1,5 grados Celsius se est\u00e1 cerrando r\u00e1pidamente, record\u00f3 el ministro de Medioambiente James Cadet.<\/p>\n\n\n\n<p>Cualquier retraso adicional durante esta d\u00e9cada cr\u00edtica resultar\u00e1 en escenarios catastr\u00f3ficos para los peque\u00f1os estados insulares en desarrollo como Hait\u00ed, que todav\u00eda est\u00e1n luchando por recuperarse de las recientes inundaciones mortales que fueron devastadoras para la econom\u00eda del pa\u00eds, se\u00f1al\u00f3.<\/p>\n\n\n\n<p>ro\/ane<\/p>\n\n\n\n<ul class=\"wp-block-list\"><li><\/li><\/ul>\n","protected":false},"excerpt":{"rendered":"<p>Puerto Pr\u00edncipe, 13 dic (Prensa Latina) El Ministerio de Medioambiente de Hait\u00ed celebr\u00f3 hoy el acuerdo hist\u00f3rico alcanzado en la 28 Conferencia de las Naciones Unidas sobre el Cambio Clim\u00e1tico (COP28) para dejar atr\u00e1s los combustibles f\u00f3siles responsables del calentamiento global.&nbsp;&nbsp;&nbsp;&nbsp; diciembre 13, 2023 CST13:01 (GMT) -0500 La cartera se\u00f1al\u00f3 que el documento tiene como [&hellip;]<\/p>\n","protected":false},"author":28,"featured_media":495893,"comment_status":"closed","ping_status":"","sticky":true,"template":"","format":"standard","meta":{"footnotes":""},"categories":[36,112,23,27],"tags":[],"class_list":["post-495892","post","type-post","status-publish","format-standard","has-post-thumbnail","hentry","category-hombresmujeresycosas","category-haiti","category-internacional","category-portada"],"_links":{"self":[{"href":"https:\/\/diariodominicano.com\/index.php?rest_route=\/wp\/v2\/posts\/495892","targetHints":{"allow":["GET"]}}],"collection":[{"href":"https:\/\/diariodominicano.com\/index.php?rest_route=\/wp\/v2\/posts"}],"about":[{"href":"https:\/\/diariodominicano.com\/index.php?rest_route=\/wp\/v2\/types\/post"}],"author":[{"embeddable":true,"href":"https:\/\/diariodominicano.com\/index.php?rest_route=\/wp\/v2\/users\/28"}],"replies":[{"embeddable":true,"href":"https:\/\/diariodominicano.com\/index.php?rest_route=%2Fwp%2Fv2%2Fcomments&post=495892"}],"version-history":[{"count":1,"href":"https:\/\/diariodominicano.com\/index.php?rest_route=\/wp\/v2\/posts\/495892\/revisions"}],"predecessor-version":[{"id":495894,"href":"https:\/\/diariodominicano.com\/index.php?rest_route=\/wp\/v2\/posts\/495892\/revisions\/495894"}],"wp:featuredmedia":[{"embeddable":true,"href":"https:\/\/diariodominicano.com\/index.php?rest_route=\/wp\/v2\/media\/495893"}],"wp:attachment":[{"href":"https:\/\/diariodominicano.com\/index.php?rest_route=%2Fwp%2Fv2%2Fmedia&parent=495892"}],"wp:term":[{"taxonomy":"category","embeddable":true,"href":"https:\/\/diariodominicano.com\/index.php?rest_route=%2Fwp%2Fv2%2Fcategories&post=495892"},{"taxonomy":"post_tag","embeddable":true,"href":"https:\/\/diariodominicano.com\/index.php?rest_route=%2Fwp%2Fv2%2Ftags&post=495892"}],"curies":[{"name":"wp","href":"https:\/\/api.w.org\/{rel}","templated":true}]}}