{"id":49585,"date":"2020-09-11T21:51:25","date_gmt":"2020-09-11T21:51:25","guid":{"rendered":"http:\/\/diariodominicano.ddns.net\/?p=49585"},"modified":"2020-09-11T21:51:25","modified_gmt":"2020-09-11T21:51:25","slug":"se-movilizan-para-exigir-la-salida-de-los-trujillo","status":"publish","type":"post","link":"https:\/\/diariodominicano.com\/?p=49585","title":{"rendered":"Se movilizan para exigir la salida de los Trujillo"},"content":{"rendered":"<p><body><\/p>\n<p><img decoding=\"async\" src=\"img3\/Ramfis Trujillo 1.jpg\" \/>  <\/p>\n<p><strong>Diariodominicano.com<\/strong><\/p>\n<p><strong>El pueblo dominicano se moviliza para exigir la salida de los Trujillo<\/strong><\/p>\n<p><strong>Las protestas coincidieron con el arribo al pa\u00eds de una misi\u00f3n de la Organizaci\u00f3n de los Estados Americanos (OEA) que vino a mediar en la crisis dominicana.<\/strong><\/p>\n<p><strong>Por H\u00e9ctor Tineo Nolasco<\/strong><\/p>\n<p><strong>Diariodominicano.com<\/strong><\/p>\n<\/p>\n<p><strong>SANTO DOMINGO, el  12 de septiembre de 1961,<\/strong> se produjeron protestas en la ciudad de Santo Domingo, en reclamo de la salida de la familia y ex colaboradores del dictador Rafael Le\u00f3nidas Trujillo Molina.<\/p>\n<p>    Las protestas coincidieron con el arribo al pa\u00eds de una misi\u00f3n de la Organizaci\u00f3n de los Estados Americanos  (OEA) que vino a mediar en la crisis dominicana.<\/p>\n<p>   <strong> Los manifestantes reclamaban la salida del general Rafael Le\u00f3nidas -Ramfis- Trujillo Mart\u00ednez y el presidente  interino Joaqu\u00edn Balaguer, as\u00ed como los dem\u00e1s miembros de la familia y colaboradores de la dictadura de Trujillo.<\/strong><\/p>\n<p>   La misi\u00f3n de la OEA estuvo en el pa\u00eds hasta el 28 de septiembre de 1961.<\/p>\n<p>Ramfis Trujillo desempe\u00f1aba las funciones de Jefe del Estado Mayor Conjunto, la m\u00e1xima jerarqu\u00eda militar  en ese momento. <\/p>\n<p>A pesar de las protestas, los Trujillo se mantuvieron en el pa\u00eds hasta el mes de noviembre de 1961. Y Ramfis Trujillo, jefe del Estado Mayor General Conjunto de las Fuerzas Armadas, General de Cuatro Estrellas, lo hizo la noche del 18 de noviembre de ese a\u00f1o  tras asesinar a Modesto D\u00edaz, Luis Manuel  ?Tunti- C\u00e1ceres, Salvador Estrella Sahdal\u00e1, Pedro Livio Cede\u00f1o, Hu\u00e1scar Tejeda y Roberto Pastoriza, quienes hab\u00edan participado en el plan que culmin\u00f3 con la eliminaci\u00f3n f\u00edsica del dictador Trujillo Molina, la noche del 30 de mayo de 1961.<\/p>\n<p>    Con la ejecuci\u00f3n del grupo Ramfis Trujillo consum\u00f3 un plan que trataba de llevar a cabo desde hac\u00eda varias semanas. Su objetivo era sacar los presos del Penal de La Victoria y simular una fuga.<\/p>\n<\/p>\n<p>El  grupo hab\u00eda sido sacado el mismo 18 de noviembre del Palacio de Justicia de Ciudad Nueva con el pretexto de que ser\u00edan trasladados al Penal de La Victoria, pero el veh\u00edculo fue desviado al lugar donde todo estaba preparado para ejecutarlo en la Hacienda Mar\u00eda.<\/p>\n<p>     De La Victoria hab\u00edan sido sacados en la ma\u00f1ana por una patrulla comandada por el Jefe  del Penal, Mayor Dante Minervino, con el ardid de que ser\u00edan llevados al Palacio de Justicia de Ciudad Nueva para un descenso al lugar donde fue muerto Trujillo.<\/p>\n<\/p>\n<\/p>\n<h6> 2020-09-11 21:51:25 <\/h6>\n<p><!--\n<link rel=\"stylesheet\" href=\"css\/bootstrap.min.css\">\n\n\n<ul class=\"pagination\">\n\t    \n\t\n\n<li >\n\t<a href='?page_no=220'>Previous<\/a>\n\t<\/li>\n\n\n       \n    \n\n<li><a href='?page_no=1'>1<\/a><\/li>\n\n\n\n<li><a href='?page_no=2'>2<\/a><\/li>\n\n\n\n<li><a>...<\/a><\/li>\n\n\n\n<li><a href='?page_no=219'>219<\/a><\/li>\n\n\n\n<li><a href='?page_no=220'>220<\/a><\/li>\n\n\n\n<li class='active'><a>221<\/a><\/li>\n\n\n\n<li><a href='?page_no=222'>222<\/a><\/li>\n\n\n\n<li><a href='?page_no=223'>223<\/a><\/li>\n\n\n\n<li><a>...<\/a><\/li>\n\n\n\n<li><a href='?page_no=22911'>22911<\/a><\/li>\n\n\n\n<li><a href='?page_no=22912'>22912<\/a><\/li>\n\n    \n\t\n\n<li >\n\t<a href='?page_no=222'>Next<\/a>\n\t<\/li>\n\n\n    \n\n<li><a href='?page_no=22912'>Last &rsaquo;&rsaquo;<\/a><\/li>\n\n<\/ul>\n\n\n--><br \/>\n<\/body><\/p>\n","protected":false},"excerpt":{"rendered":"<p>Diariodominicano.com El pueblo dominicano se moviliza para exigir la salida de los Trujillo Las protestas coincidieron con el arribo al pa\u00eds de una misi\u00f3n de la Organizaci\u00f3n de los Estados Americanos (OEA) que vino a mediar en la crisis dominicana. Por H\u00e9ctor Tineo Nolasco Diariodominicano.com SANTO DOMINGO, el 12 de septiembre de 1961, se produjeron [&hellip;]<\/p>\n","protected":false},"author":3,"featured_media":0,"comment_status":"open","ping_status":"open","sticky":false,"template":"","format":"standard","meta":{"footnotes":""},"categories":[21],"tags":[],"class_list":["post-49585","post","type-post","status-publish","format-standard","hentry","category-cultura"],"_links":{"self":[{"href":"https:\/\/diariodominicano.com\/index.php?rest_route=\/wp\/v2\/posts\/49585","targetHints":{"allow":["GET"]}}],"collection":[{"href":"https:\/\/diariodominicano.com\/index.php?rest_route=\/wp\/v2\/posts"}],"about":[{"href":"https:\/\/diariodominicano.com\/index.php?rest_route=\/wp\/v2\/types\/post"}],"author":[{"embeddable":true,"href":"https:\/\/diariodominicano.com\/index.php?rest_route=\/wp\/v2\/users\/3"}],"replies":[{"embeddable":true,"href":"https:\/\/diariodominicano.com\/index.php?rest_route=%2Fwp%2Fv2%2Fcomments&post=49585"}],"version-history":[{"count":0,"href":"https:\/\/diariodominicano.com\/index.php?rest_route=\/wp\/v2\/posts\/49585\/revisions"}],"wp:attachment":[{"href":"https:\/\/diariodominicano.com\/index.php?rest_route=%2Fwp%2Fv2%2Fmedia&parent=49585"}],"wp:term":[{"taxonomy":"category","embeddable":true,"href":"https:\/\/diariodominicano.com\/index.php?rest_route=%2Fwp%2Fv2%2Fcategories&post=49585"},{"taxonomy":"post_tag","embeddable":true,"href":"https:\/\/diariodominicano.com\/index.php?rest_route=%2Fwp%2Fv2%2Ftags&post=49585"}],"curies":[{"name":"wp","href":"https:\/\/api.w.org\/{rel}","templated":true}]}}