{"id":49574,"date":"2020-09-12T13:45:05","date_gmt":"2020-09-12T13:45:05","guid":{"rendered":"http:\/\/diariodominicano.ddns.net\/?p=49574"},"modified":"2020-09-12T13:45:05","modified_gmt":"2020-09-12T13:45:05","slug":"mescyt-anuncia-v-congreso-estudiantil-de-investigacion-cientifica-del-15-al-18-de-septiembre","status":"publish","type":"post","link":"https:\/\/diariodominicano.com\/?p=49574","title":{"rendered":"MESCYT anuncia V Congreso Estudiantil de Investigaci\u00f3n Cient\u00edfica del 15 al 18 de septiembre"},"content":{"rendered":"<p><body><\/p>\n<p><img decoding=\"async\" src=\"http:\/\/localhost:8080\/img3\/ministroFranklin%20Ferm%C3%83%C2%ADn12-9-20.PNG\" \/><br \/><img decoding=\"async\" src=\"img3\/franklin g1209.png\" \/>  <\/p>\n<p><strong><span class=\"text1noticias\"> <\/span><\/strong><\/p>\n<p><strong><span class=\"text1noticias\">diariodominicano.com<\/span><\/strong><\/p>\n<p><strong><span class=\"text1noticias\"> <\/span><\/strong><\/p>\n<p><strong><span class=\"text1noticias\">Santo Domingo, R. D., 12 de septiembre, 2020.-<\/span><\/strong><span class=\"text1noticias\"> El ministro de Educaci\u00f3n Superior, Ciencia y Tecnolog\u00eda (MESCYT), doctor Franklin Garc\u00eda Ferm\u00edn, anunci\u00f3 el V Congreso Estudiantil de Investigaci\u00f3n Cient\u00edfica y Tecnol\u00f3gica (VCEICYT), con la participaci\u00f3n de diecinueve universidades del pa\u00eds e invitados internacionales, a celebrarse de manera virtual los d\u00edas 15, 16, 17 y 18 de este mes.<\/span><\/p>\n<p><span class=\"text1noticias\"> <\/span><\/p>\n<p><span class=\"text1noticias\">El evento es organizado por el MESCYT de forma conjunta con la Universidad Aut\u00f3noma de Santo Domingo (UASD), la Universidad Abierta para Adultos (UAPA), APEC (UNAPEC), la Universidad Nacional Pedro Henr\u00edquez Ure\u00f1a (UNPHU), Instituto Tecnol\u00f3gico de Santo Domingo (INTEC), la Universidad del Caribe (UNICARIBE), la Universidad Federico Henr\u00edquez y Carvajal (UFHEC) y la Universidad Cat\u00f3lica Madre y Maestra (PUCMM). Adem\u00e1s de la Red de Investigaci\u00f3n de la Asociaci\u00f3n Dominicana de Rectores de Universidades (RIADRU).<\/span><\/p>\n<p><span class=\"text1noticias\"> <\/span><\/p>\n<p><span class=\"text1noticias\">El CEICYT es un espacio para dar a conocer iniciativas de investigaci\u00f3n de estudiantes universitarios del nivel de grado, en las \u00e1reas cient\u00edficas y tecnol\u00f3gicas en el que se busca contribuir al fomento de la cultura de estudios e innovaci\u00f3n en la naci\u00f3n, con miras a insertarla en la sociedad del conocimiento. <\/span><\/p>\n<p><span class=\"text1noticias\"> <\/span><\/p>\n<p><span class=\"text1noticias\">En este a\u00f1o el congreso estudiantil contar\u00e1 con la participaci\u00f3n de estudiantes de diecinueve universidades y de invitados de Cuba, Brasil y Chile, entre otros. <\/span><\/p>\n<p><span class=\"text1noticias\"> <\/span><\/p>\n<p><span class=\"text1noticias\">Entre las \u00e1reas o campos disciplinarios para la presentaci\u00f3n de trabajos de investigaci\u00f3n se encuentran las de ciencias b\u00e1sicas, como la biolog\u00eda, qu\u00edmica, f\u00edsica, matem\u00e1ticas, aplicaciones, fronteras y campos emergentes; neurociencia, econof\u00edsica. <\/span><\/p>\n<p><span class=\"text1noticias\"> <\/span><\/p>\n<p><span class=\"text1noticias\">Asimismo, las de ciencias agropecuarias y recursos naturales; ciencias agroalimentarias y forestales, medio Ambiente, biotecnolog\u00eda y veterinaria.  De igual forma, en los campos de ingenier\u00eda y tecnolog\u00eda, se encuentran ingenier\u00edas, arquitectura, tecnolog\u00edas de la informaci\u00f3n y comunicaci\u00f3n (TIC), desarrollo de software y aplicaciones, microprocesadores y microcontroladores, mecatr\u00f3nica y rob\u00f3tica, bioingenier\u00eda, energ\u00eda renovable, procesos industriales y manufactura. <\/span><\/p>\n<p><span class=\"text1noticias\"> <\/span><\/p>\n<p><span class=\"text1noticias\">Adem\u00e1s, en ciencias de la salud abarca medicina interna, quir\u00fargica,  experimental, molecular, biomedicina, nutrici\u00f3n, enfermer\u00eda, farmacia y odontolog\u00eda. <\/span><\/p>\n<p><span class=\"text1noticias\"> <\/span><\/p>\n<p><span class=\"text1noticias\">En la rama de la educaci\u00f3n cient\u00edfica y educaci\u00f3n matem\u00e1tica, hace \u00e9nfasis en el uso de las TICs (plataformas digitales en general) para promover aprendizaje.<\/span><\/p>\n<p><span class=\"text1noticias\"> <\/span><\/p>\n<p><span class=\"text1noticias\">Los participantes en el congreso son los estudiantes universitarios de grado o egresados con seis meses o menos de graduado, siempre y cuando los trabajos a presentar hayan sido realizados durante sus estudios de grado.<\/span><\/p>\n<p><span class=\"text1noticias\"> <\/span><\/p>\n<p><span class=\"text1noticias\">En ese tenor, deben ser de las \u00e1reas de ciencias b\u00e1sicas y aplicadas los que pueden participar como expositores de trabajos cient\u00edficos o en representaci\u00f3n de sus universidades.<\/span><\/p>\n<p><span class=\"text1noticias\"> <\/span><\/p>\n<p><span class=\"text1noticias\">Fuente: Fior D\u00a8Aliza Taveras  <\/span><\/p>\n<p><span class=\"text1noticias\"> Pie de Foto: El ministro del MESCYT, doctor Franklin Garc\u00eda Ferm\u00edn.<\/span><\/p>\n<p><span class=\"text1noticias\"> <\/span><\/p>\n<\/p>\n<h6> 2020-09-12 13:45:05 <\/h6>\n<p><!--\n<link rel=\"stylesheet\" href=\"css\/bootstrap.min.css\">\n\n\n<ul class=\"pagination\">\n\t    \n\t\n\n<li >\n\t<a href='?page_no=219'>Previous<\/a>\n\t<\/li>\n\n\n       \n    \n\n<li><a href='?page_no=1'>1<\/a><\/li>\n\n\n\n<li><a href='?page_no=2'>2<\/a><\/li>\n\n\n\n<li><a>...<\/a><\/li>\n\n\n\n<li><a href='?page_no=218'>218<\/a><\/li>\n\n\n\n<li><a href='?page_no=219'>219<\/a><\/li>\n\n\n\n<li class='active'><a>220<\/a><\/li>\n\n\n\n<li><a href='?page_no=221'>221<\/a><\/li>\n\n\n\n<li><a href='?page_no=222'>222<\/a><\/li>\n\n\n\n<li><a>...<\/a><\/li>\n\n\n\n<li><a href='?page_no=22911'>22911<\/a><\/li>\n\n\n\n<li><a href='?page_no=22912'>22912<\/a><\/li>\n\n    \n\t\n\n<li >\n\t<a href='?page_no=221'>Next<\/a>\n\t<\/li>\n\n\n    \n\n<li><a href='?page_no=22912'>Last &rsaquo;&rsaquo;<\/a><\/li>\n\n<\/ul>\n\n\n--><br \/>\n<\/body><\/p>\n","protected":false},"excerpt":{"rendered":"<p>diariodominicano.com Santo Domingo, R. D., 12 de septiembre, 2020.- El ministro de Educaci\u00f3n Superior, Ciencia y Tecnolog\u00eda (MESCYT), doctor Franklin Garc\u00eda Ferm\u00edn, anunci\u00f3 el V Congreso Estudiantil de Investigaci\u00f3n Cient\u00edfica y Tecnol\u00f3gica (VCEICYT), con la participaci\u00f3n de diecinueve universidades del pa\u00eds e invitados internacionales, a celebrarse de manera virtual los d\u00edas 15, 16, 17 y [&hellip;]<\/p>\n","protected":false},"author":3,"featured_media":0,"comment_status":"open","ping_status":"open","sticky":false,"template":"","format":"standard","meta":{"footnotes":""},"categories":[21],"tags":[],"class_list":["post-49574","post","type-post","status-publish","format-standard","hentry","category-cultura"],"_links":{"self":[{"href":"https:\/\/diariodominicano.com\/index.php?rest_route=\/wp\/v2\/posts\/49574","targetHints":{"allow":["GET"]}}],"collection":[{"href":"https:\/\/diariodominicano.com\/index.php?rest_route=\/wp\/v2\/posts"}],"about":[{"href":"https:\/\/diariodominicano.com\/index.php?rest_route=\/wp\/v2\/types\/post"}],"author":[{"embeddable":true,"href":"https:\/\/diariodominicano.com\/index.php?rest_route=\/wp\/v2\/users\/3"}],"replies":[{"embeddable":true,"href":"https:\/\/diariodominicano.com\/index.php?rest_route=%2Fwp%2Fv2%2Fcomments&post=49574"}],"version-history":[{"count":0,"href":"https:\/\/diariodominicano.com\/index.php?rest_route=\/wp\/v2\/posts\/49574\/revisions"}],"wp:attachment":[{"href":"https:\/\/diariodominicano.com\/index.php?rest_route=%2Fwp%2Fv2%2Fmedia&parent=49574"}],"wp:term":[{"taxonomy":"category","embeddable":true,"href":"https:\/\/diariodominicano.com\/index.php?rest_route=%2Fwp%2Fv2%2Fcategories&post=49574"},{"taxonomy":"post_tag","embeddable":true,"href":"https:\/\/diariodominicano.com\/index.php?rest_route=%2Fwp%2Fv2%2Ftags&post=49574"}],"curies":[{"name":"wp","href":"https:\/\/api.w.org\/{rel}","templated":true}]}}