{"id":49573,"date":"2020-11-24T02:01:35","date_gmt":"2020-11-24T02:01:35","guid":{"rendered":"http:\/\/diariodominicano.ddns.net\/?p=49573"},"modified":"2020-11-24T02:01:35","modified_gmt":"2020-11-24T02:01:35","slug":"el-gobierno-del-presidente-buenaventura-baez-fusila-al-procer-julian-belisario-curiel","status":"publish","type":"post","link":"https:\/\/diariodominicano.com\/?p=49573","title":{"rendered":"El Gobierno del presidente Buenaventura B\u00e1ez fusila al pr\u00f3cer Juli\u00e1n Belisario Curiel"},"content":{"rendered":"<p><body><\/p>\n<p><img decoding=\"async\" src=\"img3\/baez0000.jpg\" \/>  <\/p>\n<p><strong>Diariodominicano.com<\/strong><\/p>\n<p><strong>El Gobierno del presidente Buenaventura B\u00e1ez fusila al pr\u00f3cer Juli\u00e1n Belisario Curiel<\/strong><\/p>\n<p><strong>El historiador  Rufino Mart\u00ednez refiere que Juli\u00e1n Belisario Curiel particip\u00f3 en la primera Rep\u00fablica  como Defensor  P\u00fablico. Cuando estall\u00f3 la Revoluci\u00f3n del 7 de julio de 1857, en la ciudad de Santiago de los Caballeros, estuvo al lado de los liberales del Cibao, quienes declararon el fin del Gobierno del Presidente Buenaventura B\u00e1ez.<\/strong><\/p>\n<p><strong>Por H\u00e9ctor Tineo Nolasco<\/strong><\/p>\n<p><strong>Diariodominicano.com<\/strong><\/p>\n<p><strong>LAS MATAS DE FARFAN, el 24 de noviembre de 1869,<\/strong> fue fusilado por disposici\u00f3n del Gobierno del Presidente Buenaventura B\u00e1ez, el pr\u00f3cer Juli\u00e1n Belisario Curiel.<\/p>\n<\/p>\n<p>    \tJuli\u00e1n Belisario Curiel hab\u00eda nacido en Puerto Cabello, Venezuela y se radic\u00f3 en la Rep\u00fablica Dominicana,  un  adolescente. Desenvolvi\u00f3 su vida en la ciudad de Santiago de los Caballeros.<\/p>\n<\/p>\n<p>    \tEn Santiago, particip\u00f3 en la batalla del 30 de marzo de 1844, en la cual las tropas dominicanas derrotaron a las fuerzas que comandaba el general  haitiano Jean Pierrot. En la ocasi\u00f3n los militares dominicanos mataron a m\u00e1s de 700 haitianos.<\/p>\n<\/p>\n<p>    \tCon el triunfo en la Batalla de Santiago se consolid\u00f3 la Independencia Dominicana, pues  frustr\u00f3 un plan del Gobierno de Hait\u00ed de retomar esa zona del territorio dominicano.<\/p>\n<\/p>\n<p>    \tEl historiador  Rufino Mart\u00ednez refiere que Juli\u00e1n Belisario Curiel particip\u00f3 en la primera Rep\u00fablica  como Defensor  P\u00fablico. Cuando estall\u00f3 la Revoluci\u00f3n del 7 de julio de 1857, en la ciudad de Santiago de los Caballeros, estuvo al lado de los liberales del Cibao, quienes declararon el fin del Gobierno del Presidente Buenaventura B\u00e1ez.<\/p>\n<\/p>\n<p>    \tDurante \u00abese tiempo fue Comisionado de Justicia e Instrucci\u00f3n P\u00fablica, y luego Diputado al Congreso Constituyente de Moca\u00bb, que vot\u00f3 la Constituci\u00f3n de 1858.<\/p>\n<\/p>\n<p>     \tEn  febrero de 1863 ?en el Gobierno de la Anexi\u00f3n-  siendo s\u00edndico de Santiago,  particip\u00f3 en una conspiraci\u00f3n contra el Gobierno espa\u00f1ol. Fue hecho prisionero y condenado a 12 a\u00f1os de c\u00e1rcel.<\/p>\n<\/p>\n<p>   \tSin embargo, al poco tiempo fue amnistiado y volvi\u00f3 a servir al Gobierno de la Anexi\u00f3n, pero cuando los restauradores tomaron la Fortaleza de Santiago, se sum\u00f3 a las fuerzas patri\u00f3ticas.<\/p>\n<\/p>\n<p>   \t M\u00e1s tarde ingres\u00f3 al Partido Azul que lideraba el General Gregorio Luper\u00f3n.<\/p>\n<\/p>\n<p>     \tAcompa\u00f1\u00f3 a Luper\u00f3n en la expedici\u00f3n del vapor El Tel\u00e9grafo y combati\u00f3 en el sur los prop\u00f3sitos anexionistas del Gobierno de los seis a\u00f1os  del Presidente Buenaventura B\u00e1ez.<\/p>\n<\/p>\n<p>    \tCuando  se encontraba en la resistencia, Juli\u00e1n Belisario Curiel fue hecho prisionero en Las Matas de Farf\u00e1n y fue   fusilado el 24 de noviembre de 1869. <\/p>\n<\/p>\n<\/p>\n<h6> 2020-11-24 02:01:35 <\/h6>\n<p><!--\n<link rel=\"stylesheet\" href=\"css\/bootstrap.min.css\">\n\n\n<ul class=\"pagination\">\n\t    \n\t\n\n<li >\n\t<a href='?page_no=21'>Previous<\/a>\n\t<\/li>\n\n\n       \n    \n\n<li><a href='?page_no=1'>1<\/a><\/li>\n\n\n\n<li><a href='?page_no=2'>2<\/a><\/li>\n\n\n\n<li><a>...<\/a><\/li>\n\n\n\n<li><a href='?page_no=20'>20<\/a><\/li>\n\n\n\n<li><a href='?page_no=21'>21<\/a><\/li>\n\n\n\n<li class='active'><a>22<\/a><\/li>\n\n\n\n<li><a href='?page_no=23'>23<\/a><\/li>\n\n\n\n<li><a href='?page_no=24'>24<\/a><\/li>\n\n\n\n<li><a>...<\/a><\/li>\n\n\n\n<li><a href='?page_no=22911'>22911<\/a><\/li>\n\n\n\n<li><a href='?page_no=22912'>22912<\/a><\/li>\n\n    \n\t\n\n<li >\n\t<a href='?page_no=23'>Next<\/a>\n\t<\/li>\n\n\n    \n\n<li><a href='?page_no=22912'>Last &rsaquo;&rsaquo;<\/a><\/li>\n\n<\/ul>\n\n\n--><br \/>\n<\/body><\/p>\n","protected":false},"excerpt":{"rendered":"<p>Diariodominicano.com El Gobierno del presidente Buenaventura B\u00e1ez fusila al pr\u00f3cer Juli\u00e1n Belisario Curiel El historiador Rufino Mart\u00ednez refiere que Juli\u00e1n Belisario Curiel particip\u00f3 en la primera Rep\u00fablica como Defensor P\u00fablico. Cuando estall\u00f3 la Revoluci\u00f3n del 7 de julio de 1857, en la ciudad de Santiago de los Caballeros, estuvo al lado de los liberales del [&hellip;]<\/p>\n","protected":false},"author":3,"featured_media":0,"comment_status":"open","ping_status":"open","sticky":false,"template":"","format":"standard","meta":{"footnotes":""},"categories":[21],"tags":[],"class_list":["post-49573","post","type-post","status-publish","format-standard","hentry","category-cultura"],"_links":{"self":[{"href":"https:\/\/diariodominicano.com\/index.php?rest_route=\/wp\/v2\/posts\/49573","targetHints":{"allow":["GET"]}}],"collection":[{"href":"https:\/\/diariodominicano.com\/index.php?rest_route=\/wp\/v2\/posts"}],"about":[{"href":"https:\/\/diariodominicano.com\/index.php?rest_route=\/wp\/v2\/types\/post"}],"author":[{"embeddable":true,"href":"https:\/\/diariodominicano.com\/index.php?rest_route=\/wp\/v2\/users\/3"}],"replies":[{"embeddable":true,"href":"https:\/\/diariodominicano.com\/index.php?rest_route=%2Fwp%2Fv2%2Fcomments&post=49573"}],"version-history":[{"count":0,"href":"https:\/\/diariodominicano.com\/index.php?rest_route=\/wp\/v2\/posts\/49573\/revisions"}],"wp:attachment":[{"href":"https:\/\/diariodominicano.com\/index.php?rest_route=%2Fwp%2Fv2%2Fmedia&parent=49573"}],"wp:term":[{"taxonomy":"category","embeddable":true,"href":"https:\/\/diariodominicano.com\/index.php?rest_route=%2Fwp%2Fv2%2Fcategories&post=49573"},{"taxonomy":"post_tag","embeddable":true,"href":"https:\/\/diariodominicano.com\/index.php?rest_route=%2Fwp%2Fv2%2Ftags&post=49573"}],"curies":[{"name":"wp","href":"https:\/\/api.w.org\/{rel}","templated":true}]}}