{"id":495723,"date":"2023-12-13T13:39:04","date_gmt":"2023-12-13T17:39:04","guid":{"rendered":"https:\/\/diariodominicano.com\/?p=495723"},"modified":"2023-12-13T13:42:00","modified_gmt":"2023-12-13T17:42:00","slug":"pld-50-anos-de-vida-activa-permanente-progresista-y-patriotica","status":"publish","type":"post","link":"https:\/\/diariodominicano.com\/?p=495723","title":{"rendered":"PLD: 50 a\u00f1os de vida activa, permanente, progresista y patri\u00f3tica"},"content":{"rendered":"\n<p>diariodominicano.com<\/p>\n\n\n\n<p><em>Asegur\u00f3 que Juan Bosch fue un gran l\u00edder pol\u00edtico sin igual que concibi\u00f3 un partido que pudiera guiar los destinos de la Rep\u00fablica Dominicana, consider\u00f3\u00a0<strong>Euclides Guti\u00e9rrez F\u00e9lix<\/strong><\/em><\/p>\n\n\n\n<p>Santo Domingo, R. D.,  13 de diciembre,  2023.-  <strong>Euclides Guti\u00e9rrez F\u00e9lix, miembro del Comit\u00e9 Pol\u00edtico del Partido de la Liberaci\u00f3n Dominicana,<\/strong>\u00a0asegur\u00f3 que Juan Bosch concibi\u00f3 al PLD, para crear l\u00edderes que fueran capaces enfrentar los remanentes del trujillismo y concluir la tarea de liberaci\u00f3n nacional iniciada por Juan Pablo Duarte, los Padres de la Patria y los Trinitarios.<\/p>\n\n\n\n<div class=\"wp-block-image\"><figure class=\"alignleft size-large is-resized\"><img loading=\"lazy\" decoding=\"async\" src=\"https:\/\/diariodominicano.com\/wp-content\/uploads\/2023\/12\/PLD-aniversario-13-12-23-1024x549.jpeg\" alt=\"\" class=\"wp-image-495756\" width=\"282\" height=\"150\" srcset=\"https:\/\/diariodominicano.com\/wp-content\/uploads\/2023\/12\/PLD-aniversario-13-12-23-1024x549.jpeg 1024w, https:\/\/diariodominicano.com\/wp-content\/uploads\/2023\/12\/PLD-aniversario-13-12-23-300x161.jpeg 300w, https:\/\/diariodominicano.com\/wp-content\/uploads\/2023\/12\/PLD-aniversario-13-12-23-768x412.jpeg 768w, https:\/\/diariodominicano.com\/wp-content\/uploads\/2023\/12\/PLD-aniversario-13-12-23-816x437.jpeg 816w, https:\/\/diariodominicano.com\/wp-content\/uploads\/2023\/12\/PLD-aniversario-13-12-23.jpeg 1142w\" sizes=\"auto, (max-width: 282px) 100vw, 282px\" \/><\/figure><\/div>\n\n\n\n<p>El tambi\u00e9n historiador calific\u00f3 como&nbsp;preocupante el desconocimiento de los temas pol\u00edticos y sociales de la clase media forjada en los \u00faltimos 20 a\u00f1os, pese a que ese progreso se lo deben a los gobiernos del partido fundado por el profesor Juan Bosch.<\/p>\n\n\n\n<p>Calific\u00f3 a Juan Bosch como el gran maestro pol\u00edtico dominicano y de Am\u00e9rica, porque no hay un l\u00edder pol\u00edtico que, como \u00e9l, lo tuviera todo, ya que fue escritor, periodista, trabaj\u00f3 en la Constituci\u00f3n de Cuba en 1940, asesor de un presidente all\u00ed, fund\u00f3 el PRD y gan\u00f3 las elecciones en 1962, aun teniendo en contra a la iglesia y a los m\u00e1s ricos del pa\u00eds; adem\u00e1s de que fund\u00f3 dos partidos: el PRD y el PLD.<\/p>\n\n\n\n<p>Las declaraciones fueron ofrecidas por el dirigente pelede\u00edsta durante el&nbsp;panel con los miembros del primer Comit\u00e9&nbsp;Central del PLD, como \u00e9l, Tem\u00edstocles Mont\u00e1s y Pantale\u00f3n Mar\u00eda Arias, moderado por Melanio Paredes.<\/p>\n\n\n\n<p>Guti\u00e9rrez F\u00e9lix manifest\u00f3 que, su libro&nbsp;<strong>\u201cPerfil Biogr\u00e1fico de Juan Bosch\u201d,<\/strong>&nbsp;que destaca los principales eventos que vivi\u00f3 Juan Bosch durante la tiran\u00eda trujillista y los eventos posteriores que dieron origen a la fundaci\u00f3n del PLD, puede ser consultado para conocer mejor la historia del su partido.<\/p>\n\n\n\n<p>Record\u00f3 que, en t\u00e9rminos hist\u00f3ricos para la d\u00e9cada de los a\u00f1os 50, el r\u00e9gimen trujillista hab\u00eda llegado al tope de su autoridad, ya que Trujillo se hab\u00eda convertido absoluto del poder la naci\u00f3n como jefe militar y pol\u00edtico y era adem\u00e1s el hombre m\u00e1s rico de la Rep\u00fablica Dominicana, y su influencia desbordaba los l\u00edmites geogr\u00e1ficos del pa\u00eds y su autoridad se hac\u00eda sentir en la regi\u00f3n del Caribe y hasta en los Estados Unidos.<\/p>\n\n\n\n<p>Se\u00f1al\u00f3 que para finales de 1954 Trujillo pretendi\u00f3 que Bosch regresar\u00e1 al pa\u00eds a colaborar con su gobierno, porque entend\u00eda que el l\u00edder hist\u00f3rico del PLD&nbsp; &nbsp;no lo adversaba por razones econ\u00f3micas o sociales, sino por razones pol\u00edticas y confesaba que entre sus adversarios era el que pose\u00eda m\u00e1s cualidades, pero Juan Bosch entend\u00eda que con el tirano era imposible trabajar.<\/p>\n\n\n\n<p>Dijo que Trujillo se encarg\u00f3 de modificar el art\u00edculo 50 de la Constituci\u00f3n Dominicana, estableciendo que para ser presidente de la Rep\u00fablica se deb\u00eda haber nacido en el pa\u00eds y ser hijo de padre o madre dominicana, modificando el art\u00edculo 45 que establec\u00eda que para ser presidente solo se necesitaba ser dominicano por nacimiento y origen y haber permanecido en el pa\u00eds los cinco a\u00f1os anterior a su elecci\u00f3n.<\/p>\n\n\n\n<p>Consider\u00f3 que con esa modificaci\u00f3n maliciosa de la Constituci\u00f3n Juan Bosch quedaba excluido de ser presidente de la Rep\u00fablica, porque sus padres eran de origen espa\u00f1ol.<\/p>\n\n\n\n<p>Explic\u00f3 que, aunque Juan Bosch viv\u00eda fuera del pa\u00eds, se sent\u00eda perseguido y observado por lo que no permit\u00eda que se hablara de la familia de Trujillo, sino s\u00f3lo del tirano, porque entend\u00eda que eso pod\u00eda costarle la vida y \u00e9l ten\u00eda que completar sus planes en favor de la Rep\u00fablica Dominicana.<\/p>\n\n\n\n<p>Indic\u00f3 que muerto Trujillo, Juan Bosch regres\u00f3 al pa\u00eds y estaba muy claro de los objetivos que quer\u00eda lograr.<\/p>\n\n\n\n<p>Declar\u00f3 que despu\u00e9s del exilio, del golpe de Estado, cuando Juan Bosch volvi\u00f3 al pa\u00eds se encontr\u00f3 en el PRD a un grupo de j\u00f3venes, entre los que se encontraba, al igual que Blanco Fern\u00e1ndez y Tony Avelino, que ven\u00edan del Movimiento 14 de junio.<\/p>\n\n\n\n<p>\u201cEntonces Juan Bosch se dio cuenta que lo que deb\u00eda tener la Rep\u00fablica Dominicana eran l\u00edderes que lo dirigieran y cre\u00f3 el primer C\u00edrculo de Estudios\u201d, precis\u00f3 el dirigente pelede\u00edsta&nbsp;en declaraciones rese\u00f1adas por la Secretar\u00eda de Comunicaciones.<\/p>\n\n\n\n<p>Aclar\u00f3 que luego cre\u00f3 el segundo C\u00edrculo de Estudios, en el que estaban \u00e9l, que lo coordinaba, Norge Botello, Ram\u00f3n Andr\u00e9s Blanco Fern\u00e1ndez, B\u00e1rbara Bosch y Garc\u00eda Germ\u00e1n.<\/p>\n\n\n\n<p>Euclides Guti\u00e9rrez F\u00e9lix afirm\u00f3 que en ese momento hist\u00f3rico Juan Bosch estaba decidido ya a dejar las filas de su anterior partido y fundar el Partido de la Liberaci\u00f3n Dominicana.<\/p>\n\n\n\n<p><strong>SECRETAR\u00cdA DE COMUNICACI\u00d3N<\/strong><\/p>\n\n\n\n<p><strong>13 DE DICIEMBRE, 2023.-<\/strong><\/p>\n\n\n\n<p><strong>DECLARACI\u00d3N DE PRENSA<\/strong><\/p>\n","protected":false},"excerpt":{"rendered":"<p>diariodominicano.com Asegur\u00f3 que Juan Bosch fue un gran l\u00edder pol\u00edtico sin igual que concibi\u00f3 un partido que pudiera guiar los destinos de la Rep\u00fablica Dominicana, consider\u00f3\u00a0Euclides Guti\u00e9rrez F\u00e9lix Santo Domingo, R. D., 13 de diciembre, 2023.- Euclides Guti\u00e9rrez F\u00e9lix, miembro del Comit\u00e9 Pol\u00edtico del Partido de la Liberaci\u00f3n Dominicana,\u00a0asegur\u00f3 que Juan Bosch concibi\u00f3 al PLD, [&hellip;]<\/p>\n","protected":false},"author":5,"featured_media":495728,"comment_status":"closed","ping_status":"","sticky":true,"template":"","format":"standard","meta":{"footnotes":""},"categories":[22,27],"tags":[],"class_list":["post-495723","post","type-post","status-publish","format-standard","has-post-thumbnail","hentry","category-politica","category-portada"],"_links":{"self":[{"href":"https:\/\/diariodominicano.com\/index.php?rest_route=\/wp\/v2\/posts\/495723","targetHints":{"allow":["GET"]}}],"collection":[{"href":"https:\/\/diariodominicano.com\/index.php?rest_route=\/wp\/v2\/posts"}],"about":[{"href":"https:\/\/diariodominicano.com\/index.php?rest_route=\/wp\/v2\/types\/post"}],"author":[{"embeddable":true,"href":"https:\/\/diariodominicano.com\/index.php?rest_route=\/wp\/v2\/users\/5"}],"replies":[{"embeddable":true,"href":"https:\/\/diariodominicano.com\/index.php?rest_route=%2Fwp%2Fv2%2Fcomments&post=495723"}],"version-history":[{"count":3,"href":"https:\/\/diariodominicano.com\/index.php?rest_route=\/wp\/v2\/posts\/495723\/revisions"}],"predecessor-version":[{"id":495763,"href":"https:\/\/diariodominicano.com\/index.php?rest_route=\/wp\/v2\/posts\/495723\/revisions\/495763"}],"wp:featuredmedia":[{"embeddable":true,"href":"https:\/\/diariodominicano.com\/index.php?rest_route=\/wp\/v2\/media\/495728"}],"wp:attachment":[{"href":"https:\/\/diariodominicano.com\/index.php?rest_route=%2Fwp%2Fv2%2Fmedia&parent=495723"}],"wp:term":[{"taxonomy":"category","embeddable":true,"href":"https:\/\/diariodominicano.com\/index.php?rest_route=%2Fwp%2Fv2%2Fcategories&post=495723"},{"taxonomy":"post_tag","embeddable":true,"href":"https:\/\/diariodominicano.com\/index.php?rest_route=%2Fwp%2Fv2%2Ftags&post=495723"}],"curies":[{"name":"wp","href":"https:\/\/api.w.org\/{rel}","templated":true}]}}