{"id":495711,"date":"2023-12-13T14:47:25","date_gmt":"2023-12-13T18:47:25","guid":{"rendered":"https:\/\/diariodominicano.com\/?p=495711"},"modified":"2023-12-13T15:13:48","modified_gmt":"2023-12-13T19:13:48","slug":"luis-el-gallo-llama-a-unidad-en-sector-educacion-y-prosigue-con-su-aguinaldo-escolar-navideno","status":"publish","type":"post","link":"https:\/\/diariodominicano.com\/?p=495711","title":{"rendered":"Luis \u201cEl Gallo\u201d llama a unidad en sector educaci\u00f3n, y prosigue con su \u201cAguinaldo Escolar Navide\u00f1o\u201d"},"content":{"rendered":"\n<p>El presidente de la Uni\u00f3n Dem\u00f3crata Cristiana \u2013UDC-, Luis Acosta Moreta, Luis \u201cEl Gallo\u201d, pidi\u00f3 hoy que se dejen a un lado los desacuerdo y enfrentamientos, y florezca la armon\u00eda y trabajo coordinado para mejorar los graves problemas que tiene la educaci\u00f3n dominicana.<\/p>\n\n\n\n<p>Plante\u00f3 que tienen que trabajar juntos, fumar la pipa de la paz, los maestros y el Ministerio de Educaci\u00f3n, con miras a mejorar cuadros de ense\u00f1anza que dejan mucho que desear y que desde hace tiempo ten\u00edan que ser modificados.<\/p>\n\n\n\n<p>Destac\u00f3 que los esfuerzos que hace el presidente Luis Abinader para mejorar la educaci\u00f3n dominicana no pueden encontrar una muralla en luchas est\u00e9riles entre maestros y funcionarios, por lo que es hora de que dejen a un lado apetencias personales, pol\u00edticas o grupales.<\/p>\n\n\n\n<figure class=\"wp-block-gallery columns-3 is-cropped wp-block-gallery-1 is-layout-flex wp-block-gallery-is-layout-flex\"><ul class=\"blocks-gallery-grid\"><li class=\"blocks-gallery-item\"><figure><img loading=\"lazy\" decoding=\"async\" width=\"828\" height=\"471\" src=\"https:\/\/diariodominicano.com\/wp-content\/uploads\/2023\/12\/Luis-El-Gallo.jpeg\" alt=\"\" data-id=\"495840\" data-full-url=\"https:\/\/diariodominicano.com\/wp-content\/uploads\/2023\/12\/Luis-El-Gallo.jpeg\" data-link=\"https:\/\/diariodominicano.com\/?attachment_id=495840\" class=\"wp-image-495840\" srcset=\"https:\/\/diariodominicano.com\/wp-content\/uploads\/2023\/12\/Luis-El-Gallo.jpeg 828w, https:\/\/diariodominicano.com\/wp-content\/uploads\/2023\/12\/Luis-El-Gallo-300x171.jpeg 300w, https:\/\/diariodominicano.com\/wp-content\/uploads\/2023\/12\/Luis-El-Gallo-768x437.jpeg 768w, https:\/\/diariodominicano.com\/wp-content\/uploads\/2023\/12\/Luis-El-Gallo-816x464.jpeg 816w\" sizes=\"auto, (max-width: 828px) 100vw, 828px\" \/><\/figure><\/li><li class=\"blocks-gallery-item\"><figure><img loading=\"lazy\" decoding=\"async\" width=\"1024\" height=\"682\" src=\"https:\/\/diariodominicano.com\/wp-content\/uploads\/2023\/12\/Luis-El-Gallo-llama-unidad-en-sector-educacion-y-prosigue-con-su-Aguinaldo-Escolar-Navideno-1024x682.jpeg\" alt=\"\" data-id=\"495839\" data-full-url=\"https:\/\/diariodominicano.com\/wp-content\/uploads\/2023\/12\/Luis-El-Gallo-llama-unidad-en-sector-educacion-y-prosigue-con-su-Aguinaldo-Escolar-Navideno.jpeg\" data-link=\"https:\/\/diariodominicano.com\/?attachment_id=495839\" class=\"wp-image-495839\" srcset=\"https:\/\/diariodominicano.com\/wp-content\/uploads\/2023\/12\/Luis-El-Gallo-llama-unidad-en-sector-educacion-y-prosigue-con-su-Aguinaldo-Escolar-Navideno-1024x682.jpeg 1024w, https:\/\/diariodominicano.com\/wp-content\/uploads\/2023\/12\/Luis-El-Gallo-llama-unidad-en-sector-educacion-y-prosigue-con-su-Aguinaldo-Escolar-Navideno-300x200.jpeg 300w, https:\/\/diariodominicano.com\/wp-content\/uploads\/2023\/12\/Luis-El-Gallo-llama-unidad-en-sector-educacion-y-prosigue-con-su-Aguinaldo-Escolar-Navideno-768x512.jpeg 768w, https:\/\/diariodominicano.com\/wp-content\/uploads\/2023\/12\/Luis-El-Gallo-llama-unidad-en-sector-educacion-y-prosigue-con-su-Aguinaldo-Escolar-Navideno-816x543.jpeg 816w, https:\/\/diariodominicano.com\/wp-content\/uploads\/2023\/12\/Luis-El-Gallo-llama-unidad-en-sector-educacion-y-prosigue-con-su-Aguinaldo-Escolar-Navideno.jpeg 1081w\" sizes=\"auto, (max-width: 1024px) 100vw, 1024px\" \/><\/figure><\/li><li class=\"blocks-gallery-item\"><figure><img loading=\"lazy\" decoding=\"async\" width=\"750\" height=\"408\" src=\"https:\/\/diariodominicano.com\/wp-content\/uploads\/2023\/12\/Luis-El-Gallo-llama-a-unidad-en-sector-educacion-y-prosigue-con-su-Aguinaldo-Escolar-Navideno.jpeg\" alt=\"\" data-id=\"495838\" data-full-url=\"https:\/\/diariodominicano.com\/wp-content\/uploads\/2023\/12\/Luis-El-Gallo-llama-a-unidad-en-sector-educacion-y-prosigue-con-su-Aguinaldo-Escolar-Navideno.jpeg\" data-link=\"https:\/\/diariodominicano.com\/?attachment_id=495838\" class=\"wp-image-495838\" srcset=\"https:\/\/diariodominicano.com\/wp-content\/uploads\/2023\/12\/Luis-El-Gallo-llama-a-unidad-en-sector-educacion-y-prosigue-con-su-Aguinaldo-Escolar-Navideno.jpeg 750w, https:\/\/diariodominicano.com\/wp-content\/uploads\/2023\/12\/Luis-El-Gallo-llama-a-unidad-en-sector-educacion-y-prosigue-con-su-Aguinaldo-Escolar-Navideno-300x163.jpeg 300w\" sizes=\"auto, (max-width: 750px) 100vw, 750px\" \/><\/figure><\/li><\/ul><\/figure>\n\n\n\n<p>Asimismo, anunci\u00f3 que lleva a cabo en escuelas y colegios de todo el pa\u00eds el Aguinaldo Escolar Navide\u00f1o, sobre todo para alegr\u00eda y beneficio de los alumnos de la etapa b\u00e1sica y primaria, que son ni\u00f1os que necesitan diversi\u00f3n sana.<\/p>\n\n\n\n<p>En las visitas a escuelas y colegios, Luis \u201cEl Gallo\u201d es acompa\u00f1ado por el Batton Ballet, integrado por ni\u00f1as que ejecutan esa danza popular, amenizada por los acordes navide\u00f1os de la Banda Imperial de la UDC.<\/p>\n\n\n\n<p>En cada plantel a los ni\u00f1os se les entregan golosinas y se les dicen palabras sobre la importancia de que dediquen todo su esfuerzo al estudio, a la disciplina en las escuelas y al amor y solidaridad a sus compa\u00f1eritos.<\/p>\n\n\n\n<p>Manifest\u00f3 que seguir\u00e1 visitando escuelas y colegios con el Aguinaldo Escolar Navide\u00f1o, hasta que cesen las actividades educativas con motivo de la temporada de Navidad y A\u00f1o Nuevo.<\/p>\n\n\n\n<p>En su petici\u00f3n a las autoridades y la Asociaci\u00f3n Dominicana de Profesores -ADP-, Luis \u201cEl Gallo\u201d enfatiz\u00f3 que todos los esfuerzos posibles se tienen que realizar para elevar la calidad de la ense\u00f1anza en el pa\u00eds.<\/p>\n\n\n\n<p>Enfatiz\u00f3 que m\u00e1s ahora que hay un presupuesto record, y donde las universidades est\u00e1n llenas de estudiantes de pedagog\u00eda. No puede haber descuido en preparar a estos ni\u00f1os, que ser\u00e1n los universitarios y los profesionales de ma\u00f1ana.<\/p>\n\n\n\n<p>Inform\u00f3 que cuando se abra la segunda etapa del a\u00f1o escolar, comenzar\u00e1 la nueva entrega del Manual de Moral y C\u00edvica, de su autor\u00eda, que hace tanta falta en las escuelas, y que desde hace casi diez a\u00f1os, los organismos t\u00e9cnicos del Ministerio de Educaci\u00f3n lo tienen engavetado.<\/p>\n","protected":false},"excerpt":{"rendered":"<p>El presidente de la Uni\u00f3n Dem\u00f3crata Cristiana \u2013UDC-, Luis Acosta Moreta, Luis \u201cEl Gallo\u201d, pidi\u00f3 hoy que se dejen a un lado los desacuerdo y enfrentamientos, y florezca la armon\u00eda y trabajo coordinado para mejorar los graves problemas que tiene la educaci\u00f3n dominicana. Plante\u00f3 que tienen que trabajar juntos, fumar la pipa de la paz, [&hellip;]<\/p>\n","protected":false},"author":7,"featured_media":495839,"comment_status":"closed","ping_status":"","sticky":true,"template":"","format":"standard","meta":{"footnotes":""},"categories":[22],"tags":[],"class_list":["post-495711","post","type-post","status-publish","format-standard","has-post-thumbnail","hentry","category-politica"],"_links":{"self":[{"href":"https:\/\/diariodominicano.com\/index.php?rest_route=\/wp\/v2\/posts\/495711","targetHints":{"allow":["GET"]}}],"collection":[{"href":"https:\/\/diariodominicano.com\/index.php?rest_route=\/wp\/v2\/posts"}],"about":[{"href":"https:\/\/diariodominicano.com\/index.php?rest_route=\/wp\/v2\/types\/post"}],"author":[{"embeddable":true,"href":"https:\/\/diariodominicano.com\/index.php?rest_route=\/wp\/v2\/users\/7"}],"replies":[{"embeddable":true,"href":"https:\/\/diariodominicano.com\/index.php?rest_route=%2Fwp%2Fv2%2Fcomments&post=495711"}],"version-history":[{"count":3,"href":"https:\/\/diariodominicano.com\/index.php?rest_route=\/wp\/v2\/posts\/495711\/revisions"}],"predecessor-version":[{"id":495882,"href":"https:\/\/diariodominicano.com\/index.php?rest_route=\/wp\/v2\/posts\/495711\/revisions\/495882"}],"wp:featuredmedia":[{"embeddable":true,"href":"https:\/\/diariodominicano.com\/index.php?rest_route=\/wp\/v2\/media\/495839"}],"wp:attachment":[{"href":"https:\/\/diariodominicano.com\/index.php?rest_route=%2Fwp%2Fv2%2Fmedia&parent=495711"}],"wp:term":[{"taxonomy":"category","embeddable":true,"href":"https:\/\/diariodominicano.com\/index.php?rest_route=%2Fwp%2Fv2%2Fcategories&post=495711"},{"taxonomy":"post_tag","embeddable":true,"href":"https:\/\/diariodominicano.com\/index.php?rest_route=%2Fwp%2Fv2%2Ftags&post=495711"}],"curies":[{"name":"wp","href":"https:\/\/api.w.org\/{rel}","templated":true}]}}