{"id":495528,"date":"2023-12-12T14:07:11","date_gmt":"2023-12-12T18:07:11","guid":{"rendered":"https:\/\/diariodominicano.com\/?p=495528"},"modified":"2023-12-12T14:11:19","modified_gmt":"2023-12-12T18:11:19","slug":"periodista-haitiano-guerlan-hyppolite-acusado-de-asesinato-de-de-tess-garry-fue-puesto-en-libertad","status":"publish","type":"post","link":"https:\/\/diariodominicano.com\/?p=495528","title":{"rendered":"Periodista haitiano Guerlan Hyppolite acusado de asesinato de de Tess Garry fue puesto en libertad"},"content":{"rendered":"\n<p>diariodominicano.com<\/p>\n\n\n\n<p>Puerto Pr\u00edncipe, 12 dic (Prensa Latina) La organizaci\u00f3n SOS Journalistes celebr\u00f3 hoy la liberaci\u00f3n de Guerlan Hyppolite, encarcelado por su supuesta implicaci\u00f3n en el asesinato del comunicador Tess Garry desde octubre de 2022.<\/p>\n\n\n\n<p>SOS Journalistes, no obstante, conden\u00f3 la actuaci\u00f3n del comisario de Gobierno en Les Cayes, Ronald Richemond, que, a su juicio, aprovech\u00f3 la situaci\u00f3n para liberar a su conocido Wikens Thirog\u00e8ne, alias Pouchon.<\/p>\n\n\n\n<p>\u201cPara sorpresa de muchos, ha sido el periodista Guerlan Hyppolite, amigo \u00edntimo del periodista fallecido, quien ha sido detenido por orden del comisario Richemond, cuyos agentes de seguridad cercanos, es decir polic\u00edas en comisi\u00f3n de servicio son sospechosos de estar implicados en este crimen atroz\u201d, dijo a la prensa el director de la organizaci\u00f3n y exministro de Comunicaci\u00f3n, Guyler C. Delva.<\/p>\n\n\n\n<p>Lament\u00f3, asimismo, que Hyppolite estuvo detenido 344 d\u00edas en relaci\u00f3n con este caso.<\/p>\n\n\n\n<p>A finales de octubre del pasado a\u00f1o, el cuerpo de Tess fue hallado sin vida tras una semana desaparecido, en circunstancias a\u00fan no esclarecidas. Gary fue presentador de un programa en una estaci\u00f3n de radio de la ciudad de Les Cayes (sur) hasta su muerte.<\/p>\n\n\n\n<p>En ese momento SOS Journalistes inst\u00f3 al primer ministro, Ariel Henry; a la titular de Justicia, Emmelie Proph\u00e8te-Milc\u00e9; y al Consejo Superior del Poder Judicial a adoptar todas las medidas administrativas y de seguridad necesarias para proteger al juez Robert Jourdain, quien es objeto de persistentes y graves amenazas de muerte.<\/p>\n\n\n\n<p>De acuerdo con la asociaci\u00f3n, cercanos de los sospechosos piden la recusaci\u00f3n de Jourdain que investiga el asesinato y denunci\u00f3 las maniobras \u201cc\u00ednicas\u201d que pretenden prolongar el sufrimiento de los dolientes.<\/p>\n\n\n\n<p>Mientras crece la violencia en Hait\u00ed los periodistas son cada vez m\u00e1s v\u00edctimas recurrentes y organizaciones de derechos humanos reportaron que m\u00e1s de 20 fueron asesinados, agredidos o secuestrados en los \u00faltimos dos a\u00f1os.<\/p>\n\n\n\n<p>mgt\/ane<\/p>\n\n\n\n<p><\/p>\n","protected":false},"excerpt":{"rendered":"<p>diariodominicano.com Puerto Pr\u00edncipe, 12 dic (Prensa Latina) La organizaci\u00f3n SOS Journalistes celebr\u00f3 hoy la liberaci\u00f3n de Guerlan Hyppolite, encarcelado por su supuesta implicaci\u00f3n en el asesinato del comunicador Tess Garry desde octubre de 2022. SOS Journalistes, no obstante, conden\u00f3 la actuaci\u00f3n del comisario de Gobierno en Les Cayes, Ronald Richemond, que, a su juicio, aprovech\u00f3 [&hellip;]<\/p>\n","protected":false},"author":5,"featured_media":495530,"comment_status":"closed","ping_status":"","sticky":true,"template":"","format":"standard","meta":{"footnotes":""},"categories":[112,23,27],"tags":[],"class_list":["post-495528","post","type-post","status-publish","format-standard","has-post-thumbnail","hentry","category-haiti","category-internacional","category-portada"],"_links":{"self":[{"href":"https:\/\/diariodominicano.com\/index.php?rest_route=\/wp\/v2\/posts\/495528","targetHints":{"allow":["GET"]}}],"collection":[{"href":"https:\/\/diariodominicano.com\/index.php?rest_route=\/wp\/v2\/posts"}],"about":[{"href":"https:\/\/diariodominicano.com\/index.php?rest_route=\/wp\/v2\/types\/post"}],"author":[{"embeddable":true,"href":"https:\/\/diariodominicano.com\/index.php?rest_route=\/wp\/v2\/users\/5"}],"replies":[{"embeddable":true,"href":"https:\/\/diariodominicano.com\/index.php?rest_route=%2Fwp%2Fv2%2Fcomments&post=495528"}],"version-history":[{"count":3,"href":"https:\/\/diariodominicano.com\/index.php?rest_route=\/wp\/v2\/posts\/495528\/revisions"}],"predecessor-version":[{"id":495532,"href":"https:\/\/diariodominicano.com\/index.php?rest_route=\/wp\/v2\/posts\/495528\/revisions\/495532"}],"wp:featuredmedia":[{"embeddable":true,"href":"https:\/\/diariodominicano.com\/index.php?rest_route=\/wp\/v2\/media\/495530"}],"wp:attachment":[{"href":"https:\/\/diariodominicano.com\/index.php?rest_route=%2Fwp%2Fv2%2Fmedia&parent=495528"}],"wp:term":[{"taxonomy":"category","embeddable":true,"href":"https:\/\/diariodominicano.com\/index.php?rest_route=%2Fwp%2Fv2%2Fcategories&post=495528"},{"taxonomy":"post_tag","embeddable":true,"href":"https:\/\/diariodominicano.com\/index.php?rest_route=%2Fwp%2Fv2%2Ftags&post=495528"}],"curies":[{"name":"wp","href":"https:\/\/api.w.org\/{rel}","templated":true}]}}