{"id":49551,"date":"2020-09-13T12:20:04","date_gmt":"2020-09-13T12:20:04","guid":{"rendered":"http:\/\/diariodominicano.ddns.net\/?p=49551"},"modified":"2020-09-13T12:20:04","modified_gmt":"2020-09-13T12:20:04","slug":"militares-del-ejercito-espanol-tras-derrota-en-la-batalla-de-santiago-se-trasladan-a-puerto-plata","status":"publish","type":"post","link":"https:\/\/diariodominicano.com\/?p=49551","title":{"rendered":"Militares del Ej\u00e9rcito espa\u00f1ol tras derrota en la  batalla de Santiago se trasladan a Puerto Plata"},"content":{"rendered":"<p><body><\/p>\n<p><img decoding=\"async\" src=\"img3\/Gaspar Polanco B.jpg\" \/>  <\/p>\n<p><strong><span class=\"text1noticias\">Militares del Ej\u00e9rcito espa\u00f1ol tras derrota en la  batalla de Santiago se trasladan a Puerto Plata<\/span><\/strong><\/p>\n<p><strong> <\/strong><\/p>\n<p><strong> <\/strong><\/p>\n<p><strong><span class=\"text1noticias\"> Los  militares del Ej\u00e9rcito espa\u00f1ol que sobrevivieron a la batalla decidieron abandonar la ciudad y trasladarse a Puerto Plata,  pero no depusieron  las armas como lo hab\u00eda pedido el alto mando militar de los restauradores, encabezado por el  General Gaspar Polanco, Jefe de Operaciones.<\/span><\/strong><\/p>\n<\/p>\n<p><strong><span class=\"text1noticias\">Por H\u00e9ctor Tineo Nolasco<\/span><\/strong><\/p>\n<p><strong><span class=\"text1noticias\">Diariodominicano.com<\/span><\/strong><\/p>\n<\/p>\n<p><strong><span class=\"text1noticias\">SANTIAGO DE LOS CABALLEROS,  el 13 de septiembre de 1863,<\/span><\/strong><span class=\"text1noticias\"> durante la Guerra de la Restauraci\u00f3n, termin\u00f3 la batalla de Santiago, la cual hab\u00eda comenzado el d\u00eda 6 de septiembre.<\/span><\/p>\n<\/p>\n<p><span class=\"text1noticias\">     Los militares del Ej\u00e9rcito Espa\u00f1ol que sobrevivieron a la batalla decidieron abandonar la ciudad y trasladarse a Puerto Plata,  pero no depusieron  las armas como lo hab\u00eda pedido el alto mando militar de los restauradores, encabezado por el  General Gaspar Polanco, Jefe de Operaciones.<\/span><\/p>\n<\/p>\n<p><span class=\"text1noticias\">    Las tropas espa\u00f1olas  iniciaron la marcha a las 15:00 horas del 13 de septiembre. Como salieron con las armas, fueron perseguidas por los restauradores, quienes lograron ocasionarles  \u00abgran cantidad de bajas\u00bb y les quitaron dos piezas de artiller\u00eda.<\/span><\/p>\n<\/p>\n<p><span class=\"text1noticias\">    Los dominicanos al mando del general Gaspar Polanco  derrotaron a los espa\u00f1oles en los combates de El Lim\u00f3n y El Carril. El informe militar precisa que los combates se decidieron por el empleo de las armas blancas.<\/span><\/p>\n<\/p>\n<p><span class=\"text1noticias\">    La victoria de los dominicanos en la Batalla de Santiago, que se desarroll\u00f3 durante los d\u00edas del 6 al 13 de septiembre de 1863, marc\u00f3 el principio del fin de la Anexi\u00f3n de Rep\u00fablica Dominicana  a Espa\u00f1a.<\/span><\/p>\n<\/p>\n<p><span class=\"text1noticias\">     A partir de ese acontecimiento, los restauradores procedieron a redactar el acta de Independencia, con la que declarar\u00edan  restaurada la Rep\u00fablica Dominicana.<\/span><\/p>\n<\/p>\n<p><span class=\"text1noticias\">    El d\u00eda anterior, el 12 de septiembre de 1863, los restauradores continuaron su avance contra las tropas espa\u00f1olas en el Cibao.<\/span><\/p>\n<\/p>\n<p><span class=\"text1noticias\">    Los militares espa\u00f1oles sufrieron derrotas en J\u00e1cuba, Maril\u00f3pez y la Otra Banda, en Santiago.<\/span><\/p>\n<\/p>\n<p><span class=\"text1noticias\">  Asimismo, un grupo de militares espa\u00f1oles fueron fusilados por  orden del general Gregorio Luper\u00f3n.<\/span><\/p>\n<\/p>\n<p><span class=\"text1noticias\">    Adem\u00e1s,  fracas\u00f3 un intento de mediaci\u00f3n que hizo el preb\u00edstero  Francisco de Charboneau, a petici\u00f3n del brigadier espa\u00f1ol Manuel Buceta.<\/span><\/p>\n<\/p>\n<p><span class=\"text1noticias\">     Como condici\u00f3n para atender la petici\u00f3n de Buceta, el general Gaspar Polanco, Jefe de los Ej\u00e9rcitos en Operaciones de la Rep\u00fablica Dominicana, y los generales,  jefes y oficiales que lo acompa\u00f1aban, plantearon  que los espa\u00f1oles deb\u00edan primero deponer las armas.<\/span><\/p>\n<\/p>\n<p><span class=\"text1noticias\">    Los restauradores tambi\u00e9n reclamaron la entrega de todos los billetes dominicanos de las denominaciones de  40 y 20 pesos que se cambiaron por billetes espa\u00f1oles.<\/span><\/p>\n<\/p>\n<p><span class=\"text1noticias\">        Dieron   un plazo de 6 d\u00edas a los espa\u00f1oles para que sacaran a sus heridos por  el puerto de Montecristi y ocho d\u00edas para la entrega de las armas.<\/span><\/p>\n<\/p>\n<p><span class=\"text1noticias\">      Al planteamiento dominicano el General Manuel Buceta respondi\u00f3 airado,  y advirti\u00f3 que el Ej\u00e9rcito espa\u00f1ol no se rinde nunca.<\/span><\/p>\n<\/p>\n<p><span class=\"text1noticias\">     Buceta tambi\u00e9n le explic\u00f3 al mando militar restaurador que tampoco pod\u00eda devolver los billetes dominicanos  porque no exist\u00eda ninguno en la Tesorer\u00eda.<\/span><\/p>\n<\/p>\n<p><span class=\"text1noticias\">    Tambi\u00e9n  pidi\u00f3 a los restauradores,  por sentimientos humanitarios,  la conservaci\u00f3n de la vida de los militares espa\u00f1oles heridos que se encontraban internados en el hospital de Santiago.<\/span><\/p>\n<\/p>\n<p><span class=\"text1noticias\">   El d\u00eda 12 de septiembre de 1863, los restauradores derrotaron en J\u00e1cuba, a las tropas del general Primo de Rivera, quien hab\u00eda salido  de Puerto Plata con el prop\u00f3sito de reforzar a las tropas espa\u00f1olas que  enfrentaban la resistencia restauradora en Santiago.<\/span><\/p>\n<\/p>\n<p><span class=\"text1noticias\">    El informe militar indica que las fuerzas de Primo de Rivera, sufrieron cuantiosas bajas y fueron obligadas a replegarse a Puerto Plata.<\/span><\/p>\n<\/p>\n<p><span class=\"text1noticias\"> El mismo d\u00eda 12 de septiembre los restauradores al mando del Coronel Jos\u00e9 Mar\u00eda Checo, derrotaron a los espa\u00f1oles en la Otra Banda. <\/span><\/p>\n<\/p>\n<p><span class=\"text1noticias\">     Los espa\u00f1oles eran comandados por el general Juan Suero.<\/span><\/p>\n<\/p>\n<p><span class=\"text1noticias\">      La noche del d\u00eda 12 de septiembre los restauradores al mando del Capit\u00e1n Medina hicieron prisioneros a los miembros de una compa\u00f1\u00eda que trataban de romper el sitio atacando por Maril\u00f3pez.<\/span><\/p>\n<\/p>\n<p><span class=\"text1noticias\">     Todos los espa\u00f1oles detenidos por Medina fueron ejecutados por disposici\u00f3n del General Gregorio Luper\u00f3n. <\/span><\/p>\n<\/p>\n<\/p>\n<\/p>\n<h6> 2020-09-13 12:20:04 <\/h6>\n<p><!--\n<link rel=\"stylesheet\" href=\"css\/bootstrap.min.css\">\n\n\n<ul class=\"pagination\">\n\t    \n\t\n\n<li >\n\t<a href='?page_no=217'>Previous<\/a>\n\t<\/li>\n\n\n       \n    \n\n<li><a href='?page_no=1'>1<\/a><\/li>\n\n\n\n<li><a href='?page_no=2'>2<\/a><\/li>\n\n\n\n<li><a>...<\/a><\/li>\n\n\n\n<li><a href='?page_no=216'>216<\/a><\/li>\n\n\n\n<li><a href='?page_no=217'>217<\/a><\/li>\n\n\n\n<li class='active'><a>218<\/a><\/li>\n\n\n\n<li><a href='?page_no=219'>219<\/a><\/li>\n\n\n\n<li><a href='?page_no=220'>220<\/a><\/li>\n\n\n\n<li><a>...<\/a><\/li>\n\n\n\n<li><a href='?page_no=22911'>22911<\/a><\/li>\n\n\n\n<li><a href='?page_no=22912'>22912<\/a><\/li>\n\n    \n\t\n\n<li >\n\t<a href='?page_no=219'>Next<\/a>\n\t<\/li>\n\n\n    \n\n<li><a href='?page_no=22912'>Last &rsaquo;&rsaquo;<\/a><\/li>\n\n<\/ul>\n\n\n--><br \/>\n<\/body><\/p>\n","protected":false},"excerpt":{"rendered":"<p>Militares del Ej\u00e9rcito espa\u00f1ol tras derrota en la batalla de Santiago se trasladan a Puerto Plata Los militares del Ej\u00e9rcito espa\u00f1ol que sobrevivieron a la batalla decidieron abandonar la ciudad y trasladarse a Puerto Plata, pero no depusieron las armas como lo hab\u00eda pedido el alto mando militar de los restauradores, encabezado por el General [&hellip;]<\/p>\n","protected":false},"author":3,"featured_media":0,"comment_status":"open","ping_status":"open","sticky":false,"template":"","format":"standard","meta":{"footnotes":""},"categories":[21],"tags":[],"class_list":["post-49551","post","type-post","status-publish","format-standard","hentry","category-cultura"],"_links":{"self":[{"href":"https:\/\/diariodominicano.com\/index.php?rest_route=\/wp\/v2\/posts\/49551","targetHints":{"allow":["GET"]}}],"collection":[{"href":"https:\/\/diariodominicano.com\/index.php?rest_route=\/wp\/v2\/posts"}],"about":[{"href":"https:\/\/diariodominicano.com\/index.php?rest_route=\/wp\/v2\/types\/post"}],"author":[{"embeddable":true,"href":"https:\/\/diariodominicano.com\/index.php?rest_route=\/wp\/v2\/users\/3"}],"replies":[{"embeddable":true,"href":"https:\/\/diariodominicano.com\/index.php?rest_route=%2Fwp%2Fv2%2Fcomments&post=49551"}],"version-history":[{"count":0,"href":"https:\/\/diariodominicano.com\/index.php?rest_route=\/wp\/v2\/posts\/49551\/revisions"}],"wp:attachment":[{"href":"https:\/\/diariodominicano.com\/index.php?rest_route=%2Fwp%2Fv2%2Fmedia&parent=49551"}],"wp:term":[{"taxonomy":"category","embeddable":true,"href":"https:\/\/diariodominicano.com\/index.php?rest_route=%2Fwp%2Fv2%2Fcategories&post=49551"},{"taxonomy":"post_tag","embeddable":true,"href":"https:\/\/diariodominicano.com\/index.php?rest_route=%2Fwp%2Fv2%2Ftags&post=49551"}],"curies":[{"name":"wp","href":"https:\/\/api.w.org\/{rel}","templated":true}]}}