{"id":495326,"date":"2023-12-11T11:34:03","date_gmt":"2023-12-11T15:34:03","guid":{"rendered":"https:\/\/diariodominicano.com\/?p=495326"},"modified":"2023-12-11T11:42:19","modified_gmt":"2023-12-11T15:42:19","slug":"miguel-vargas-responsabiliza-al-gobierno-por-desplome-de-economia-en-dajabon","status":"publish","type":"post","link":"https:\/\/diariodominicano.com\/?p=495326","title":{"rendered":"Miguel Vargas responsabiliza al gobierno por desplome de econom\u00eda en Dajab\u00f3n"},"content":{"rendered":"\n<p><a><em><u>Insiste en la necesidad de \u201cabordar soluciones a los graves problemas que nos afectan con el vecino pa\u00eds de Hait\u00ed, estableciendo el di\u00e1logo permanente y de alto nivel en procura de lograr estas soluciones\u201d. Tambi\u00e9n plantea implementar \u201cuna franja especial de desarrollo a lo largo de toda la frontera para beneficio de ambos pa\u00edses y aplicar de manera indispensable y estrictamente la Ley General de Migraci\u00f3n\u201d.<\/u><\/em><\/a><\/p>\n\n\n\n<p>Dajab\u00f3n, RD. \u2013 El candidato presidencial del Partido Revolucionario Dominicano (PRD), Miguel Vargas Maldonado, dijo que el actual gobierno es el responsable del derrumbe de la actividad econ\u00f3mica en esta provincia.<\/p>\n\n\n\n<figure class=\"wp-block-image size-large\"><img loading=\"lazy\" decoding=\"async\" width=\"1024\" height=\"682\" src=\"https:\/\/diariodominicano.com\/wp-content\/uploads\/2023\/12\/MVM-EN-DAJABON-1024x682.jpg\" alt=\"\" class=\"wp-image-495331\" srcset=\"https:\/\/diariodominicano.com\/wp-content\/uploads\/2023\/12\/MVM-EN-DAJABON-1024x682.jpg 1024w, https:\/\/diariodominicano.com\/wp-content\/uploads\/2023\/12\/MVM-EN-DAJABON-300x200.jpg 300w, https:\/\/diariodominicano.com\/wp-content\/uploads\/2023\/12\/MVM-EN-DAJABON-768x512.jpg 768w, https:\/\/diariodominicano.com\/wp-content\/uploads\/2023\/12\/MVM-EN-DAJABON-1536x1023.jpg 1536w, https:\/\/diariodominicano.com\/wp-content\/uploads\/2023\/12\/MVM-EN-DAJABON-816x544.jpg 816w, https:\/\/diariodominicano.com\/wp-content\/uploads\/2023\/12\/MVM-EN-DAJABON.jpg 1600w\" sizes=\"auto, (max-width: 1024px) 100vw, 1024px\" \/><\/figure>\n\n\n\n<p>El tambi\u00e9n presidente del partido blanco sostuvo que la actual Administraci\u00f3n ha sido incapaz de atender debidamente la crisis creada por Hait\u00ed.<\/p>\n\n\n\n<p><\/p>\n\n\n\n<p>\u201cEse desplome es resultado de la falta de la inversi\u00f3n prometida y el terrible impacto de las excesivas y desafortunadas medidas de un gobierno incapaz en el manejo de una crisis creada por la afrenta de los haitianos de retomar la construcci\u00f3n del canal sobre el r\u00edo Masacre, de forma unilateral y violatoria del pacto h\u00eddrico firmado por ambas naciones\u201d, declar\u00f3.<\/p>\n\n\n\n<p>Vargas destac\u00f3 que la equivocada gesti\u00f3n de esta situaci\u00f3n \u201cha generado la quiebra, no solo de los comerciantes, sino de toda la clase productiva, que se est\u00e1 cayendo a pedazos, afectando ya a otras provincias del Cibao\u201d.<\/p>\n\n\n\n<p>Agreg\u00f3 que el notable deterioro de la econom\u00eda en esta demarcaci\u00f3n fronteriza tambi\u00e9n se debe a que las autoridades no han realizado las inversiones de lugar para promover su desarrollo.<\/p>\n\n\n\n<figure class=\"wp-block-image size-large\"><img loading=\"lazy\" decoding=\"async\" width=\"1024\" height=\"682\" src=\"https:\/\/diariodominicano.com\/wp-content\/uploads\/2023\/12\/DAJABON-1-1024x682.jpg\" alt=\"\" class=\"wp-image-495333\" srcset=\"https:\/\/diariodominicano.com\/wp-content\/uploads\/2023\/12\/DAJABON-1-1024x682.jpg 1024w, https:\/\/diariodominicano.com\/wp-content\/uploads\/2023\/12\/DAJABON-1-300x200.jpg 300w, https:\/\/diariodominicano.com\/wp-content\/uploads\/2023\/12\/DAJABON-1-768x512.jpg 768w, https:\/\/diariodominicano.com\/wp-content\/uploads\/2023\/12\/DAJABON-1-1536x1023.jpg 1536w, https:\/\/diariodominicano.com\/wp-content\/uploads\/2023\/12\/DAJABON-1-816x544.jpg 816w, https:\/\/diariodominicano.com\/wp-content\/uploads\/2023\/12\/DAJABON-1.jpg 1600w\" sizes=\"auto, (max-width: 1024px) 100vw, 1024px\" \/><\/figure>\n\n\n\n<p>El candidato presidencial perrede\u00edsta enfatiz\u00f3 que \u201clas medidas extremas asumidas por el gobierno se han visto coronadas como fracaso con la violaci\u00f3n impune de la integridad territorial dominicana por polic\u00edas o bandidos haitianos\u201d. Reiter\u00f3 que \u201ceste fracaso se ha agravado con la demostrada ineficacia del muro, a\u00fan no inteligente, en construcci\u00f3n\u201d.<\/p>\n\n\n\n<p>Insisti\u00f3 en la necesidad de \u201cabordar soluciones a los graves problemas que nos afectan con el vecino pa\u00eds de Hait\u00ed, estableciendo el di\u00e1logo permanente y de alto nivel en procura de lograr estas soluciones\u201d. Tambi\u00e9n plante\u00f3 implementar \u201cuna franja especial de desarrollo a lo largo de toda la frontera para beneficio de ambos pa\u00edses y aplicar de manera indispensable y estrictamente la Ley General de Migraci\u00f3n\u201d.<\/p>\n\n\n\n<p>\u201cAsumo el compromiso de que, en una administraci\u00f3n encabezada por nosotros, Dajab\u00f3n ver\u00e1 hecha realidad la construcci\u00f3n de la presa Don Miguel, obra que beneficiar\u00e1 a ambos pa\u00edses y garantiza una gesti\u00f3n sostenible de las aguas del r\u00edo Masacre\u201d, expres\u00f3.<\/p>\n\n\n\n<p><strong>Proclamaci\u00f3n de candidatos en Dajab\u00f3n<\/strong><\/p>\n\n\n\n<p>La sede del PRD en esta provincia fue el escenario, este fin de semana, para proclamar a los candidatos a alcaldes por Loma de Cabrera, Marcelino Abad Hern\u00e1ndez, y por El Pino, Eladio Antonio Batista.<\/p>\n\n\n\n<p>El ingeniero Miguel Vargas motiv\u00f3 a los presentes a votar blanco en la casilla n\u00famero cuatro de la boleta electoral en el torneo de febrero pr\u00f3ximo.<\/p>\n\n\n\n<p>\u201cAnte la ineficiencia del gobierno, presentamos una pol\u00edtica de gesti\u00f3n distinta para frenar el retroceso y recuperar la econom\u00eda de las provincias fronterizas, abandonadas por la actual Administraci\u00f3n\u201d, remarc\u00f3.&nbsp;<\/p>\n\n\n\n<p>\u201cEl PRD y las dem\u00e1s organizaciones que conforman la Alianza Opositora Rescate RD alcanzar\u00e1n m\u00e1s votos y gobiernos locales que el oficialismo\u201d, puntualiz\u00f3 Miguel Vargas.<strong> <\/strong><\/p>\n\n\n\n<p>Comunicaci\u00f3n Integral Rep Dom<\/p>\n\n\n\n<p><\/p>\n","protected":false},"excerpt":{"rendered":"<p>Insiste en la necesidad de \u201cabordar soluciones a los graves problemas que nos afectan con el vecino pa\u00eds de Hait\u00ed, estableciendo el di\u00e1logo permanente y de alto nivel en procura de lograr estas soluciones\u201d. Tambi\u00e9n plantea implementar \u201cuna franja especial de desarrollo a lo largo de toda la frontera para beneficio de ambos pa\u00edses y [&hellip;]<\/p>\n","protected":false},"author":28,"featured_media":495329,"comment_status":"closed","ping_status":"","sticky":true,"template":"","format":"standard","meta":{"footnotes":""},"categories":[22,27],"tags":[],"class_list":["post-495326","post","type-post","status-publish","format-standard","has-post-thumbnail","hentry","category-politica","category-portada"],"_links":{"self":[{"href":"https:\/\/diariodominicano.com\/index.php?rest_route=\/wp\/v2\/posts\/495326","targetHints":{"allow":["GET"]}}],"collection":[{"href":"https:\/\/diariodominicano.com\/index.php?rest_route=\/wp\/v2\/posts"}],"about":[{"href":"https:\/\/diariodominicano.com\/index.php?rest_route=\/wp\/v2\/types\/post"}],"author":[{"embeddable":true,"href":"https:\/\/diariodominicano.com\/index.php?rest_route=\/wp\/v2\/users\/28"}],"replies":[{"embeddable":true,"href":"https:\/\/diariodominicano.com\/index.php?rest_route=%2Fwp%2Fv2%2Fcomments&post=495326"}],"version-history":[{"count":6,"href":"https:\/\/diariodominicano.com\/index.php?rest_route=\/wp\/v2\/posts\/495326\/revisions"}],"predecessor-version":[{"id":495335,"href":"https:\/\/diariodominicano.com\/index.php?rest_route=\/wp\/v2\/posts\/495326\/revisions\/495335"}],"wp:featuredmedia":[{"embeddable":true,"href":"https:\/\/diariodominicano.com\/index.php?rest_route=\/wp\/v2\/media\/495329"}],"wp:attachment":[{"href":"https:\/\/diariodominicano.com\/index.php?rest_route=%2Fwp%2Fv2%2Fmedia&parent=495326"}],"wp:term":[{"taxonomy":"category","embeddable":true,"href":"https:\/\/diariodominicano.com\/index.php?rest_route=%2Fwp%2Fv2%2Fcategories&post=495326"},{"taxonomy":"post_tag","embeddable":true,"href":"https:\/\/diariodominicano.com\/index.php?rest_route=%2Fwp%2Fv2%2Ftags&post=495326"}],"curies":[{"name":"wp","href":"https:\/\/api.w.org\/{rel}","templated":true}]}}