{"id":49529,"date":"2020-09-13T23:27:02","date_gmt":"2020-09-13T23:27:02","guid":{"rendered":"http:\/\/diariodominicano.ddns.net\/?p=49529"},"modified":"2020-09-13T23:27:02","modified_gmt":"2020-09-13T23:27:02","slug":"gobierno-dominicano-aprueba-politica-de-dar-terrenos-a-inmigrantes-europeos","status":"publish","type":"post","link":"https:\/\/diariodominicano.com\/?p=49529","title":{"rendered":"Gobierno dominicano aprueba pol\u00edtica de dar terrenos a inmigrantes europeos"},"content":{"rendered":"<p><body><\/p>\n<p><strong>Diariodominicano.com<\/strong><\/p>\n<p><strong>Aprueban pol\u00edtica de dar terrenos a inmigrantes europeos<\/strong><\/p>\n<p><strong>En ese momento, el Gobierno dominicano ten\u00eda inter\u00e9s en promover las inmigraciones europeas para aumentar la producci\u00f3n  agr\u00edcola<\/strong><\/p>\n<\/p>\n<p><strong>Diariodominicano.com<\/strong><\/p>\n<p><strong>Por HTN<\/strong><\/p>\n<\/p>\n<p><strong> SANTO DOMINGO, el  14 de Septiembre  de 188<\/strong>5, el Presidente Alejandro Woss y Gil, orden\u00f3 al ministro de Hacienda que realizara una investigaci\u00f3n para establecer en cu\u00e1les terrenos del Estado se podr\u00edan asentar inmigrantes europeos.<\/p>\n<\/p>\n<p>   En ese momento, el Gobierno dominicano ten\u00eda inter\u00e9s en promover las inmigraciones europeas para aumentar la producci\u00f3n  agr\u00edcola<\/p>\n<\/p>\n<p>   Primaba la idea de que los europeos pod\u00edan hacer importantes aportes para el progreso de la Rep\u00fablica Dominicana.<\/p>\n<\/p>\n<p>    El Presidente Alejandro Woss y Gil,  de esa manera le  dio continuidad a la pol\u00edtica que hab\u00eda iniciado el Presidente Francisco Gregorio Billini, quien hab\u00eda presentado renuncia  el 16 de mayo de 1885.<\/p>\n<\/p>\n<p>    Woss y Gil asumi\u00f3 la Presidencia porque era el Vicepresidente de la Rep\u00fablica, en el Gobierno del Presidente Billini, quien  renunci\u00f3 al cargo.<\/p>\n<\/p>\n<p>     El uno de septiembre de 1884, Francisco Gregorio Billini hab\u00eda asumido la Presidencia  de la Rep\u00fablica, al ser declarado ganador de unas elecciones que el pr\u00f3cer Gregorio Luper\u00f3n calific\u00f3 de fraudulentas.<\/p>\n<\/p>\n<p>     Billini  lleg\u00f3 al poder con su compa\u00f1ero de boleta Alejandro Woss y G\u00edl. Los dos eran sustentados por el general Ulises  (Lil\u00eds) Heureaux.<\/p>\n<\/p>\n<p>    A Francisco Gregorio Billini le toc\u00f3 un per\u00edodo de Gobierno  dif\u00edcil, ya que los miembros del Partido Azul, considerados m\u00e1s liberales, le hicieron la vida dif\u00edcil, porque persegu\u00edan evitar que siguiera creciendo el poder pol\u00edtico y militar del general Ulises (Lil\u00eds) Heureaux.<\/p>\n<\/p>\n<p>    Ulises Heureaux, quer\u00eda dirigir el Gobierno desde su Ministerio de Guerra y Marina. Ante esa situaci\u00f3n,  el Presidente Francisco Gregorio Billini renunci\u00f3 a la jefatura del Estado y entreg\u00f3 el Gobierno al Vicepresidente Alejandro Woss y G\u00edl, el 16 de Mayo de 1885.<\/p>\n<\/p>\n<p>    En el discurso que pronunci\u00f3 para anunciar su renuncia a la Presidencia de la Rep\u00fablica, Francisco Gregorio Billini cit\u00f3 entre los logros de su Gobierno la llegada de la inmigraci\u00f3n de canarios  contratada por el Ministerio de Fomento.<\/p>\n<\/p>\n<p>     Al dirigirse a los diputados expres\u00f3: \u00abSatisfacci\u00f3n leg\u00edtima siento de que se haya comenzado durante mi Gobierno a establecer esa corriente de inmigraci\u00f3n laboriosa en el pa\u00eds\u00bb.<\/p>\n<\/p>\n<p>   Anunci\u00f3 que en breve vendr\u00edan otros brazos a darle empuje a nuestra abatida agricultura y aconsej\u00f3 al nuevo Gobierno  no omitir sacrificios por seguir fomentando la inmigraci\u00f3n de canarios.<\/p>\n<\/p>\n<p>     La pol\u00edtica a la que dio continuidad el Presidente Alejandro Woss Gil aseguraba terrenos propios a  los trabajadores canarios que vinieran al pa\u00eds en virtud de contratos con el Gobierno dominicano.<\/p>\n<\/p>\n<\/p>\n<h6> 2020-09-13 23:27:02 <\/h6>\n<p><!--\n<link rel=\"stylesheet\" href=\"css\/bootstrap.min.css\">\n\n\n<ul class=\"pagination\">\n\t    \n\t\n\n<li >\n\t<a href='?page_no=215'>Previous<\/a>\n\t<\/li>\n\n\n       \n    \n\n<li><a href='?page_no=1'>1<\/a><\/li>\n\n\n\n<li><a href='?page_no=2'>2<\/a><\/li>\n\n\n\n<li><a>...<\/a><\/li>\n\n\n\n<li><a href='?page_no=214'>214<\/a><\/li>\n\n\n\n<li><a href='?page_no=215'>215<\/a><\/li>\n\n\n\n<li class='active'><a>216<\/a><\/li>\n\n\n\n<li><a href='?page_no=217'>217<\/a><\/li>\n\n\n\n<li><a href='?page_no=218'>218<\/a><\/li>\n\n\n\n<li><a>...<\/a><\/li>\n\n\n\n<li><a href='?page_no=22911'>22911<\/a><\/li>\n\n\n\n<li><a href='?page_no=22912'>22912<\/a><\/li>\n\n    \n\t\n\n<li >\n\t<a href='?page_no=217'>Next<\/a>\n\t<\/li>\n\n\n    \n\n<li><a href='?page_no=22912'>Last &rsaquo;&rsaquo;<\/a><\/li>\n\n<\/ul>\n\n\n--><br \/>\n<\/body><\/p>\n","protected":false},"excerpt":{"rendered":"<p>Diariodominicano.com Aprueban pol\u00edtica de dar terrenos a inmigrantes europeos En ese momento, el Gobierno dominicano ten\u00eda inter\u00e9s en promover las inmigraciones europeas para aumentar la producci\u00f3n agr\u00edcola Diariodominicano.com Por HTN SANTO DOMINGO, el 14 de Septiembre de 1885, el Presidente Alejandro Woss y Gil, orden\u00f3 al ministro de Hacienda que realizara una investigaci\u00f3n para establecer [&hellip;]<\/p>\n","protected":false},"author":3,"featured_media":0,"comment_status":"open","ping_status":"open","sticky":false,"template":"","format":"standard","meta":{"footnotes":""},"categories":[21],"tags":[],"class_list":["post-49529","post","type-post","status-publish","format-standard","hentry","category-cultura"],"_links":{"self":[{"href":"https:\/\/diariodominicano.com\/index.php?rest_route=\/wp\/v2\/posts\/49529","targetHints":{"allow":["GET"]}}],"collection":[{"href":"https:\/\/diariodominicano.com\/index.php?rest_route=\/wp\/v2\/posts"}],"about":[{"href":"https:\/\/diariodominicano.com\/index.php?rest_route=\/wp\/v2\/types\/post"}],"author":[{"embeddable":true,"href":"https:\/\/diariodominicano.com\/index.php?rest_route=\/wp\/v2\/users\/3"}],"replies":[{"embeddable":true,"href":"https:\/\/diariodominicano.com\/index.php?rest_route=%2Fwp%2Fv2%2Fcomments&post=49529"}],"version-history":[{"count":0,"href":"https:\/\/diariodominicano.com\/index.php?rest_route=\/wp\/v2\/posts\/49529\/revisions"}],"wp:attachment":[{"href":"https:\/\/diariodominicano.com\/index.php?rest_route=%2Fwp%2Fv2%2Fmedia&parent=49529"}],"wp:term":[{"taxonomy":"category","embeddable":true,"href":"https:\/\/diariodominicano.com\/index.php?rest_route=%2Fwp%2Fv2%2Fcategories&post=49529"},{"taxonomy":"post_tag","embeddable":true,"href":"https:\/\/diariodominicano.com\/index.php?rest_route=%2Fwp%2Fv2%2Ftags&post=49529"}],"curies":[{"name":"wp","href":"https:\/\/api.w.org\/{rel}","templated":true}]}}