{"id":495215,"date":"2023-12-10T22:41:31","date_gmt":"2023-12-11T02:41:31","guid":{"rendered":"https:\/\/diariodominicano.com\/?p=495215"},"modified":"2023-12-10T22:48:15","modified_gmt":"2023-12-11T02:48:15","slug":"iniciativa-ciudadana-apoya-al-presidente-luis-abinader","status":"publish","type":"post","link":"https:\/\/diariodominicano.com\/?p=495215","title":{"rendered":"Iniciativa ciudadana apoya al presidente Luis Abinader"},"content":{"rendered":"\n<p>Santo Domingo, RD. &#8211;&nbsp;&nbsp;Este domingo 10 de diciembre, la Iniciativa Ciudadana Mayor\u00eda Constructiva pas\u00f3 a apoyar al presidente Luis Abinader en las elecciones del pr\u00f3ximo a\u00f1o para \u201cgarantizar la continuaci\u00f3n del buen gobierno\u201d.<\/p>\n\n\n\n<figure class=\"wp-block-image size-full\"><img loading=\"lazy\" decoding=\"async\" width=\"1024\" height=\"832\" src=\"https:\/\/diariodominicano.com\/wp-content\/uploads\/2023\/12\/PHOTO-2023-12-10-17-39-20.jpg\" alt=\"\" class=\"wp-image-495221\" srcset=\"https:\/\/diariodominicano.com\/wp-content\/uploads\/2023\/12\/PHOTO-2023-12-10-17-39-20.jpg 1024w, https:\/\/diariodominicano.com\/wp-content\/uploads\/2023\/12\/PHOTO-2023-12-10-17-39-20-300x244.jpg 300w, https:\/\/diariodominicano.com\/wp-content\/uploads\/2023\/12\/PHOTO-2023-12-10-17-39-20-768x624.jpg 768w, https:\/\/diariodominicano.com\/wp-content\/uploads\/2023\/12\/PHOTO-2023-12-10-17-39-20-816x663.jpg 816w\" sizes=\"auto, (max-width: 1024px) 100vw, 1024px\" \/><\/figure>\n\n\n\n<p>Su Coordinador General,  Alejandro Abreu, se\u00f1al\u00f3 que \u201clo hizo bien enfrentando crisis y ahora lo queremos ver gobernar mejor sin ella\u201d.<\/p>\n\n\n\n<p>Abreu destac\u00f3 los logros del gobierno en tan solo tres a\u00f1os, en el fortalecimiento de la independencia del Ministerio P\u00fablico, impuestos internos, aduanas y la reforma integral de la polic\u00eda; as\u00ed como en el aumento de las inversiones en obras p\u00fablicas prioritarias, la construcci\u00f3n de viviendas, agua potable, aumento de la inversi\u00f3n en los planes sociales, SUP\u00c9RATE y SENASA.<\/p>\n\n\n\n<p>Agreg\u00f3 tambi\u00e9n, la estabilidad y el crecimiento econ\u00f3mico, la expansi\u00f3n del turismo y las alianzas con el sector privado que preservan la propiedad p\u00fablica y motivan la inversi\u00f3n privada nacional y extranjera.<\/p>\n\n\n\n<p>Por su parte el Secretario de Organizaci\u00f3n del Partido Revolucionario Moderno, Deligne Ascenci\u00f3n, quien represent\u00f3 al presidente de la rep\u00fablica Luis Abinader en el acto, agradeci\u00f3 el apoyo en nombre del presidente, especialmente \u201cpor tratarse de un movimiento integrado por profesionales, t\u00e9cnicos y j\u00f3venes emprendedores, que aportan calidad y vocaci\u00f3n de servicio\u201d.<\/p>\n\n\n\n<p>En la actividad tambi\u00e9n hablaron el director ejecutivo de la entidad, profesor Andr\u00e9s Mart\u00ednez y el director administrativo, Manuel Matos, a nombre de su Direcci\u00f3n Nacional.<\/p>\n\n\n\n<p>La actividad ordenada y bellamente ambientada, fue celebrada en la cancha del Club Miramar de la circunscripci\u00f3n uno del Distrito Nacional, contando con la presencia de los diputados El\u00edas B\u00e1ez y Alexis Jim\u00e9nez, el regidor Eliazar Reynoso, el joven empresario Juan Ernesto Santiago, los ingenieros Pedro Molina y Julio de Pe\u00f1a Musa, entre otros distinguidos profesionales, activistas sociales, mujeres, j\u00f3venes y&nbsp;cientos de familias que apoyan esta iniciativa ciudadana.<\/p>\n\n\n\n<p><strong>U<\/strong><strong>N<\/strong><strong>I<\/strong><strong>D<\/strong><strong>A<\/strong><strong>D<\/strong><strong>D<\/strong><strong>E<\/strong><strong>C<\/strong><strong>O<\/strong><strong>M<\/strong><strong>U<\/strong><strong>N<\/strong><strong>I<\/strong><strong>C<\/strong><strong>A<\/strong><strong>C<\/strong><strong>I<\/strong><strong>O<\/strong><strong>N<\/strong><strong>E<\/strong><strong>S<\/strong><strong><\/strong><\/p>\n\n\n\n<p>10 de diciembre 2023<\/p>\n\n\n\n<p>Enrique Munoz<a target=\"_blank\" href=\"mailto:enriquemunoz1@gmail.com\" rel=\"noreferrer noopener\">enriquemunoz1@gmail.com<\/a><\/p>\n","protected":false},"excerpt":{"rendered":"<p>Santo Domingo, RD. &#8211;&nbsp;&nbsp;Este domingo 10 de diciembre, la Iniciativa Ciudadana Mayor\u00eda Constructiva pas\u00f3 a apoyar al presidente Luis Abinader en las elecciones del pr\u00f3ximo a\u00f1o para \u201cgarantizar la continuaci\u00f3n del buen gobierno\u201d. Su Coordinador General, Alejandro Abreu, se\u00f1al\u00f3 que \u201clo hizo bien enfrentando crisis y ahora lo queremos ver gobernar mejor sin ella\u201d. Abreu [&hellip;]<\/p>\n","protected":false},"author":28,"featured_media":495217,"comment_status":"closed","ping_status":"","sticky":false,"template":"","format":"standard","meta":{"footnotes":""},"categories":[22],"tags":[],"class_list":["post-495215","post","type-post","status-publish","format-standard","has-post-thumbnail","hentry","category-politica"],"_links":{"self":[{"href":"https:\/\/diariodominicano.com\/index.php?rest_route=\/wp\/v2\/posts\/495215","targetHints":{"allow":["GET"]}}],"collection":[{"href":"https:\/\/diariodominicano.com\/index.php?rest_route=\/wp\/v2\/posts"}],"about":[{"href":"https:\/\/diariodominicano.com\/index.php?rest_route=\/wp\/v2\/types\/post"}],"author":[{"embeddable":true,"href":"https:\/\/diariodominicano.com\/index.php?rest_route=\/wp\/v2\/users\/28"}],"replies":[{"embeddable":true,"href":"https:\/\/diariodominicano.com\/index.php?rest_route=%2Fwp%2Fv2%2Fcomments&post=495215"}],"version-history":[{"count":4,"href":"https:\/\/diariodominicano.com\/index.php?rest_route=\/wp\/v2\/posts\/495215\/revisions"}],"predecessor-version":[{"id":495223,"href":"https:\/\/diariodominicano.com\/index.php?rest_route=\/wp\/v2\/posts\/495215\/revisions\/495223"}],"wp:featuredmedia":[{"embeddable":true,"href":"https:\/\/diariodominicano.com\/index.php?rest_route=\/wp\/v2\/media\/495217"}],"wp:attachment":[{"href":"https:\/\/diariodominicano.com\/index.php?rest_route=%2Fwp%2Fv2%2Fmedia&parent=495215"}],"wp:term":[{"taxonomy":"category","embeddable":true,"href":"https:\/\/diariodominicano.com\/index.php?rest_route=%2Fwp%2Fv2%2Fcategories&post=495215"},{"taxonomy":"post_tag","embeddable":true,"href":"https:\/\/diariodominicano.com\/index.php?rest_route=%2Fwp%2Fv2%2Ftags&post=495215"}],"curies":[{"name":"wp","href":"https:\/\/api.w.org\/{rel}","templated":true}]}}