{"id":495209,"date":"2023-12-10T22:34:05","date_gmt":"2023-12-11T02:34:05","guid":{"rendered":"https:\/\/diariodominicano.com\/?p=495209"},"modified":"2023-12-10T22:35:30","modified_gmt":"2023-12-11T02:35:30","slug":"julio-romero-tenemos-la-determinacion-para-enfrentar-los-males-de-santo-domingo-este","status":"publish","type":"post","link":"https:\/\/diariodominicano.com\/?p=495209","title":{"rendered":"Julio Romero: \u201cTenemos la determinaci\u00f3n para enfrentar los males de Santo Domingo Este\u201d"},"content":{"rendered":"\n<p><strong>Julio Romero emiti\u00f3 sus consideraciones al ser proclamado candidato a alcalde de Santo Domingo Este, durante una actividad en la que un centenar de candidatos a regidores y m\u00e1s de cincuenta candidatos a diputados declararon a Julio Romero como seguro alcalde 2024-2028 de SDE<\/strong>.<\/p>\n\n\n\n<figure class=\"wp-block-image size-large\"><img loading=\"lazy\" decoding=\"async\" width=\"1024\" height=\"576\" src=\"https:\/\/diariodominicano.com\/wp-content\/uploads\/2023\/12\/Julio-Rmero-resolvera-1024x576.jpg\" alt=\"\" class=\"wp-image-495212\" srcset=\"https:\/\/diariodominicano.com\/wp-content\/uploads\/2023\/12\/Julio-Rmero-resolvera-1024x576.jpg 1024w, https:\/\/diariodominicano.com\/wp-content\/uploads\/2023\/12\/Julio-Rmero-resolvera-300x169.jpg 300w, https:\/\/diariodominicano.com\/wp-content\/uploads\/2023\/12\/Julio-Rmero-resolvera-768x432.jpg 768w, https:\/\/diariodominicano.com\/wp-content\/uploads\/2023\/12\/Julio-Rmero-resolvera-1536x864.jpg 1536w, https:\/\/diariodominicano.com\/wp-content\/uploads\/2023\/12\/Julio-Rmero-resolvera-816x459.jpg 816w, https:\/\/diariodominicano.com\/wp-content\/uploads\/2023\/12\/Julio-Rmero-resolvera.jpg 1600w\" sizes=\"auto, (max-width: 1024px) 100vw, 1024px\" \/><\/figure>\n\n\n\n<p><strong>Santo Domingo Este, RD-<\/strong>\u00a0El candidato a alcalde de Santo Domingo Este por el Partido Fuerza del Pueblo, Juntos Podemos y una amplia coalici\u00f3n de organizaciones pol\u00edticas y apartidistas, Julio Romero, afirm\u00f3 este domingo que tiene la firme determinaci\u00f3n para enfrentar los males que confronta esta demarcaci\u00f3n e impulsar esta municipalidad hacia su definitivo desarrollo integral.<\/p>\n\n\n\n<p>Proclamado por Antonio Flori\u00e1n (Pe\u00f1ita), secretario general de Fuerza del Pueblo, junto a la candidata a vicealcaldesa, Norma Molina; y los candidatos a regidores, Julio Romero dej\u00f3 bien claro que el partido liderado por el expresidente Leonel Fern\u00e1ndez \u201cmarcha de manera firme hacia una meta clara: ganar las elecciones municipales, congresuales y presidenciales del 2024\u201d.<\/p>\n\n\n\n<p>\u201cYa ganamos el primer round al lograr la victoria de nuestros candidatos en el Colegio Dominicano de Abogados; en febrero ganaremos el segundo round, pues la victoria de nuestros candidatos municipales ser\u00e1 convincente; y el tercer round ser\u00e1 en mayo de 2024 cuando nuestro l\u00edder Leonel Fern\u00e1ndez Reyna gane de manera aplastante y se aliste a subir por cuarta ocasi\u00f3n las escalinatas del Palacio Nacional\u201d, exclam\u00f3 Julio Romero.<\/p>\n\n\n\n<p><strong>Sumar\u00e1n votos a favor de Julio Romero.-<\/strong>&nbsp;Cerca de un centenar de candidatos a regidores del Partido Fuerza del Pueblo, Juntos Podemos, Movimiento Rebelde y otras quince organizaciones proclamaron este domingo la sumatoria de sus votos a favor del candidato a alcalde de Santo Domingo Este, Julio Romero.<\/p>\n\n\n\n<p>Lo mismo hicieron saber m\u00e1s de cincuenta candidatos a diputados que, seg\u00fan sus consideraciones, \u201ces necesario empujar y ganar las elecciones del 18 de febrero, para facilitar las cosas y garantizar el triunfo de Leonel Fern\u00e1ndez, los senadores y diputados en el pr\u00f3ximo 19 de mayo\u201d.<\/p>\n\n\n\n<p>Los candidatos a diputados y regidores que han garantizado su respaldo a Julio Romero, est\u00e1n en las boletas de Fuerza del Pueblo y de los partidos que conforman la coalici\u00f3n Juntos Podemos, es decir el Bloque Institucional Social Dem\u00f3crata (BIS) Quisqueyano Dem\u00f3crata (PQD), Dem\u00f3crata Institucional (PDI) y otros, mientras que los candidatos del Movimiento Rebelde, presidido por Juan Hubiere; y del Movimiento Fuerza Municipal, cuya l\u00edder es Sonya Abreu Villanueva; est\u00e1n diseminados entre otras organizaciones.<\/p>\n\n\n\n<p>Este domingo, el Club Calero, ubicado en el sector de Villa Duarte, fue reventado por dirigentes, militantes y simpatizantes del Partido Fuerza del Pueblo, Juntos Podemos y otras organizaciones apartidistas y comunitarias celebraron una masiva actividad para proclamar a Julio Romero como candidato a alcalde de Santo Domingo Este, demarcaci\u00f3n por la que tambi\u00e9n es candidato de las citadas entidades.<\/p>\n\n\n\n<p>Nathanael Concepci\u00f3n, Radham\u00e9s Jim\u00e9nez Pe\u00f1a, Antonio Flori\u00e1n (Pe\u00f1ita, secretario general, participaron en la actividad en representaci\u00f3n de la Direcci\u00f3n Pol\u00edtica de Fuerza del Pueblo.<\/p>\n\n\n\n<p>De la Direcci\u00f3n Pol\u00edtica de Fuerza del Pueblo tambi\u00e9n estaban presentes Alexandra Pe\u00f1a y Adalgisa Pujols, presidentas de ese partido en las circunscripciones Tres y Dos, respectivamente, y coordinadoras &nbsp;adjuntas de &nbsp;campa\u00f1a de Julio Romero, al igual que la diputada Juliana O\u2019Neal y Luis Hern\u00e1ndez, presidente de a Circunscripci\u00f3n n\u00famero Uno y coordinador de campa\u00f1a.<\/p>\n\n\n\n<p><strong>Otros proclamados.-<\/strong>&nbsp;Adem\u00e1s de Julio Romero como candidato a alcalde de Santo Domingo Este, el Partido Fuerza del Pueblo, proclam\u00f3 a la vicepresidenta de la Circunscripci\u00f3n n\u00famero Uno de esa organizaci\u00f3n pol\u00edtica y sus aliados, la l\u00edder comunitaria, Norma Molina, como candidata a vicealcaldesa.<\/p>\n\n\n\n<p>Durante esta actividad tambi\u00e9n fueron proclamados treintaitr\u00e9s candidatos a regidores y sus respectivos suplentes, de Fuerza del Pueblo; treintaitr\u00e9s candidatos a regidores y sus respectivos suplentes, de Juntos Podemos y veintis\u00e9is candidatos a regidores y sus respectivos suplentes de otras organizaciones que tambi\u00e9n favorecen la candidatura a alcalde de SDE de Julio Romero.<\/p>\n\n\n\n<p><strong>Julio Romero presenta su equipo de campa\u00f1a.-<\/strong>&nbsp;Adem\u00e1s de la proclamaci\u00f3n de Julio Romero, as\u00ed como de los candidatos a diputados y regidores, el candidato a alcalde Santo Domingo Este, present\u00f3 los equipos de campa\u00f1a que le acompa\u00f1ar\u00e1n en la contienda que qued\u00f3 abierta el jueves reci\u00e9n pasado.<\/p>\n\n\n\n<p>El coordinador municipal de campa\u00f1a es Luis Hern\u00e1ndez, quien en esa estructura est\u00e1 acompa\u00f1ado por Adalgisa Pujols y Alexandra Pe\u00f1a, coordinadoras adjuntas, adem\u00e1s de Fabi\u00e1n Taveras, coordinador ejecutivo y encargado de Finanzas.<\/p>\n\n\n\n<p>El equipo de Estrategia de la candidatura de Julio Romero a la Alcald\u00eda de Santo Domingo Este, est\u00e1 integrado por Elvis Fulgencio (Pilo), Rafael Castillo, Juliana O\u2019Neal, Eriberto Aracena, Antonio Infante (Poli), Luis Flores y C\u00e9sar Fortuna.<\/p>\n\n\n\n<p>Otros coordinadores son: Sonya Abreu Villanueva, de la Mujer; Manuel Cabrera, operativo adjunto; Ignacio P\u00e9rez, Organizaci\u00f3n;<\/p>\n\n\n\n<p>Anabel Santana, Cabral, Eventos y Protocolo; Julio Terrero, Asuntos Profesionales; Junior Vicente, Juventud; pastora Geovanny S\u00e1nchez, Cultos; Missael Silverio, Seguridad; Luis Aneudis D\u00edaz, Transporte; Sebasti\u00e1n Herrera, Sector Externo; doctor Lucas G\u00f3mez, Salud y Asistencial Social; y Vianelo Perdomo, Comunicaci\u00f3n y Relaciones P\u00fablicas.<\/p>\n\n\n\n<p><strong>Los presentes.-<\/strong>&nbsp;Adem\u00e1s de los miembros de la Direcci\u00f3n Pol\u00edtica antes citados, a Julio Romero le acompa\u00f1aron su esposa, Sonya Abreu Villanueva; Cesar\u00edn Ger\u00f3nimo, en representaci\u00f3n de Jos\u00e9 Francisco Pe\u00f1a Guaba (Jos\u00e9Frank), presidente del BIS y coordinador de Juntos Podemos, El\u00edas Wessin Ch\u00e1vez, presidente del Partido Quisqueyano Dem\u00f3crata Cristiano (PQDC); el mayor general retirado Pedro de Jes\u00fas Candelier, &nbsp;exjefe de la Polic\u00eda Naciomnal; el exgobernador de la provincia Santo Domingo, Eladio Mart\u00ednez, entre otros l\u00edderes.<\/p>\n\n\n\n<p><strong>Direcci\u00f3n de Comunicaciones y Relaciones P\u00fablicas,<\/strong><\/p>\n\n\n\n<p><strong>Proyecto Pol\u00edtico Julio Romero Alcalde SDE 2024-2028,<\/strong><\/p>\n\n\n\n<p><strong>Partido Fuerza del Pueblo, Juntos Podemos y Aliados.<\/strong>&#8230;<\/p>\n\n\n\n<p>vianelo perdomo<a rel=\"noreferrer noopener\" target=\"_blank\" href=\"mailto:vianeloperdomo1409@hotmail.com\">vianeloperdomo1409@hotmail.com<\/a><\/p>\n","protected":false},"excerpt":{"rendered":"<p>Julio Romero emiti\u00f3 sus consideraciones al ser proclamado candidato a alcalde de Santo Domingo Este, durante una actividad en la que un centenar de candidatos a regidores y m\u00e1s de cincuenta candidatos a diputados declararon a Julio Romero como seguro alcalde 2024-2028 de SDE. Santo Domingo Este, RD-\u00a0El candidato a alcalde de Santo Domingo Este [&hellip;]<\/p>\n","protected":false},"author":28,"featured_media":495210,"comment_status":"closed","ping_status":"","sticky":false,"template":"","format":"standard","meta":{"footnotes":""},"categories":[22],"tags":[],"class_list":["post-495209","post","type-post","status-publish","format-standard","has-post-thumbnail","hentry","category-politica"],"_links":{"self":[{"href":"https:\/\/diariodominicano.com\/index.php?rest_route=\/wp\/v2\/posts\/495209","targetHints":{"allow":["GET"]}}],"collection":[{"href":"https:\/\/diariodominicano.com\/index.php?rest_route=\/wp\/v2\/posts"}],"about":[{"href":"https:\/\/diariodominicano.com\/index.php?rest_route=\/wp\/v2\/types\/post"}],"author":[{"embeddable":true,"href":"https:\/\/diariodominicano.com\/index.php?rest_route=\/wp\/v2\/users\/28"}],"replies":[{"embeddable":true,"href":"https:\/\/diariodominicano.com\/index.php?rest_route=%2Fwp%2Fv2%2Fcomments&post=495209"}],"version-history":[{"count":3,"href":"https:\/\/diariodominicano.com\/index.php?rest_route=\/wp\/v2\/posts\/495209\/revisions"}],"predecessor-version":[{"id":495214,"href":"https:\/\/diariodominicano.com\/index.php?rest_route=\/wp\/v2\/posts\/495209\/revisions\/495214"}],"wp:featuredmedia":[{"embeddable":true,"href":"https:\/\/diariodominicano.com\/index.php?rest_route=\/wp\/v2\/media\/495210"}],"wp:attachment":[{"href":"https:\/\/diariodominicano.com\/index.php?rest_route=%2Fwp%2Fv2%2Fmedia&parent=495209"}],"wp:term":[{"taxonomy":"category","embeddable":true,"href":"https:\/\/diariodominicano.com\/index.php?rest_route=%2Fwp%2Fv2%2Fcategories&post=495209"},{"taxonomy":"post_tag","embeddable":true,"href":"https:\/\/diariodominicano.com\/index.php?rest_route=%2Fwp%2Fv2%2Ftags&post=495209"}],"curies":[{"name":"wp","href":"https:\/\/api.w.org\/{rel}","templated":true}]}}