{"id":495194,"date":"2023-12-10T21:10:36","date_gmt":"2023-12-11T01:10:36","guid":{"rendered":"https:\/\/diariodominicano.com\/?p=495194"},"modified":"2023-12-10T21:10:36","modified_gmt":"2023-12-11T01:10:36","slug":"julio-romero-promete-impulsar-grandes-transformaciones-desde-la-alcaldia-de-santo-domingo-este","status":"publish","type":"post","link":"https:\/\/diariodominicano.com\/?p=495194","title":{"rendered":"Julio Romero promete impulsar grandes transformaciones desde la Alcald\u00eda de Santo Domingo Este"},"content":{"rendered":"\n<p>El candidato de la Fuerza del Pueblo a la Alcald\u00eda de Santo Domingo Este, Julio Romero prometi\u00f3 que de alcanzar la victoria, como est\u00e1 seguro que suceder\u00e1,\u00a0 impulsar\u00e1\u00a0 grandes transformaciones en el municipio en beneficio de sus habitantes.<\/p>\n\n\n\n<p>Romero hizo la promesa al hablar el domingo en el acto de proclamaci\u00f3n de su candidatura, junto a la de su compa\u00f1era de boleta Norma Molina, as\u00ed como de 33 aspirantes a Regidores y Suplentes.<\/p>\n\n\n\n<p>En el acto de proclamaci\u00f3n de Romero y los dem\u00e1s candidatos municipales, realizado ante una gran concurrencia en el local del Club Calero, de Villa Duarte, estuvo  presente una comisi\u00f3n de la Direcci\u00f3n Pol\u00edtica de la Fuerza del Pueblo, encabezada por el Secretario General del partido, Antonio Flori\u00e1n (Pe\u00f1ita).<\/p>\n\n\n\n<p>Tambi\u00e9n estaban presentes Nathanael Concepci\u00f3n, Adalgisa Pujols, Alexandra Pe\u00f1a,&nbsp; y la diputada Juliana O\u2019Neill, todos miembros de la Direcci\u00f3n Pol\u00edtica de la Fuerza del Pueblo.<\/p>\n\n\n\n<p>De igual modo, el diputado Rafael Castillo y el diputado El\u00edas Wessin Ch\u00e1vez, Presidente del Partido Quisqueyano Dem\u00f3crata Cristiano, de la coalici\u00f3n Juntos Podemos.<\/p>\n\n\n\n<p>Luis Hern\u00e1ndez, presidente de la Circunscripci\u00f3n 1 de la Fuerza del Pueblo,\u00a0 al dejar iniciado el acto llam\u00f3 a todos los miembros del partido a seguir trabajando sin tregua por el fortalecimiento de la organizaci\u00f3n y sus candidatos. <\/p>\n\n\n\n<p>Hern\u00e1ndez expres\u00f3 que s\u00f3lo con el trabajo arduo, tesonero podremos avanzar y alcanzar el triunfo en los comicios de Febrero y mayo pr\u00f3ximo, como quiere y espera la mayor\u00eda del pueblo dominicano.<\/p>\n\n\n\n<p>ose antonio vargas gerrero<a rel=\"noreferrer noopener\" target=\"_blank\" href=\"mailto:jvargas6481@gmail.com\">jvargas6481@gmail.com<\/a><\/p>\n","protected":false},"excerpt":{"rendered":"<p>El candidato de la Fuerza del Pueblo a la Alcald\u00eda de Santo Domingo Este, Julio Romero prometi\u00f3 que de alcanzar la victoria, como est\u00e1 seguro que suceder\u00e1,\u00a0 impulsar\u00e1\u00a0 grandes transformaciones en el municipio en beneficio de sus habitantes. Romero hizo la promesa al hablar el domingo en el acto de proclamaci\u00f3n de su candidatura, junto [&hellip;]<\/p>\n","protected":false},"author":28,"featured_media":495196,"comment_status":"closed","ping_status":"open","sticky":true,"template":"","format":"standard","meta":{"footnotes":""},"categories":[22,27],"tags":[],"class_list":["post-495194","post","type-post","status-publish","format-standard","has-post-thumbnail","hentry","category-politica","category-portada"],"_links":{"self":[{"href":"https:\/\/diariodominicano.com\/index.php?rest_route=\/wp\/v2\/posts\/495194","targetHints":{"allow":["GET"]}}],"collection":[{"href":"https:\/\/diariodominicano.com\/index.php?rest_route=\/wp\/v2\/posts"}],"about":[{"href":"https:\/\/diariodominicano.com\/index.php?rest_route=\/wp\/v2\/types\/post"}],"author":[{"embeddable":true,"href":"https:\/\/diariodominicano.com\/index.php?rest_route=\/wp\/v2\/users\/28"}],"replies":[{"embeddable":true,"href":"https:\/\/diariodominicano.com\/index.php?rest_route=%2Fwp%2Fv2%2Fcomments&post=495194"}],"version-history":[{"count":1,"href":"https:\/\/diariodominicano.com\/index.php?rest_route=\/wp\/v2\/posts\/495194\/revisions"}],"predecessor-version":[{"id":495197,"href":"https:\/\/diariodominicano.com\/index.php?rest_route=\/wp\/v2\/posts\/495194\/revisions\/495197"}],"wp:featuredmedia":[{"embeddable":true,"href":"https:\/\/diariodominicano.com\/index.php?rest_route=\/wp\/v2\/media\/495196"}],"wp:attachment":[{"href":"https:\/\/diariodominicano.com\/index.php?rest_route=%2Fwp%2Fv2%2Fmedia&parent=495194"}],"wp:term":[{"taxonomy":"category","embeddable":true,"href":"https:\/\/diariodominicano.com\/index.php?rest_route=%2Fwp%2Fv2%2Fcategories&post=495194"},{"taxonomy":"post_tag","embeddable":true,"href":"https:\/\/diariodominicano.com\/index.php?rest_route=%2Fwp%2Fv2%2Ftags&post=495194"}],"curies":[{"name":"wp","href":"https:\/\/api.w.org\/{rel}","templated":true}]}}