{"id":495100,"date":"2023-12-10T18:36:54","date_gmt":"2023-12-10T22:36:54","guid":{"rendered":"https:\/\/diariodominicano.com\/?p=495100"},"modified":"2023-12-10T18:43:55","modified_gmt":"2023-12-10T22:43:55","slug":"miguel-vargas-el-gobierno-ha-dejado-la-linea-noroeste-abandonada-a-su-suerte","status":"publish","type":"post","link":"https:\/\/diariodominicano.com\/?p=495100","title":{"rendered":"Miguel Vargas: \u201cEl gobierno ha dejado la L\u00ednea Noroeste abandonada a su suerte\u201d"},"content":{"rendered":"\n<p><em><u>El presidente y candidato presidencial del PRD inici\u00f3 su recorrido en esta parte del pa\u00eds proclamando los candidatos de Guayub\u00edn, Casta\u00f1uelas, Palo Verde y San Fernando de Montecristi.<\/u><\/em><\/p>\n\n\n\n<p>Montecristi. &#8211; El candidato presidencial del Partido Revolucionario Dominicano (PRD), Miguel Vargas Maldonado, expres\u00f3 este s\u00e1bado en San Fernando de Montecristi que \u201cla condici\u00f3n de incumplidor del actual gobierno se evidencia con crudeza en las provincias fronterizas de la L\u00ednea Noroeste del territorio nacional\u201d.<\/p>\n\n\n\n<p>El tambi\u00e9n presidente del PRD se refiri\u00f3 al tema durante el recorrido que realiza este fin de semana por las provincias Montecristi, Dajab\u00f3n y Santiago Rodr\u00edguez, en apoyo a los candidatos municipales de esa organizaci\u00f3n pol\u00edtica y de la Alianza Opositora Rescate RD, que coordina.<\/p>\n\n\n\n<figure class=\"wp-block-gallery columns-3 is-cropped wp-block-gallery-1 is-layout-flex wp-block-gallery-is-layout-flex\"><ul class=\"blocks-gallery-grid\"><li class=\"blocks-gallery-item\"><figure><img loading=\"lazy\" decoding=\"async\" width=\"1024\" height=\"682\" src=\"https:\/\/diariodominicano.com\/wp-content\/uploads\/2023\/12\/Miguel-Vargas-en-Montecristi-1024x682.jpg\" alt=\"\" data-id=\"495118\" data-full-url=\"https:\/\/diariodominicano.com\/wp-content\/uploads\/2023\/12\/Miguel-Vargas-en-Montecristi.jpg\" data-link=\"https:\/\/diariodominicano.com\/?attachment_id=495118\" class=\"wp-image-495118\" srcset=\"https:\/\/diariodominicano.com\/wp-content\/uploads\/2023\/12\/Miguel-Vargas-en-Montecristi-1024x682.jpg 1024w, https:\/\/diariodominicano.com\/wp-content\/uploads\/2023\/12\/Miguel-Vargas-en-Montecristi-300x200.jpg 300w, https:\/\/diariodominicano.com\/wp-content\/uploads\/2023\/12\/Miguel-Vargas-en-Montecristi-768x512.jpg 768w, https:\/\/diariodominicano.com\/wp-content\/uploads\/2023\/12\/Miguel-Vargas-en-Montecristi-1536x1023.jpg 1536w, https:\/\/diariodominicano.com\/wp-content\/uploads\/2023\/12\/Miguel-Vargas-en-Montecristi-816x544.jpg 816w, https:\/\/diariodominicano.com\/wp-content\/uploads\/2023\/12\/Miguel-Vargas-en-Montecristi.jpg 1600w\" sizes=\"auto, (max-width: 1024px) 100vw, 1024px\" \/><\/figure><\/li><li class=\"blocks-gallery-item\"><figure><img loading=\"lazy\" decoding=\"async\" width=\"1024\" height=\"682\" src=\"https:\/\/diariodominicano.com\/wp-content\/uploads\/2023\/12\/Miguel-Vargas-Gobierno-ha-dejado-la-Linea-Noroeste-abandonada-a-su-suerte-1024x682.jpg\" alt=\"\" data-id=\"495117\" data-full-url=\"https:\/\/diariodominicano.com\/wp-content\/uploads\/2023\/12\/Miguel-Vargas-Gobierno-ha-dejado-la-Linea-Noroeste-abandonada-a-su-suerte.jpg\" data-link=\"https:\/\/diariodominicano.com\/?attachment_id=495117\" class=\"wp-image-495117\" srcset=\"https:\/\/diariodominicano.com\/wp-content\/uploads\/2023\/12\/Miguel-Vargas-Gobierno-ha-dejado-la-Linea-Noroeste-abandonada-a-su-suerte-1024x682.jpg 1024w, https:\/\/diariodominicano.com\/wp-content\/uploads\/2023\/12\/Miguel-Vargas-Gobierno-ha-dejado-la-Linea-Noroeste-abandonada-a-su-suerte-300x200.jpg 300w, https:\/\/diariodominicano.com\/wp-content\/uploads\/2023\/12\/Miguel-Vargas-Gobierno-ha-dejado-la-Linea-Noroeste-abandonada-a-su-suerte-768x512.jpg 768w, https:\/\/diariodominicano.com\/wp-content\/uploads\/2023\/12\/Miguel-Vargas-Gobierno-ha-dejado-la-Linea-Noroeste-abandonada-a-su-suerte-1536x1023.jpg 1536w, https:\/\/diariodominicano.com\/wp-content\/uploads\/2023\/12\/Miguel-Vargas-Gobierno-ha-dejado-la-Linea-Noroeste-abandonada-a-su-suerte-816x544.jpg 816w, https:\/\/diariodominicano.com\/wp-content\/uploads\/2023\/12\/Miguel-Vargas-Gobierno-ha-dejado-la-Linea-Noroeste-abandonada-a-su-suerte.jpg 1600w\" sizes=\"auto, (max-width: 1024px) 100vw, 1024px\" \/><\/figure><\/li><li class=\"blocks-gallery-item\"><figure><img loading=\"lazy\" decoding=\"async\" width=\"1024\" height=\"682\" src=\"https:\/\/diariodominicano.com\/wp-content\/uploads\/2023\/12\/Miguel-Vargas-El-gobierno-ha-dejado-la-Linea-Noroeste-abandonada-a-su-suerte-1024x682.jpg\" alt=\"\" data-id=\"495116\" data-full-url=\"https:\/\/diariodominicano.com\/wp-content\/uploads\/2023\/12\/Miguel-Vargas-El-gobierno-ha-dejado-la-Linea-Noroeste-abandonada-a-su-suerte.jpg\" data-link=\"https:\/\/diariodominicano.com\/?attachment_id=495116\" class=\"wp-image-495116\" srcset=\"https:\/\/diariodominicano.com\/wp-content\/uploads\/2023\/12\/Miguel-Vargas-El-gobierno-ha-dejado-la-Linea-Noroeste-abandonada-a-su-suerte-1024x682.jpg 1024w, https:\/\/diariodominicano.com\/wp-content\/uploads\/2023\/12\/Miguel-Vargas-El-gobierno-ha-dejado-la-Linea-Noroeste-abandonada-a-su-suerte-300x200.jpg 300w, https:\/\/diariodominicano.com\/wp-content\/uploads\/2023\/12\/Miguel-Vargas-El-gobierno-ha-dejado-la-Linea-Noroeste-abandonada-a-su-suerte-768x512.jpg 768w, https:\/\/diariodominicano.com\/wp-content\/uploads\/2023\/12\/Miguel-Vargas-El-gobierno-ha-dejado-la-Linea-Noroeste-abandonada-a-su-suerte-1536x1023.jpg 1536w, https:\/\/diariodominicano.com\/wp-content\/uploads\/2023\/12\/Miguel-Vargas-El-gobierno-ha-dejado-la-Linea-Noroeste-abandonada-a-su-suerte-816x544.jpg 816w, https:\/\/diariodominicano.com\/wp-content\/uploads\/2023\/12\/Miguel-Vargas-El-gobierno-ha-dejado-la-Linea-Noroeste-abandonada-a-su-suerte.jpg 1600w\" sizes=\"auto, (max-width: 1024px) 100vw, 1024px\" \/><\/figure><\/li><\/ul><\/figure>\n\n\n\n<p>\u201cEl mandatario le prometi\u00f3 a esta regi\u00f3n inversiones p\u00fablico-privadas por 151 mil millones de pesos para su desarrollo, que los pobladores no han visto llegar, mientras se recrudece su situaci\u00f3n econ\u00f3mica y social, por la falta de empleos, la carest\u00eda en la comida y las medicinas, as\u00ed como el deterioro de los servicios, en medio de una gran incertidumbre\u201d, manifest\u00f3.&nbsp;<\/p>\n\n\n\n<p>Durante su intervenci\u00f3n, el candidato presidencial perrede\u00edsta cuestion\u00f3 el retraso que acusan proyectos como el muelle de Manzanillo, anunciado con una inversi\u00f3n de 6,800 millones de pesos, as\u00ed como el proyecto energ\u00e9tico de gas natural en Pepillo Salcedo, que son garantes para el crecimiento de toda la regi\u00f3n. Asimismo, aprovech\u00f3 el escenario para reclamar la inmediata reactivaci\u00f3n del proyecto La Cruz de Manzanillo.&nbsp;<\/p>\n\n\n\n<p>\u201cLo que s\u00ed se evidencia es la falta de escuelas, deterioro de los servicios de salud y electricidad y una poblaci\u00f3n laboriosa abandonada a su suerte\u201d, prosigui\u00f3 el l\u00edder pol\u00edtico.<\/p>\n\n\n\n<p>\u201cAsumo el compromiso de convertir esta provincia en un destino crucerista, adicionando al puerto de Manzanillo un espig\u00f3n para barcos de cruceros\u201d, declar\u00f3.<\/p>\n\n\n\n<p>\u201cTambi\u00e9n retomaremos el proyecto del bulevar que unir\u00eda a Puerto Plata con Montecristi, el cual hab\u00edamos proyectado durante nuestra gesti\u00f3n al frente de Obras P\u00fablicas\u201d a\u00f1adi\u00f3.<\/p>\n\n\n\n<p>Vargas indic\u00f3 que \u201cese bulevar es la verdadera garant\u00eda para el desarrollo de Montecristi, vincul\u00e1ndolo a Puerta Plata, en una oferta tur\u00edstica complementaria\u201d.<\/p>\n\n\n\n<p><strong>Detalles del recorrido<\/strong><\/p>\n\n\n\n<p>En Montecristi, Miguel Vargas visit\u00f3 los municipios Guayub\u00edn, en apoyo a Gloribel Villalona, candidata a alcaldesa (PRD-PLD); Casta\u00f1uelas, en apoyo al alcalde y candidato a la reelecci\u00f3n Winston \u00c1lvarez (PRD-PLD), en San Fernando, cabecera de la provincia, en apoyo a Gregorio Almonte \u201cYoyo\u201d (PRD-PLD), as\u00ed como a Dar\u00edo Toribio, del distrito municipal Palo Verde, (PRD-PLD-FP).<\/p>\n\n\n\n<p>All\u00ed afirm\u00f3 que, \u201cdado el descontento y la desesperaci\u00f3n del pueblo dominicano, causados por la mala gesti\u00f3n del gobierno perreme\u00edsta, tanto en febrero como en mayo del 2024, los votos unidos de los candidatos de la Alianza Opositora Rescate RD ser\u00e1n superiores a los del oficialismo en todos los niveles de elecci\u00f3n popular\u201d <\/p>\n","protected":false},"excerpt":{"rendered":"<p>El presidente y candidato presidencial del PRD inici\u00f3 su recorrido en esta parte del pa\u00eds proclamando los candidatos de Guayub\u00edn, Casta\u00f1uelas, Palo Verde y San Fernando de Montecristi. Montecristi. &#8211; El candidato presidencial del Partido Revolucionario Dominicano (PRD), Miguel Vargas Maldonado, expres\u00f3 este s\u00e1bado en San Fernando de Montecristi que \u201cla condici\u00f3n de incumplidor del [&hellip;]<\/p>\n","protected":false},"author":7,"featured_media":495118,"comment_status":"closed","ping_status":"","sticky":true,"template":"","format":"standard","meta":{"footnotes":""},"categories":[22,27],"tags":[],"class_list":["post-495100","post","type-post","status-publish","format-standard","has-post-thumbnail","hentry","category-politica","category-portada"],"_links":{"self":[{"href":"https:\/\/diariodominicano.com\/index.php?rest_route=\/wp\/v2\/posts\/495100","targetHints":{"allow":["GET"]}}],"collection":[{"href":"https:\/\/diariodominicano.com\/index.php?rest_route=\/wp\/v2\/posts"}],"about":[{"href":"https:\/\/diariodominicano.com\/index.php?rest_route=\/wp\/v2\/types\/post"}],"author":[{"embeddable":true,"href":"https:\/\/diariodominicano.com\/index.php?rest_route=\/wp\/v2\/users\/7"}],"replies":[{"embeddable":true,"href":"https:\/\/diariodominicano.com\/index.php?rest_route=%2Fwp%2Fv2%2Fcomments&post=495100"}],"version-history":[{"count":3,"href":"https:\/\/diariodominicano.com\/index.php?rest_route=\/wp\/v2\/posts\/495100\/revisions"}],"predecessor-version":[{"id":495124,"href":"https:\/\/diariodominicano.com\/index.php?rest_route=\/wp\/v2\/posts\/495100\/revisions\/495124"}],"wp:featuredmedia":[{"embeddable":true,"href":"https:\/\/diariodominicano.com\/index.php?rest_route=\/wp\/v2\/media\/495118"}],"wp:attachment":[{"href":"https:\/\/diariodominicano.com\/index.php?rest_route=%2Fwp%2Fv2%2Fmedia&parent=495100"}],"wp:term":[{"taxonomy":"category","embeddable":true,"href":"https:\/\/diariodominicano.com\/index.php?rest_route=%2Fwp%2Fv2%2Fcategories&post=495100"},{"taxonomy":"post_tag","embeddable":true,"href":"https:\/\/diariodominicano.com\/index.php?rest_route=%2Fwp%2Fv2%2Ftags&post=495100"}],"curies":[{"name":"wp","href":"https:\/\/api.w.org\/{rel}","templated":true}]}}