{"id":495091,"date":"2023-12-10T18:30:27","date_gmt":"2023-12-10T22:30:27","guid":{"rendered":"https:\/\/diariodominicano.com\/?p=495091"},"modified":"2023-12-10T18:30:27","modified_gmt":"2023-12-10T22:30:27","slug":"el-pld-en-la-vega-reconoce-miembros-fundadores","status":"publish","type":"post","link":"https:\/\/diariodominicano.com\/?p=495091","title":{"rendered":"El PLD en la Vega reconoce miembros fundadores"},"content":{"rendered":"\n<p><em>Lidio Cadet en conferencia por los 50 a\u00f1os del PLD en La Vega, resalta el valor de la formaci\u00f3n en valores y la trascendencia de la unidad partidaria<\/em>.&nbsp;&nbsp;<\/p>\n\n\n\n<p>El Partido de la Liberaci\u00f3n Dominicana (PLD) en La Vega reconoci\u00f3 a tres miembros fundadores de esa organizaci\u00f3n pol\u00edtica en la provincia cibae\u00f1a en donde naci\u00f3 y descansan los restos de su l\u00edder hist\u00f3rico, el profesor Juan Bosch.<\/p>\n\n\n\n<p>En el marco de una conferencia del ex secretario general del PLD, Lidio Cadet, fueron reconocidos Porfirio Veras Mercedes, Manuel Pe\u00f1a y Arnaldo Rodr\u00edguez Grull\u00f3n, este \u00faltimo reconocido p\u00f3stumamente.&nbsp;&nbsp;<\/p>\n\n\n\n<p>En su exposici\u00f3n Lidio Cadet resalt\u00f3 los valores cultivados por el PLD desde su fundaci\u00f3n entre ellos la unidad partidaria, la formaci\u00f3n pol\u00edtica y los m\u00e9todos de trabajo, elementos que cada d\u00eda deben reforzarse.<\/p>\n\n\n\n<p>Los homenajeados se manifestaron regocijados por el reconocimiento y reiteraron su apego a los principios de la organizaci\u00f3n fundada el 15 de diciembre de 1973.<\/p>\n\n\n\n<figure class=\"wp-block-gallery columns-3 is-cropped wp-block-gallery-1 is-layout-flex wp-block-gallery-is-layout-flex\"><ul class=\"blocks-gallery-grid\"><li class=\"blocks-gallery-item\"><figure><img loading=\"lazy\" decoding=\"async\" width=\"888\" height=\"1024\" src=\"https:\/\/diariodominicano.com\/wp-content\/uploads\/2023\/12\/Desafios-de-la-humanidad-ante-crisis-medioambiental-Ing-Eleuterio-Martinez-888x1024.jpg\" alt=\"\" data-id=\"495098\" data-full-url=\"https:\/\/diariodominicano.com\/wp-content\/uploads\/2023\/12\/Desafios-de-la-humanidad-ante-crisis-medioambiental-Ing-Eleuterio-Martinez.jpg\" data-link=\"https:\/\/diariodominicano.com\/?attachment_id=495098\" class=\"wp-image-495098\" srcset=\"https:\/\/diariodominicano.com\/wp-content\/uploads\/2023\/12\/Desafios-de-la-humanidad-ante-crisis-medioambiental-Ing-Eleuterio-Martinez-888x1024.jpg 888w, https:\/\/diariodominicano.com\/wp-content\/uploads\/2023\/12\/Desafios-de-la-humanidad-ante-crisis-medioambiental-Ing-Eleuterio-Martinez-260x300.jpg 260w, https:\/\/diariodominicano.com\/wp-content\/uploads\/2023\/12\/Desafios-de-la-humanidad-ante-crisis-medioambiental-Ing-Eleuterio-Martinez-768x886.jpg 768w, https:\/\/diariodominicano.com\/wp-content\/uploads\/2023\/12\/Desafios-de-la-humanidad-ante-crisis-medioambiental-Ing-Eleuterio-Martinez-816x941.jpg 816w, https:\/\/diariodominicano.com\/wp-content\/uploads\/2023\/12\/Desafios-de-la-humanidad-ante-crisis-medioambiental-Ing-Eleuterio-Martinez.jpg 1061w\" sizes=\"auto, (max-width: 888px) 100vw, 888px\" \/><\/figure><\/li><li class=\"blocks-gallery-item\"><figure><img loading=\"lazy\" decoding=\"async\" width=\"893\" height=\"1024\" src=\"https:\/\/diariodominicano.com\/wp-content\/uploads\/2023\/12\/Ingeniero-Agroforestal-Eleuterio-Martinez-893x1024.jpg\" alt=\"\" data-id=\"495097\" data-full-url=\"https:\/\/diariodominicano.com\/wp-content\/uploads\/2023\/12\/Ingeniero-Agroforestal-Eleuterio-Martinez.jpg\" data-link=\"https:\/\/diariodominicano.com\/?attachment_id=495097\" class=\"wp-image-495097\" srcset=\"https:\/\/diariodominicano.com\/wp-content\/uploads\/2023\/12\/Ingeniero-Agroforestal-Eleuterio-Martinez-893x1024.jpg 893w, https:\/\/diariodominicano.com\/wp-content\/uploads\/2023\/12\/Ingeniero-Agroforestal-Eleuterio-Martinez-262x300.jpg 262w, https:\/\/diariodominicano.com\/wp-content\/uploads\/2023\/12\/Ingeniero-Agroforestal-Eleuterio-Martinez-768x881.jpg 768w, https:\/\/diariodominicano.com\/wp-content\/uploads\/2023\/12\/Ingeniero-Agroforestal-Eleuterio-Martinez-816x936.jpg 816w, https:\/\/diariodominicano.com\/wp-content\/uploads\/2023\/12\/Ingeniero-Agroforestal-Eleuterio-Martinez.jpg 1067w\" sizes=\"auto, (max-width: 893px) 100vw, 893px\" \/><\/figure><\/li><li class=\"blocks-gallery-item\"><figure><img loading=\"lazy\" decoding=\"async\" width=\"812\" height=\"1024\" src=\"https:\/\/diariodominicano.com\/wp-content\/uploads\/2023\/12\/Desafios-de-la-Humanidad-ante-la-Crisis-Medioambiental-812x1024.jpg\" alt=\"\" data-id=\"495096\" data-full-url=\"https:\/\/diariodominicano.com\/wp-content\/uploads\/2023\/12\/Desafios-de-la-Humanidad-ante-la-Crisis-Medioambiental.jpg\" data-link=\"https:\/\/diariodominicano.com\/?attachment_id=495096\" class=\"wp-image-495096\" srcset=\"https:\/\/diariodominicano.com\/wp-content\/uploads\/2023\/12\/Desafios-de-la-Humanidad-ante-la-Crisis-Medioambiental-812x1024.jpg 812w, https:\/\/diariodominicano.com\/wp-content\/uploads\/2023\/12\/Desafios-de-la-Humanidad-ante-la-Crisis-Medioambiental-238x300.jpg 238w, https:\/\/diariodominicano.com\/wp-content\/uploads\/2023\/12\/Desafios-de-la-Humanidad-ante-la-Crisis-Medioambiental-768x969.jpg 768w, https:\/\/diariodominicano.com\/wp-content\/uploads\/2023\/12\/Desafios-de-la-Humanidad-ante-la-Crisis-Medioambiental-816x1030.jpg 816w, https:\/\/diariodominicano.com\/wp-content\/uploads\/2023\/12\/Desafios-de-la-Humanidad-ante-la-Crisis-Medioambiental.jpg 970w\" sizes=\"auto, (max-width: 812px) 100vw, 812px\" \/><\/figure><\/li><\/ul><\/figure>\n\n\n\n<p>Manuel Pe\u00f1a y Porfirio (Popo) Veras Mercedes, recibieron las esculturas que les reconocen su militancia y lealtad, mientras la se\u00f1ora Ana Dolores Marte (Lola) lo hizo en nombre de su fenecido esposo, Arnaldo Rodr\u00edguez Grull\u00f3n .<\/p>\n\n\n\n<p><strong>SECRETARIA COMUNICACIONES<\/strong><\/p>\n\n\n\n<p><strong>10 DICIEMBRE 2023<\/strong> <\/p>\n\n\n\n<p><\/p>\n","protected":false},"excerpt":{"rendered":"<p>Lidio Cadet en conferencia por los 50 a\u00f1os del PLD en La Vega, resalta el valor de la formaci\u00f3n en valores y la trascendencia de la unidad partidaria.&nbsp;&nbsp; El Partido de la Liberaci\u00f3n Dominicana (PLD) en La Vega reconoci\u00f3 a tres miembros fundadores de esa organizaci\u00f3n pol\u00edtica en la provincia cibae\u00f1a en donde naci\u00f3 y [&hellip;]<\/p>\n","protected":false},"author":7,"featured_media":495095,"comment_status":"closed","ping_status":"","sticky":true,"template":"","format":"standard","meta":{"footnotes":""},"categories":[22,27],"tags":[],"class_list":["post-495091","post","type-post","status-publish","format-standard","has-post-thumbnail","hentry","category-politica","category-portada"],"_links":{"self":[{"href":"https:\/\/diariodominicano.com\/index.php?rest_route=\/wp\/v2\/posts\/495091","targetHints":{"allow":["GET"]}}],"collection":[{"href":"https:\/\/diariodominicano.com\/index.php?rest_route=\/wp\/v2\/posts"}],"about":[{"href":"https:\/\/diariodominicano.com\/index.php?rest_route=\/wp\/v2\/types\/post"}],"author":[{"embeddable":true,"href":"https:\/\/diariodominicano.com\/index.php?rest_route=\/wp\/v2\/users\/7"}],"replies":[{"embeddable":true,"href":"https:\/\/diariodominicano.com\/index.php?rest_route=%2Fwp%2Fv2%2Fcomments&post=495091"}],"version-history":[{"count":1,"href":"https:\/\/diariodominicano.com\/index.php?rest_route=\/wp\/v2\/posts\/495091\/revisions"}],"predecessor-version":[{"id":495099,"href":"https:\/\/diariodominicano.com\/index.php?rest_route=\/wp\/v2\/posts\/495091\/revisions\/495099"}],"wp:featuredmedia":[{"embeddable":true,"href":"https:\/\/diariodominicano.com\/index.php?rest_route=\/wp\/v2\/media\/495095"}],"wp:attachment":[{"href":"https:\/\/diariodominicano.com\/index.php?rest_route=%2Fwp%2Fv2%2Fmedia&parent=495091"}],"wp:term":[{"taxonomy":"category","embeddable":true,"href":"https:\/\/diariodominicano.com\/index.php?rest_route=%2Fwp%2Fv2%2Fcategories&post=495091"},{"taxonomy":"post_tag","embeddable":true,"href":"https:\/\/diariodominicano.com\/index.php?rest_route=%2Fwp%2Fv2%2Ftags&post=495091"}],"curies":[{"name":"wp","href":"https:\/\/api.w.org\/{rel}","templated":true}]}}