{"id":49507,"date":"2020-09-14T13:10:22","date_gmt":"2020-09-14T13:10:22","guid":{"rendered":"http:\/\/diariodominicano.ddns.net\/?p=49507"},"modified":"2020-09-14T13:10:22","modified_gmt":"2020-09-14T13:10:22","slug":"garcia-fermin-anuncia-que-el-mescyt-promovera-la-imparticion-de-doctorados-en-la-republica-dominicana","status":"publish","type":"post","link":"https:\/\/diariodominicano.com\/?p=49507","title":{"rendered":"Garc\u00eda Ferm\u00edn anuncia que el MESCYT promover\u00e1 la impartici\u00f3n de doctorados en la Rep\u00fablica Dominicana"},"content":{"rendered":"<p><body><\/p>\n<p><img decoding=\"async\" src=\"img3\/graciafermin14-9-20.jpg\" \/>  <\/p>\n<p><span class=\"text1noticias\"> <\/span><\/p>\n<p><span class=\"text1noticias\">diariodominicano.com<\/span><\/p>\n<p><span class=\"text1noticias\"> <\/span><\/p>\n<p><span class=\"text1noticias\">Santo Domingo, R. D., 14 de septiembre, 2020.- El ministro de Educaci\u00f3n Superior, Ciencia y Tecnolog\u00eda, doctor Franklin Garc\u00eda Ferm\u00edn, anunci\u00f3 que promover\u00e1 que en las universidades dominicanas se impartan doctorados, para facilitar que estudiantes dominicanos no tengan que salir del pa\u00eds para obtener el grado m\u00e1ximo acad\u00e9mico.<\/span><\/p>\n<p><span class=\"text1noticias\"> <\/span><\/p>\n<p><span class=\"text1noticias\">El funcionario inform\u00f3 que tambi\u00e9n el MESCYT establecer\u00e1 alianzas con universidades nacionales y extranjeras, con el prop\u00f3sito de que profesores puedan impartir docencia en el pa\u00eds en los campos profesionales de doctorado, con doble titulaci\u00f3n.<\/span><\/p>\n<p><span class=\"text1noticias\"> <\/span><\/p>\n<p><span class=\"text1noticias\">Entrevistado por Ricardo Nieves y Rosa Encarnaci\u00f3n, en el programa El Despertador, del Grupo SIN, Garc\u00eda Ferm\u00edn dijo que la cartera que dirige se enfocar\u00e1 en elevar la calidad del sistema de educaci\u00f3n superior, y hacer mayores esfuerzos en la investigaci\u00f3n y el desarrollo del post grado en el pa\u00eds. <\/span><\/p>\n<p><span class=\"text1noticias\"> <\/span><\/p>\n<p><span class=\"text1noticias\">\u00abEl objetivo, b\u00e1sicamente, es promover programas doctorales propios en las universidades dominicanas y tambi\u00e9n en alianza con otras universidades nacionales y extranjeras\u00bb, subray\u00f3.<\/span><\/p>\n<p><span class=\"text1noticias\"> <\/span><\/p>\n<p><span class=\"text1noticias\">Sostuvo que a trav\u00e9s de los programas doctorales se produce una cantidad inmensa de investigaci\u00f3n, porque el t\u00edtulo del cursante debe ser validado a trav\u00e9s de una investigaci\u00f3n.<\/span><\/p>\n<p><span class=\"text1noticias\"> <\/span><\/p>\n<p><span class=\"text1noticias\">Indic\u00f3 que evidentemente se debe cumplir con una evaluaci\u00f3n constante, a trav\u00e9s de proyectos que permitan mantener un control d\u00eda a d\u00eda, y en el plano estrat\u00e9gico de las universidades.<\/span><\/p>\n<p><span class=\"text1noticias\"> <\/span><\/p>\n<p><span class=\"text1noticias\">El ex rector de la Universidad Aut\u00f3noma de Santo Domingo (UASD) manifest\u00f3 que producto del Covid-19, el sistema de educaci\u00f3n universitaria ha tenido que ir a la virtualidad en un 100%.<\/span><\/p>\n<p><span class=\"text1noticias\"> <\/span><\/p>\n<p><span class=\"text1noticias\">Plantea que de aqu\u00ed a diciembre est\u00e1 previsto que la educaci\u00f3n en sentido general ser\u00e1 un 100% virtual, aunque observ\u00f3 que las universidades han venido transitando ese camino antes de la pandemia.<\/span><\/p>\n<p><span class=\"text1noticias\"> <\/span><\/p>\n<p><span class=\"text1noticias\">Garc\u00eda Ferm\u00edn sostuvo que el presidente Luis Abinader tiene inter\u00e9s en que ning\u00fan estudiante se queda fuera del per\u00edodo acad\u00e9mico, por lo cual imparti\u00f3 instrucciones para ir en su auxilio, lo cual se traducir\u00e1 en un bono para que los que desertaron vuelvan a las aulas y los que est\u00e1n puedan costear sus estudios.<\/span><\/p>\n<p><span class=\"text1noticias\"> <\/span><\/p>\n<p><span class=\"text1noticias\">Fuente: Federico mendez nova <\/span><\/p>\n<h6> 2020-09-14 13:10:22 <\/h6>\n<p><!--\n<link rel=\"stylesheet\" href=\"css\/bootstrap.min.css\">\n\n\n<ul class=\"pagination\">\n\t    \n\t\n\n<li >\n\t<a href='?page_no=213'>Previous<\/a>\n\t<\/li>\n\n\n       \n    \n\n<li><a href='?page_no=1'>1<\/a><\/li>\n\n\n\n<li><a href='?page_no=2'>2<\/a><\/li>\n\n\n\n<li><a>...<\/a><\/li>\n\n\n\n<li><a href='?page_no=212'>212<\/a><\/li>\n\n\n\n<li><a href='?page_no=213'>213<\/a><\/li>\n\n\n\n<li class='active'><a>214<\/a><\/li>\n\n\n\n<li><a href='?page_no=215'>215<\/a><\/li>\n\n\n\n<li><a href='?page_no=216'>216<\/a><\/li>\n\n\n\n<li><a>...<\/a><\/li>\n\n\n\n<li><a href='?page_no=22911'>22911<\/a><\/li>\n\n\n\n<li><a href='?page_no=22912'>22912<\/a><\/li>\n\n    \n\t\n\n<li >\n\t<a href='?page_no=215'>Next<\/a>\n\t<\/li>\n\n\n    \n\n<li><a href='?page_no=22912'>Last &rsaquo;&rsaquo;<\/a><\/li>\n\n<\/ul>\n\n\n--><br \/>\n<\/body><\/p>\n","protected":false},"excerpt":{"rendered":"<p>diariodominicano.com Santo Domingo, R. D., 14 de septiembre, 2020.- El ministro de Educaci\u00f3n Superior, Ciencia y Tecnolog\u00eda, doctor Franklin Garc\u00eda Ferm\u00edn, anunci\u00f3 que promover\u00e1 que en las universidades dominicanas se impartan doctorados, para facilitar que estudiantes dominicanos no tengan que salir del pa\u00eds para obtener el grado m\u00e1ximo acad\u00e9mico. El funcionario inform\u00f3 que tambi\u00e9n el [&hellip;]<\/p>\n","protected":false},"author":3,"featured_media":0,"comment_status":"open","ping_status":"open","sticky":false,"template":"","format":"standard","meta":{"footnotes":""},"categories":[21],"tags":[],"class_list":["post-49507","post","type-post","status-publish","format-standard","hentry","category-cultura"],"_links":{"self":[{"href":"https:\/\/diariodominicano.com\/index.php?rest_route=\/wp\/v2\/posts\/49507","targetHints":{"allow":["GET"]}}],"collection":[{"href":"https:\/\/diariodominicano.com\/index.php?rest_route=\/wp\/v2\/posts"}],"about":[{"href":"https:\/\/diariodominicano.com\/index.php?rest_route=\/wp\/v2\/types\/post"}],"author":[{"embeddable":true,"href":"https:\/\/diariodominicano.com\/index.php?rest_route=\/wp\/v2\/users\/3"}],"replies":[{"embeddable":true,"href":"https:\/\/diariodominicano.com\/index.php?rest_route=%2Fwp%2Fv2%2Fcomments&post=49507"}],"version-history":[{"count":0,"href":"https:\/\/diariodominicano.com\/index.php?rest_route=\/wp\/v2\/posts\/49507\/revisions"}],"wp:attachment":[{"href":"https:\/\/diariodominicano.com\/index.php?rest_route=%2Fwp%2Fv2%2Fmedia&parent=49507"}],"wp:term":[{"taxonomy":"category","embeddable":true,"href":"https:\/\/diariodominicano.com\/index.php?rest_route=%2Fwp%2Fv2%2Fcategories&post=49507"},{"taxonomy":"post_tag","embeddable":true,"href":"https:\/\/diariodominicano.com\/index.php?rest_route=%2Fwp%2Fv2%2Ftags&post=49507"}],"curies":[{"name":"wp","href":"https:\/\/api.w.org\/{rel}","templated":true}]}}