{"id":494878,"date":"2023-12-08T23:39:25","date_gmt":"2023-12-09T03:39:25","guid":{"rendered":"https:\/\/diariodominicano.com\/?p=494878"},"modified":"2023-12-08T23:39:47","modified_gmt":"2023-12-09T03:39:47","slug":"anuncian-caravana-de-abel-y-el-pld-este-sabado-en-la-romana-y-la-altagracia","status":"publish","type":"post","link":"https:\/\/diariodominicano.com\/?p=494878","title":{"rendered":"Anuncian caravana de Abel y el PLD este s\u00e1bado en la Romana y la Altagracia"},"content":{"rendered":"\n<p>Abel Mart\u00ednez <\/p>\n\n\n\n<p><em>Caravana en La Romana y la Altagracia encabezan actividades del&nbsp;<strong>PLD<\/strong>, junto a los preparativos del 50 aniversario de la fundaci\u00f3n de la organizaci\u00f3n.<\/em><\/p>\n\n\n\n<p><strong>Abel Mart\u00ednez, candidato presidencial del Partido de la Liberaci\u00f3n Dominicana (PLD),<\/strong>&nbsp;encabezar\u00e1 este s\u00e1bado 9 de diciembre la marcha caravana del triunfo en las provincias La Romana y la Altagracia, respectivamente, mientras en el Partido de la Liberaci\u00f3n Dominicana prosiguen los actos de celebraci\u00f3n del 50 aniversario de la fundaci\u00f3n de esa organizaci\u00f3n. &nbsp;&nbsp;<\/p>\n\n\n\n<p>La marcha-caravana en las dos provincias orientales est\u00e1 pautada para iniciar a las dos de la tarde en el Kil\u00f3metro 10 de Cumayasa, la Romana, con la meta inmediata de llegar al municipio Villa Hermosa.<\/p>\n\n\n\n<p>De Villa Hermosa el recorrido llegar\u00e1 al municipio cabecera de la Romana para un recorrido interno y avanzar hacia el municipio de Guaymate y continuar hacia la provincia La Altagracia.<\/p>\n\n\n\n<p>En la Altagracia est\u00e1 programado un recorrido por diferentes sectores de Hig\u00fcey, municipio cabecero en recorrido de unos 7 kil\u00f3metros por calles y avenidas hig\u00fceyanas.<\/p>\n\n\n\n<p>A la par de las actividades de Abel Mart\u00ednez, candidato presidencial del PLD, la organizaci\u00f3n pol\u00edtica contin\u00faa con las actividades de celebraci\u00f3n del 50 aniversario de la fundaci\u00f3n del Partido, que concentra sus actividades cumbres en la semana del 10 al 16 de diciembre del a\u00f1o en curso.<\/p>\n\n\n\n<p>La celebraci\u00f3n del aniversario del PLD viene desarroll\u00e1ndose con actividades en los Comit\u00e9s Provinciales, Municipales, de Distritos Municipales, de Circunscripciones Electorales y de Seccionales en el exterior en las que se han incluido reconocimientos a la trayectoria, trabajo y lealtad de dirigentes, as\u00ed como la celebraci\u00f3n de tertulias, conferencias, ofrendas florales y actividades festivas.<\/p>\n\n\n\n<p>Para la pr\u00f3xima semana se programaron diferentes actos que culminar\u00e1n el viernes 15 de diciembre justo en la fecha del 50 aniversario de la celebraci\u00f3n del Congreso Constitutivo Juan Pablo Duarte del PLD.<\/p>\n\n\n\n<p><strong>SECRETAR\u00cdA DE COMUNICACIONES<\/strong><\/p>\n\n\n\n<p><strong>08 DE DICIEMBRE, 2023.-<\/strong><\/p>\n","protected":false},"excerpt":{"rendered":"<p>Abel Mart\u00ednez Caravana en La Romana y la Altagracia encabezan actividades del&nbsp;PLD, junto a los preparativos del 50 aniversario de la fundaci\u00f3n de la organizaci\u00f3n. Abel Mart\u00ednez, candidato presidencial del Partido de la Liberaci\u00f3n Dominicana (PLD),&nbsp;encabezar\u00e1 este s\u00e1bado 9 de diciembre la marcha caravana del triunfo en las provincias La Romana y la Altagracia, respectivamente, [&hellip;]<\/p>\n","protected":false},"author":28,"featured_media":482054,"comment_status":"closed","ping_status":"","sticky":true,"template":"","format":"standard","meta":{"footnotes":""},"categories":[22,27],"tags":[],"class_list":["post-494878","post","type-post","status-publish","format-standard","has-post-thumbnail","hentry","category-politica","category-portada"],"_links":{"self":[{"href":"https:\/\/diariodominicano.com\/index.php?rest_route=\/wp\/v2\/posts\/494878","targetHints":{"allow":["GET"]}}],"collection":[{"href":"https:\/\/diariodominicano.com\/index.php?rest_route=\/wp\/v2\/posts"}],"about":[{"href":"https:\/\/diariodominicano.com\/index.php?rest_route=\/wp\/v2\/types\/post"}],"author":[{"embeddable":true,"href":"https:\/\/diariodominicano.com\/index.php?rest_route=\/wp\/v2\/users\/28"}],"replies":[{"embeddable":true,"href":"https:\/\/diariodominicano.com\/index.php?rest_route=%2Fwp%2Fv2%2Fcomments&post=494878"}],"version-history":[{"count":2,"href":"https:\/\/diariodominicano.com\/index.php?rest_route=\/wp\/v2\/posts\/494878\/revisions"}],"predecessor-version":[{"id":494880,"href":"https:\/\/diariodominicano.com\/index.php?rest_route=\/wp\/v2\/posts\/494878\/revisions\/494880"}],"wp:featuredmedia":[{"embeddable":true,"href":"https:\/\/diariodominicano.com\/index.php?rest_route=\/wp\/v2\/media\/482054"}],"wp:attachment":[{"href":"https:\/\/diariodominicano.com\/index.php?rest_route=%2Fwp%2Fv2%2Fmedia&parent=494878"}],"wp:term":[{"taxonomy":"category","embeddable":true,"href":"https:\/\/diariodominicano.com\/index.php?rest_route=%2Fwp%2Fv2%2Fcategories&post=494878"},{"taxonomy":"post_tag","embeddable":true,"href":"https:\/\/diariodominicano.com\/index.php?rest_route=%2Fwp%2Fv2%2Ftags&post=494878"}],"curies":[{"name":"wp","href":"https:\/\/api.w.org\/{rel}","templated":true}]}}