{"id":49485,"date":"2020-09-15T03:52:58","date_gmt":"2020-09-15T03:52:58","guid":{"rendered":"http:\/\/diariodominicano.ddns.net\/?p=49485"},"modified":"2020-09-15T03:52:58","modified_gmt":"2020-09-15T03:52:58","slug":"el-dia-que-fallecio-pedro-francisco-bono","status":"publish","type":"post","link":"https:\/\/diariodominicano.com\/?p=49485","title":{"rendered":"El d\u00eda que falleci\u00f3 Pedro Francisco Bon\u00f3"},"content":{"rendered":"<p><body><\/p>\n<p><strong>Diariodominicano.com<\/strong><\/p>\n<p><strong>El d\u00eda que falleci\u00f3 Pedro Francisco Bon\u00f3 <\/strong><\/p>\n<p><strong>  Bon\u00f3 hab\u00eda nacido en la ciudad de Santiago de los Caballeros, el 18 de Octubre de 1830. Fueron sus padres el comerciante Jos\u00e9 Bon\u00f3 y la se\u00f1ora In\u00e9s Mej\u00eda.<\/strong><\/p>\n<p><strong> <\/strong><\/p>\n<p><strong>Por H\u00e9ctor Tineo Nolasco<\/strong><\/p>\n<p><strong>Diariodominicano.com<\/strong><\/p>\n<\/p>\n<p><strong>  SAN  FRANCISCO DE MACORIS, el 15 de septiembre de 1906<\/strong>, muri\u00f3 en  de San Francisco de Macor\u00eds, Pedro Francisco Bon\u00f3, quien se distingui\u00f3 como soci\u00f3logo, abogado y pol\u00edtico.<\/p>\n<\/p>\n<p>    Bon\u00f3 hab\u00eda nacido en la ciudad de Santiago de los Caballeros, el 18 de Octubre de 1830. Fueron sus padres el comerciante Jos\u00e9 Bon\u00f3 y la se\u00f1ora In\u00e9s Mej\u00eda.<\/p>\n<\/p>\n<p>    Desde su adolescencia conjug\u00f3 sus actividades de estudiantes con  el trabajo de comerciante.<\/p>\n<\/p>\n<p>    Es considerado como el primer soci\u00f3logo dominicano. Escribi\u00f3 m\u00faltiples ensayos dedicados al examen de la realidad social dominicana.<\/p>\n<\/p>\n<p>      Entre los temas que trat\u00f3 figuran los modelos de propiedad colonial y considera que \u00ablos conflictos derivados de un sistema de propiedad confuso y desorganizado influ\u00edan de manera decisiva sobre la potencia productiva del pueblo dominicano.<\/p>\n<\/p>\n<p>   De la ocupaci\u00f3n haitiana de 1822 entiende que trajo elementos transformadores para los dominicanos. Y concluy\u00f3:<\/p>\n<\/p>\n<p>    \u00ab1. La libertad del esclavo y la igualdad pol\u00edtica y civil; 2. La demostraci\u00f3n de los bienes y vinculados; 3. Gran parte de las tierras entraron al dominio directo de aquellos que las pose\u00edan.<\/p>\n<\/p>\n<p>     Pedro Francisco Bon\u00f3 tambi\u00e9n escribi\u00f3 la novela \u00abEl Montero\u00bb. <\/p>\n<\/p>\n<p>   Tambi\u00e9n fue secretario del general Juan Luis Franco Bid\u00f3 y fue uno de los combatientes de la batalla de Sabana Larga en la que los dominicanos derrotaron a los haitianos en el a\u00f1o 1856.<\/p>\n<\/p>\n<p>     Bon\u00f3 fue el intelectual m\u00e1s importante que apoy\u00f3 el movimiento liberal del  7 de julio de 1857, el cual desat\u00f3 en Santiago de los Caballeros una lucha  que culmin\u00f3 con la ca\u00edda del Presidente Buenaventura B\u00e1ez.<\/p>\n<\/p>\n<p>   El Gobierno fue instalado de inmediato y nombrado Presidente el General Jos\u00e9 Desiderio Valverde  y Vicepresidente el abogado Benigno Filomeno Rojas, quienes de inmediato recibieron el apoyo del Cibao.  Esto le permiti\u00f3 organizar un movimiento armado para marchar a la ciudad de Santo Domingo, con el fin de derrocar al Presidente Buenaventura B\u00e1ez, quien estaba preparado para resistir.<\/p>\n<\/p>\n<p>   Las tropas del Gobierno revolucionario del Cibao eran comandadas por el general Juan Luis Franco Bid\u00f3. En Pocos d\u00edas cercaron la Capital, inici\u00e1ndose de esa manera una guerra civil.<\/p>\n<\/p>\n<p>    Entre los logros del Gobierno Liberal del Cibao figura el hecho que le dio al pa\u00eds la Constituci\u00f3n m\u00e1s democr\u00e1tica que hab\u00eda conocido en su historia.<\/p>\n<\/p>\n<p>    \u00abLa nueva Constituci\u00f3n fue elaborada en Moca y proclamada el 19 de febrero de 1858\u00bb.<\/p>\n<\/p>\n<p>    La Constituci\u00f3n de Moca aboli\u00f3 la pena de muerte por motivos pol\u00edticos y consagr\u00f3 como  derechos  la libertad de expresi\u00f3n, el libre tr\u00e1nsito y la libertad de reuni\u00f3n pac\u00edfica.<\/p>\n<\/p>\n<p>    Pedro Francisco Bon\u00f3 fue de los que m\u00e1s contribuyeron a la producci\u00f3n de la nueva Constituci\u00f3n de la Rep\u00fablica Dominicana.<\/p>\n<\/p>\n<p>    Durante el Gobierno de la Anexi\u00f3n a Espa\u00f1a fue un opositor y apoy\u00f3 la Guerra de la Restauraci\u00f3n.  Durante sus \u00faltimos a\u00f1os sufri\u00f3 por la falta de cohesi\u00f3n del pueblo dominicano y las  decisiones de los pol\u00edticos.<\/p>\n<\/p>\n<p>El historiador  Roberto Cass\u00e1  en su obra \u00abPersonajes Dominicanos, Tomo II\u00bb, destaca que los \u00faltimos a\u00f1os  de Bon\u00f3 transcurrieron matizados  por nuevos desencantos, producto de la frustraci\u00f3n de que la muerte del dictador  Ulises (Lil\u00eds) Heureaux no fuera seguida por una democratizaci\u00f3n real. Lo que irrumpi\u00f3 fue el desorden protagonizado por los caudillos  en forma impune, a causa de la inexperiencia  del nuevo grupo gobernante, a  su juicio atado a los \u00absofismas\u00bb racionalistas  y la injerencia de Estados Unidos, sobre cuyo peligro Bon\u00f3 y Meri\u00f1o,  se alertaron mutuamente.<\/p>\n<\/p>\n<p>El \u00faltimo texto de Bon\u00f3,  recogido por Emilio Rodr\u00edguez Demorizi, una carta  a Meri\u00f1o fechada el 31 de diciembre de 1903,  resume  la amargura en que qued\u00f3 embargado y centra su cr\u00edtica en el abandono del cristianismo por parte de las  \u00e9lites  cultas\u00bb.<\/p>\n<\/p>\n<\/p>\n<\/p>\n<h6> 2020-09-15 03:52:58 <\/h6>\n<p><!--\n<link rel=\"stylesheet\" href=\"css\/bootstrap.min.css\">\n\n\n<ul class=\"pagination\">\n\t    \n\t\n\n<li >\n\t<a href='?page_no=211'>Previous<\/a>\n\t<\/li>\n\n\n       \n    \n\n<li><a href='?page_no=1'>1<\/a><\/li>\n\n\n\n<li><a href='?page_no=2'>2<\/a><\/li>\n\n\n\n<li><a>...<\/a><\/li>\n\n\n\n<li><a href='?page_no=210'>210<\/a><\/li>\n\n\n\n<li><a href='?page_no=211'>211<\/a><\/li>\n\n\n\n<li class='active'><a>212<\/a><\/li>\n\n\n\n<li><a href='?page_no=213'>213<\/a><\/li>\n\n\n\n<li><a href='?page_no=214'>214<\/a><\/li>\n\n\n\n<li><a>...<\/a><\/li>\n\n\n\n<li><a href='?page_no=22911'>22911<\/a><\/li>\n\n\n\n<li><a href='?page_no=22912'>22912<\/a><\/li>\n\n    \n\t\n\n<li >\n\t<a href='?page_no=213'>Next<\/a>\n\t<\/li>\n\n\n    \n\n<li><a href='?page_no=22912'>Last &rsaquo;&rsaquo;<\/a><\/li>\n\n<\/ul>\n\n\n--><br \/>\n<\/body><\/p>\n","protected":false},"excerpt":{"rendered":"<p>Diariodominicano.com El d\u00eda que falleci\u00f3 Pedro Francisco Bon\u00f3 Bon\u00f3 hab\u00eda nacido en la ciudad de Santiago de los Caballeros, el 18 de Octubre de 1830. Fueron sus padres el comerciante Jos\u00e9 Bon\u00f3 y la se\u00f1ora In\u00e9s Mej\u00eda. Por H\u00e9ctor Tineo Nolasco Diariodominicano.com SAN FRANCISCO DE MACORIS, el 15 de septiembre de 1906, muri\u00f3 en de [&hellip;]<\/p>\n","protected":false},"author":3,"featured_media":0,"comment_status":"open","ping_status":"open","sticky":false,"template":"","format":"standard","meta":{"footnotes":""},"categories":[21],"tags":[],"class_list":["post-49485","post","type-post","status-publish","format-standard","hentry","category-cultura"],"_links":{"self":[{"href":"https:\/\/diariodominicano.com\/index.php?rest_route=\/wp\/v2\/posts\/49485","targetHints":{"allow":["GET"]}}],"collection":[{"href":"https:\/\/diariodominicano.com\/index.php?rest_route=\/wp\/v2\/posts"}],"about":[{"href":"https:\/\/diariodominicano.com\/index.php?rest_route=\/wp\/v2\/types\/post"}],"author":[{"embeddable":true,"href":"https:\/\/diariodominicano.com\/index.php?rest_route=\/wp\/v2\/users\/3"}],"replies":[{"embeddable":true,"href":"https:\/\/diariodominicano.com\/index.php?rest_route=%2Fwp%2Fv2%2Fcomments&post=49485"}],"version-history":[{"count":0,"href":"https:\/\/diariodominicano.com\/index.php?rest_route=\/wp\/v2\/posts\/49485\/revisions"}],"wp:attachment":[{"href":"https:\/\/diariodominicano.com\/index.php?rest_route=%2Fwp%2Fv2%2Fmedia&parent=49485"}],"wp:term":[{"taxonomy":"category","embeddable":true,"href":"https:\/\/diariodominicano.com\/index.php?rest_route=%2Fwp%2Fv2%2Fcategories&post=49485"},{"taxonomy":"post_tag","embeddable":true,"href":"https:\/\/diariodominicano.com\/index.php?rest_route=%2Fwp%2Fv2%2Ftags&post=49485"}],"curies":[{"name":"wp","href":"https:\/\/api.w.org\/{rel}","templated":true}]}}