{"id":494776,"date":"2023-12-08T14:08:18","date_gmt":"2023-12-08T18:08:18","guid":{"rendered":"https:\/\/diariodominicano.com\/?p=494776"},"modified":"2023-12-08T14:08:18","modified_gmt":"2023-12-08T18:08:18","slug":"sociedad-civil-haitiana-apoya-propuesta-de-caricom-de-consejo-de-transicion-garantice-gobernanza-en-haiti","status":"publish","type":"post","link":"https:\/\/diariodominicano.com\/?p=494776","title":{"rendered":"Sociedad Civil haitiana apoya propuesta de Caricom de Consejo de Transici\u00f3n garantice  gobernanza en Hait\u00ed"},"content":{"rendered":"\n<p>diariodominicano.com<\/p>\n\n\n\n<p>Puerto Pr\u00edncipe, 8 dic (Prensa Latina) Mientras sectores de la oposici\u00f3n de Hait\u00ed rechazan la propuesta de acuerdo de la delegaci\u00f3n de la Comunidad del Caribe (Caricom), grupos de la sociedad civil expresaron hoy su apoyo a la iniciativa.<\/p>\n\n\n\n<p>En un comunicado el conocido como Grupo de la Sociedad Civil (GSC) inst\u00f3 a los actores pol\u00edticos a adoptar un pacto por m\u00ednimo que este sea, y se\u00f1al\u00f3 que la propuesta de los emisarios del organismo regional cumple en l\u00edneas generales las normas de negociaci\u00f3n.<\/p>\n\n\n\n<p>Un acuerdo m\u00ednimo permitir\u00e1 descongelar la crisis pol\u00edtica y crear condiciones para que el pueblo elija a sus representantes a mediano plazo, de conformidad con los principios democr\u00e1ticos, la Constituci\u00f3n y los tratados internacionales de derechos humanos, asegur\u00f3 la plataforma.<\/p>\n\n\n\n<p>\u201cHagan de la pr\u00f3xima etapa de las negociaciones un punto de inflexi\u00f3n decisivo e hist\u00f3rico para el pa\u00eds, pero sobre todo para la gran mayor\u00eda de la poblaci\u00f3n, cuyas condiciones de seguridad y socioecon\u00f3micas no dejan de deteriorarse\u201d, alent\u00f3 la organizaci\u00f3n formada por entidades como Marchamos por la Vida, Coalici\u00f3n de Organizaciones de la Di\u00e1spora Haitiana y la Confederaci\u00f3n Nacional de Vuduistas Haitianos.<\/p>\n\n\n\n<p>Record\u00f3 que vivimos un momento hist\u00f3rico y fr\u00e1gil y es necesario demostrar patriotismo y capacidad para dirigir el destino de la naci\u00f3n, afirm\u00f3 la nota firmada tambi\u00e9n por el Centro de An\u00e1lisis e Investigaci\u00f3n de Derechos Humanos y sectores religiosos y de culto reformados.<\/p>\n\n\n\n<p>La delegaci\u00f3n de Caricom arrib\u00f3 a Hait\u00ed el mi\u00e9rcoles en un cuarto intento de mediar en la crisis pol\u00edtica y permitir la adopci\u00f3n de un acuerdo inclusivo.<\/p>\n\n\n\n<p>Entre sus propuestas figura el establecimiento de un Consejo de Transici\u00f3n con prerrogativas presidenciales que garantice la buena gobernanza y trabaje en colaboraci\u00f3n con el jefe de Gobierno y el Consejo de Ministros en la mejora de las condiciones socioecon\u00f3micas de la poblaci\u00f3n, as\u00ed como la prestaci\u00f3n de seguridad y de servicios b\u00e1sicos.<\/p>\n\n\n\n<p>Sin embargo, la oposici\u00f3n se\u00f1ala que la iniciativa pretende afianzar en el poder al primer ministro Ariel Henry cuya gesti\u00f3n tras el magnicidio fue ampliamente criticada por el auge de la violencia y la inseguridad.<\/p>\n\n\n\n<p>Sectores contrarios llaman a la renuncia de Henry y al establecimiento de un nuevo gabinete de uni\u00f3n nacional.<\/p>\n\n\n\n<p>mem\/ane<\/p>\n","protected":false},"excerpt":{"rendered":"<p>diariodominicano.com Puerto Pr\u00edncipe, 8 dic (Prensa Latina) Mientras sectores de la oposici\u00f3n de Hait\u00ed rechazan la propuesta de acuerdo de la delegaci\u00f3n de la Comunidad del Caribe (Caricom), grupos de la sociedad civil expresaron hoy su apoyo a la iniciativa. En un comunicado el conocido como Grupo de la Sociedad Civil (GSC) inst\u00f3 a los [&hellip;]<\/p>\n","protected":false},"author":5,"featured_media":494779,"comment_status":"closed","ping_status":"","sticky":true,"template":"","format":"standard","meta":{"footnotes":""},"categories":[112,23,27],"tags":[],"class_list":["post-494776","post","type-post","status-publish","format-standard","has-post-thumbnail","hentry","category-haiti","category-internacional","category-portada"],"_links":{"self":[{"href":"https:\/\/diariodominicano.com\/index.php?rest_route=\/wp\/v2\/posts\/494776","targetHints":{"allow":["GET"]}}],"collection":[{"href":"https:\/\/diariodominicano.com\/index.php?rest_route=\/wp\/v2\/posts"}],"about":[{"href":"https:\/\/diariodominicano.com\/index.php?rest_route=\/wp\/v2\/types\/post"}],"author":[{"embeddable":true,"href":"https:\/\/diariodominicano.com\/index.php?rest_route=\/wp\/v2\/users\/5"}],"replies":[{"embeddable":true,"href":"https:\/\/diariodominicano.com\/index.php?rest_route=%2Fwp%2Fv2%2Fcomments&post=494776"}],"version-history":[{"count":1,"href":"https:\/\/diariodominicano.com\/index.php?rest_route=\/wp\/v2\/posts\/494776\/revisions"}],"predecessor-version":[{"id":494782,"href":"https:\/\/diariodominicano.com\/index.php?rest_route=\/wp\/v2\/posts\/494776\/revisions\/494782"}],"wp:featuredmedia":[{"embeddable":true,"href":"https:\/\/diariodominicano.com\/index.php?rest_route=\/wp\/v2\/media\/494779"}],"wp:attachment":[{"href":"https:\/\/diariodominicano.com\/index.php?rest_route=%2Fwp%2Fv2%2Fmedia&parent=494776"}],"wp:term":[{"taxonomy":"category","embeddable":true,"href":"https:\/\/diariodominicano.com\/index.php?rest_route=%2Fwp%2Fv2%2Fcategories&post=494776"},{"taxonomy":"post_tag","embeddable":true,"href":"https:\/\/diariodominicano.com\/index.php?rest_route=%2Fwp%2Fv2%2Ftags&post=494776"}],"curies":[{"name":"wp","href":"https:\/\/api.w.org\/{rel}","templated":true}]}}