{"id":49474,"date":"2020-09-15T13:39:09","date_gmt":"2020-09-15T13:39:09","guid":{"rendered":"http:\/\/diariodominicano.ddns.net\/?p=49474"},"modified":"2020-09-15T13:39:09","modified_gmt":"2020-09-15T13:39:09","slug":"valle-de-los-caidos-seria-cementerio-civil-y-podrian-expulsar-a-monjes-benedictinos","status":"publish","type":"post","link":"https:\/\/diariodominicano.com\/?p=49474","title":{"rendered":"Valle de los Ca\u00eddos ser\u00eda cementerio civil y podr\u00edan expulsar a monjes benedictinos"},"content":{"rendered":"<p><body><\/p>\n<p><img decoding=\"async\" src=\"img3\/Valle-Caidos-Sebastian15-9-20.jpg\" \/>  <\/p>\n<p><span class=\"text1noticias\">Redacci\u00f3n ACI Prensa<\/span><\/p>\n<p><span class=\"text1noticias\">  <\/span><\/p>\n<p><span class=\"text1noticias\">Vaticano, 15 de setiembre de 2020.- El Consejo de Ministros de Espa\u00f1a aprob\u00f3 este martes el anteproyecto de ley de Memoria Hist\u00f3rica, que cambiar\u00eda el nombre de la norma por el de \u00abMemoria Democr\u00e1tica\u00bb y prev\u00e9 incluir multas de hasta 100 mil euros para quienes la vulneren. <\/span><\/p>\n<p><span class=\"text1noticias\"> <\/span><\/p>\n<p><span class=\"text1noticias\">En 2007, el entonces presidente de Espa\u00f1a, Jos\u00e9 Luis Rodr\u00edguez Zapatero, aprob\u00f3 la ley de Memoria Hist\u00f3rica y ahora, el gobierno socialista de Pedro S\u00e1nchez la ha actualizado.<\/span><\/p>\n<p><span class=\"text1noticias\"> <\/span><\/p>\n<p><span class=\"text1noticias\">Entre los puntos m\u00e1s relevantes del anteproyecto se encuentra que el Gobierno busca convertir el Valle de los Ca\u00eddos en un lugar de \u00abmemoria pedag\u00f3gica democr\u00e1tica\u00bb, por lo que proceder\u00edan a una \u00abresignificaci\u00f3n\u00bb del lugar.<\/span><\/p>\n<p><span class=\"text1noticias\"> <\/span><\/p>\n<p><span class=\"text1noticias\">El Gobierno pretende que el Valle de los Ca\u00eddos deje de ser \u00abun monumento de exaltaci\u00f3n a los vencedores de la Guerra Civil\u00bb y pase a ser un \u00abcementerio civil\u00bb en el que \u00ablas 30 mil v\u00edctimas [enterradas all\u00ed] de los dos bandos tengan paz y respeto\u00bb.<\/span><\/p>\n<p><span class=\"text1noticias\"> <\/span><\/p>\n<p><span class=\"text1noticias\">Este cementerio civil estar\u00eda bajo la custodia de Patrimonio Nacional y no por la Fundaci\u00f3n de la Santa Cruz, de la orden benedictina que habita y tiene a su cargo la abad\u00eda del Valle.<\/span><\/p>\n<p><span class=\"text1noticias\"> <\/span><\/p>\n<p><span class=\"text1noticias\">Adem\u00e1s se extinguir\u00e1 la Fundaci\u00f3n de la Santa Cruz, lo que podr\u00eda significar la salida de los benedictinos del Valle de los Ca\u00eddos, pero este es un punto que a\u00fan no est\u00e1 decidido. <\/span><\/p>\n<p><span class=\"text1noticias\"> <\/span><\/p>\n<p><span class=\"text1noticias\">En el Valle de los Ca\u00eddos est\u00e1n enterrados m\u00e1s de 33.800 personas, tanto del bando republicano como del nacional, que fueron llevados sin el consentimiento de sus familiares, por lo que se prev\u00e9 la creaci\u00f3n de un protocolo de exhumaci\u00f3n para estos restos. <\/span><\/p>\n<p><span class=\"text1noticias\"> <\/span><\/p>\n<p><span class=\"text1noticias\">Ley de Memoria hist\u00f3rica<\/span><\/p>\n<p><span class=\"text1noticias\">La Ley de Memoria Hist\u00f3rica fue aprobada en 2007, durante el gobierno socialista de Jos\u00e9 Luis Rodr\u00edguez Zapatero y establece una serie de medidas a favor de quienes padecieron persecuci\u00f3n o violencia durante la Guerra Civil espa\u00f1ola y la posterior dictadura de Francisco Franco.<\/span><\/p>\n<p><span class=\"text1noticias\"> <\/span><\/p>\n<p><span class=\"text1noticias\">Entre esas medidas se prev\u00e9 la retirada de monumentos, s\u00edmbolos o nombres de lugares p\u00fablicos relacionados con la Guerra Civil y la dictadura. Sin embargo, varios expertos la consideran una ley controvertida porque no favorece la reconciliaci\u00f3n de los espa\u00f1oles.<\/span><\/p>\n<p><span class=\"text1noticias\"> <\/span><\/p>\n<p><span class=\"text1noticias\">Los monumentos de la Iglesia Cat\u00f3lica quedan fuera de la aplicaci\u00f3n de esta ley; sin embargo esto no ha sido respetado en ocasiones y se han retirado tanto cruces como nombres de calles relacionados con \u00f3rdenes religiosas.<\/span><\/p>\n<p><span class=\"text1noticias\"> <\/span><\/p>\n<p><span class=\"text1noticias\">Valle de los Ca\u00eddos<\/span><\/p>\n<p><span class=\"text1noticias\">El Valle de los Ca\u00eddos se construy\u00f3 entre 1940 y 1958 como mausoleo de quienes lucharon en la Guerra Civil espa\u00f1ola. Es un complejo arquitect\u00f3nico en donde se encuentra una abad\u00eda benedictina, que cuenta con una cruz, una escalinata, una explanada y una bas\u00edlica.<\/span><\/p>\n<p><span class=\"text1noticias\"> <\/span><\/p>\n<p><span class=\"text1noticias\">Francisco Franco fue enterrado all\u00ed tras su muerte en 1975, as\u00ed como Jos\u00e9 Antonio Primo de Rivera, creador de la Falange, el partido pol\u00edtico con el que el dictador sustent\u00f3 su r\u00e9gimen. Junto a ellos tambi\u00e9n reposan los cuerpos de casi 34 mil combatientes de la Guerra Civil de ambos bandos.<\/span><\/p>\n<p><span class=\"text1noticias\"> <\/span><\/p>\n<p><span class=\"text1noticias\">Se trata de un monumento controvertido, porque para sus detractores es un recuerdo del r\u00e9gimen franquista y la exaltaci\u00f3n de la memoria de Franco.<\/span><\/p>\n<p><span class=\"text1noticias\"> <\/span><\/p>\n<p><span class=\"text1noticias\">En octubre de 2019 los restos de Francisco Franco fueron exhumados del Valle de los Ca\u00eddos y trasladados en helic\u00f3ptero al cementerio de Ming<\/span>orrubio, Madrid. <\/p>\n<h6> 2020-09-15 13:39:09 <\/h6>\n<p><!--\n<link rel=\"stylesheet\" href=\"css\/bootstrap.min.css\">\n\n\n<ul class=\"pagination\">\n\t    \n\t\n\n<li >\n\t<a href='?page_no=210'>Previous<\/a>\n\t<\/li>\n\n\n       \n    \n\n<li><a href='?page_no=1'>1<\/a><\/li>\n\n\n\n<li><a href='?page_no=2'>2<\/a><\/li>\n\n\n\n<li><a>...<\/a><\/li>\n\n\n\n<li><a href='?page_no=209'>209<\/a><\/li>\n\n\n\n<li><a href='?page_no=210'>210<\/a><\/li>\n\n\n\n<li class='active'><a>211<\/a><\/li>\n\n\n\n<li><a href='?page_no=212'>212<\/a><\/li>\n\n\n\n<li><a href='?page_no=213'>213<\/a><\/li>\n\n\n\n<li><a>...<\/a><\/li>\n\n\n\n<li><a href='?page_no=22911'>22911<\/a><\/li>\n\n\n\n<li><a href='?page_no=22912'>22912<\/a><\/li>\n\n    \n\t\n\n<li >\n\t<a href='?page_no=212'>Next<\/a>\n\t<\/li>\n\n\n    \n\n<li><a href='?page_no=22912'>Last &rsaquo;&rsaquo;<\/a><\/li>\n\n<\/ul>\n\n\n--><br \/>\n<\/body><\/p>\n","protected":false},"excerpt":{"rendered":"<p>Redacci\u00f3n ACI Prensa Vaticano, 15 de setiembre de 2020.- El Consejo de Ministros de Espa\u00f1a aprob\u00f3 este martes el anteproyecto de ley de Memoria Hist\u00f3rica, que cambiar\u00eda el nombre de la norma por el de \u00abMemoria Democr\u00e1tica\u00bb y prev\u00e9 incluir multas de hasta 100 mil euros para quienes la vulneren. En 2007, el entonces presidente [&hellip;]<\/p>\n","protected":false},"author":3,"featured_media":0,"comment_status":"open","ping_status":"open","sticky":false,"template":"","format":"standard","meta":{"footnotes":""},"categories":[21],"tags":[],"class_list":["post-49474","post","type-post","status-publish","format-standard","hentry","category-cultura"],"_links":{"self":[{"href":"https:\/\/diariodominicano.com\/index.php?rest_route=\/wp\/v2\/posts\/49474","targetHints":{"allow":["GET"]}}],"collection":[{"href":"https:\/\/diariodominicano.com\/index.php?rest_route=\/wp\/v2\/posts"}],"about":[{"href":"https:\/\/diariodominicano.com\/index.php?rest_route=\/wp\/v2\/types\/post"}],"author":[{"embeddable":true,"href":"https:\/\/diariodominicano.com\/index.php?rest_route=\/wp\/v2\/users\/3"}],"replies":[{"embeddable":true,"href":"https:\/\/diariodominicano.com\/index.php?rest_route=%2Fwp%2Fv2%2Fcomments&post=49474"}],"version-history":[{"count":0,"href":"https:\/\/diariodominicano.com\/index.php?rest_route=\/wp\/v2\/posts\/49474\/revisions"}],"wp:attachment":[{"href":"https:\/\/diariodominicano.com\/index.php?rest_route=%2Fwp%2Fv2%2Fmedia&parent=49474"}],"wp:term":[{"taxonomy":"category","embeddable":true,"href":"https:\/\/diariodominicano.com\/index.php?rest_route=%2Fwp%2Fv2%2Fcategories&post=49474"},{"taxonomy":"post_tag","embeddable":true,"href":"https:\/\/diariodominicano.com\/index.php?rest_route=%2Fwp%2Fv2%2Ftags&post=49474"}],"curies":[{"name":"wp","href":"https:\/\/api.w.org\/{rel}","templated":true}]}}