{"id":494698,"date":"2023-12-07T16:21:44","date_gmt":"2023-12-07T20:21:44","guid":{"rendered":"https:\/\/diariodominicano.com\/?p=494698"},"modified":"2023-12-07T16:21:44","modified_gmt":"2023-12-07T20:21:44","slug":"pld-inmerso-en-la-celebracion-del-50-aniversario-junto-al-pueblo","status":"publish","type":"post","link":"https:\/\/diariodominicano.com\/?p=494698","title":{"rendered":"PLD Inmerso en la celebraci\u00f3n del 50 aniversario junto al Pueblo"},"content":{"rendered":"\n<p>diariodominicano.com<\/p>\n\n\n\n<p>Santo Domingo, R. D.,  7 de diciembre, 2023.-  &#8211;<strong>El Partido de Liberaci\u00f3n Dominicana (PLD)<\/strong>\u00a0contin\u00faa con las actividades de celebraci\u00f3n del 50 aniversario de la fundaci\u00f3n de la organizaci\u00f3n pol\u00edtica, que concentra sus actividades cumbres en la semana del 10 al 16 de diciembre del a\u00f1o en curso.<\/p>\n\n\n\n<p>El pasado viernes, con el encendido de la decoraci\u00f3n navide\u00f1a de la Casa Nacional Reinaldo Pared P\u00e9rez se dio inicio a la temporada navide\u00f1a y a los actos finales de la celebraci\u00f3n del aniversario.<\/p>\n\n\n\n<p>La celebraci\u00f3n ha continuado con actividades en los Comit\u00e9s Provinciales, Municipales, de Distritos Municipales, de Circunscripciones Electorales y de Seccionales en el exterior en las que se han incluido reconocimientos a la trayectoria, trabajo y lealtad de dirigentes, as\u00ed como la celebraci\u00f3n de tertulias, conferencias, ofrendas florales y actividades festivas.<\/p>\n\n\n\n<p>El logotipo del aniversario est\u00e1 marcado por el dise\u00f1o del color morado con el n\u00famero 50 en dorado y sendas ramas alrededor del n\u00famero y &nbsp;&nbsp;la estrella amarilla en el centro; con la inscripci\u00f3n 50 a\u00f1os al lado del pueblo, que el Partido de la Liberaci\u00f3n Dominicana viene exhibiendo en sus publicaciones. &nbsp;<\/p>\n\n\n\n<p>Este jueves se colocaron en la verja perimetral de la Casa Nacional del PLD im\u00e1genes fotogr\u00e1ficas de diferentes momentos de la historia del PLD destacando sus congresos ordinarios, en donde han quedado aprobadas las l\u00edneas pol\u00edticas y organizativas adoptadas por el PLD en su existencia.<\/p>\n\n\n\n<p>Para la pr\u00f3xima semana se programaron diferentes actos que culminar\u00e1n el viernes 15 de diciembre justo en la fecha del 50 aniversario de la celebraci\u00f3n del Congreso Constitutivo Juan Pablo Duarte del PLD.<\/p>\n\n\n\n<p><strong>SECRETAR\u00cdA DE COMUNICACIONES<\/strong><strong><\/strong><\/p>\n\n\n\n<p><strong>07 DE DICIEMBRE, 2023.-<\/strong><\/p>\n\n\n\n<p><strong>DECLARACI\u00d3N DE PRENSA<\/strong><\/p>\n","protected":false},"excerpt":{"rendered":"<p>diariodominicano.com Santo Domingo, R. D., 7 de diciembre, 2023.- &#8211;El Partido de Liberaci\u00f3n Dominicana (PLD)\u00a0contin\u00faa con las actividades de celebraci\u00f3n del 50 aniversario de la fundaci\u00f3n de la organizaci\u00f3n pol\u00edtica, que concentra sus actividades cumbres en la semana del 10 al 16 de diciembre del a\u00f1o en curso. El pasado viernes, con el encendido de [&hellip;]<\/p>\n","protected":false},"author":5,"featured_media":494699,"comment_status":"closed","ping_status":"","sticky":true,"template":"","format":"standard","meta":{"footnotes":""},"categories":[22,27],"tags":[],"class_list":["post-494698","post","type-post","status-publish","format-standard","has-post-thumbnail","hentry","category-politica","category-portada"],"_links":{"self":[{"href":"https:\/\/diariodominicano.com\/index.php?rest_route=\/wp\/v2\/posts\/494698","targetHints":{"allow":["GET"]}}],"collection":[{"href":"https:\/\/diariodominicano.com\/index.php?rest_route=\/wp\/v2\/posts"}],"about":[{"href":"https:\/\/diariodominicano.com\/index.php?rest_route=\/wp\/v2\/types\/post"}],"author":[{"embeddable":true,"href":"https:\/\/diariodominicano.com\/index.php?rest_route=\/wp\/v2\/users\/5"}],"replies":[{"embeddable":true,"href":"https:\/\/diariodominicano.com\/index.php?rest_route=%2Fwp%2Fv2%2Fcomments&post=494698"}],"version-history":[{"count":1,"href":"https:\/\/diariodominicano.com\/index.php?rest_route=\/wp\/v2\/posts\/494698\/revisions"}],"predecessor-version":[{"id":494700,"href":"https:\/\/diariodominicano.com\/index.php?rest_route=\/wp\/v2\/posts\/494698\/revisions\/494700"}],"wp:featuredmedia":[{"embeddable":true,"href":"https:\/\/diariodominicano.com\/index.php?rest_route=\/wp\/v2\/media\/494699"}],"wp:attachment":[{"href":"https:\/\/diariodominicano.com\/index.php?rest_route=%2Fwp%2Fv2%2Fmedia&parent=494698"}],"wp:term":[{"taxonomy":"category","embeddable":true,"href":"https:\/\/diariodominicano.com\/index.php?rest_route=%2Fwp%2Fv2%2Fcategories&post=494698"},{"taxonomy":"post_tag","embeddable":true,"href":"https:\/\/diariodominicano.com\/index.php?rest_route=%2Fwp%2Fv2%2Ftags&post=494698"}],"curies":[{"name":"wp","href":"https:\/\/api.w.org\/{rel}","templated":true}]}}