{"id":49463,"date":"2020-09-16T00:41:37","date_gmt":"2020-09-16T00:41:37","guid":{"rendered":"http:\/\/diariodominicano.ddns.net\/?p=49463"},"modified":"2020-09-16T00:41:37","modified_gmt":"2020-09-16T00:41:37","slug":"el-ejercito-espanol-mata-a-tres-restauradores-en-guaynamoca","status":"publish","type":"post","link":"https:\/\/diariodominicano.com\/?p=49463","title":{"rendered":"El Ej\u00e9rcito Espa\u00f1ol  mata a tres restauradores en Guaynamoca"},"content":{"rendered":"<p><body><\/p>\n<p><img decoding=\"async\" src=\"img3\/restau00.jpg\" \/>  <\/p>\n<p><strong>Diariodominicano.com<\/strong><\/p>\n<p><strong>El Ej\u00e9rcito Espa\u00f1ol  mata a tres restauradores en Guaynamoca<\/strong><\/p>\n<p><strong> En el combate mataron a tres dominicanos y ocasionaron heridas a  otros 26. El mismo  d\u00eda salieron de Sabaneta hacia  la regi\u00f3n  sur el general Santiago Rodr\u00edguez y el Coronel Jos\u00e9 Cabrera, con el prop\u00f3sito de promover la lucha por la Restauraci\u00f3n de la Rep\u00fablica. <\/strong><\/p>\n<p><strong>           PUERTO PLATA,  el 16 de septiembre de 1863<\/strong>, durante la Guerra de la Restauraci\u00f3n, las tropas espa\u00f1olas se enfrentaron a los restauradores en Guaynamoca.<\/p>\n<\/p>\n<p>    En el combate mataron a tres dominicanos y ocasionaron heridas a  otros 26.<\/p>\n<\/p>\n<p>    El mismo  d\u00eda salieron de Sabaneta hacia  la regi\u00f3n  sur el general Santiago Rodr\u00edguez y el Coronel Jos\u00e9 Cabrera, con el prop\u00f3sito de promover la lucha por la Restauraci\u00f3n de la Rep\u00fablica. <\/p>\n<\/p>\n<p>    El objetivo de los dos oficiales superiores del Ej\u00e9rcito de la Restauraci\u00f3n era llegar a la comunidad de Las Matas de Farf\u00e1n.<\/p>\n<\/p>\n<p>     El General Santiago Rodr\u00edguez y el Coronel Jos\u00e9 Cabrera fueron de las principales figuras de la Guerra de la Restauraci\u00f3n, la cual termin\u00f3 en julio de 1865, con la salida de los \u00faltimos militares espa\u00f1oles y dominicanos que los apoyaron en la lucha contra los pr\u00f3ceres.<\/p>\n<\/p>\n<h6> 2020-09-16 00:41:37 <\/h6>\n<p><!--\n<link rel=\"stylesheet\" href=\"css\/bootstrap.min.css\">\n\n\n<ul class=\"pagination\">\n\t    \n\t\n\n<li >\n\t<a href='?page_no=209'>Previous<\/a>\n\t<\/li>\n\n\n       \n    \n\n<li><a href='?page_no=1'>1<\/a><\/li>\n\n\n\n<li><a href='?page_no=2'>2<\/a><\/li>\n\n\n\n<li><a>...<\/a><\/li>\n\n\n\n<li><a href='?page_no=208'>208<\/a><\/li>\n\n\n\n<li><a href='?page_no=209'>209<\/a><\/li>\n\n\n\n<li class='active'><a>210<\/a><\/li>\n\n\n\n<li><a href='?page_no=211'>211<\/a><\/li>\n\n\n\n<li><a href='?page_no=212'>212<\/a><\/li>\n\n\n\n<li><a>...<\/a><\/li>\n\n\n\n<li><a href='?page_no=22911'>22911<\/a><\/li>\n\n\n\n<li><a href='?page_no=22912'>22912<\/a><\/li>\n\n    \n\t\n\n<li >\n\t<a href='?page_no=211'>Next<\/a>\n\t<\/li>\n\n\n    \n\n<li><a href='?page_no=22912'>Last &rsaquo;&rsaquo;<\/a><\/li>\n\n<\/ul>\n\n\n--><br \/>\n<\/body><\/p>\n","protected":false},"excerpt":{"rendered":"<p>Diariodominicano.com El Ej\u00e9rcito Espa\u00f1ol mata a tres restauradores en Guaynamoca En el combate mataron a tres dominicanos y ocasionaron heridas a otros 26. El mismo d\u00eda salieron de Sabaneta hacia la regi\u00f3n sur el general Santiago Rodr\u00edguez y el Coronel Jos\u00e9 Cabrera, con el prop\u00f3sito de promover la lucha por la Restauraci\u00f3n de la Rep\u00fablica. [&hellip;]<\/p>\n","protected":false},"author":3,"featured_media":0,"comment_status":"open","ping_status":"open","sticky":false,"template":"","format":"standard","meta":{"footnotes":""},"categories":[21],"tags":[],"class_list":["post-49463","post","type-post","status-publish","format-standard","hentry","category-cultura"],"_links":{"self":[{"href":"https:\/\/diariodominicano.com\/index.php?rest_route=\/wp\/v2\/posts\/49463","targetHints":{"allow":["GET"]}}],"collection":[{"href":"https:\/\/diariodominicano.com\/index.php?rest_route=\/wp\/v2\/posts"}],"about":[{"href":"https:\/\/diariodominicano.com\/index.php?rest_route=\/wp\/v2\/types\/post"}],"author":[{"embeddable":true,"href":"https:\/\/diariodominicano.com\/index.php?rest_route=\/wp\/v2\/users\/3"}],"replies":[{"embeddable":true,"href":"https:\/\/diariodominicano.com\/index.php?rest_route=%2Fwp%2Fv2%2Fcomments&post=49463"}],"version-history":[{"count":0,"href":"https:\/\/diariodominicano.com\/index.php?rest_route=\/wp\/v2\/posts\/49463\/revisions"}],"wp:attachment":[{"href":"https:\/\/diariodominicano.com\/index.php?rest_route=%2Fwp%2Fv2%2Fmedia&parent=49463"}],"wp:term":[{"taxonomy":"category","embeddable":true,"href":"https:\/\/diariodominicano.com\/index.php?rest_route=%2Fwp%2Fv2%2Fcategories&post=49463"},{"taxonomy":"post_tag","embeddable":true,"href":"https:\/\/diariodominicano.com\/index.php?rest_route=%2Fwp%2Fv2%2Ftags&post=49463"}],"curies":[{"name":"wp","href":"https:\/\/api.w.org\/{rel}","templated":true}]}}