{"id":49462,"date":"2020-11-24T15:06:54","date_gmt":"2020-11-24T15:06:54","guid":{"rendered":"http:\/\/diariodominicano.ddns.net\/?p=49462"},"modified":"2020-11-24T15:06:54","modified_gmt":"2020-11-24T15:06:54","slug":"rectora-uasd-lamenta-fallecimiento-eminente-medico-dionisio-soldevila","status":"publish","type":"post","link":"https:\/\/diariodominicano.com\/?p=49462","title":{"rendered":"Rectora UASD lamenta fallecimiento eminente m\u00e9dico Dionisio Soldevila"},"content":{"rendered":"<p><body><\/p>\n<p><img decoding=\"async\" src=\"img3\/Dionisiosodevila24-11-20.jpg\" \/>  <\/p>\n<p><span class=\"text1noticias\"> diariodominicano.com<\/span><\/p>\n<\/p>\n<p><span class=\"text1noticias\">Santo Domingo, R. D., 24 de noviembre, 2020.- La rectora de la Universidad Aut\u00f3noma de Santo Domingo (UASD), doctora Emma Polanco Melo lament\u00f3 el deceso de uno de sus m\u00e1s destacados miembros de la familia universitaria, el doctor Dionisio Soldevilla, quien falleci\u00f3 la ma\u00f1ana de este martes.<\/span><\/p>\n<p><span class=\"text1noticias\"> <\/span><\/p>\n<p><span class=\"text1noticias\">La rectora expres\u00f3 sus m\u00e1s sentidas condolencias, en nombre de la comunidad universitaria por tan sensible p\u00e9rdida del destacado investigador y cient\u00edfico oriundo del municipio de Las Matas de Farf\u00e1n.<\/span><\/p>\n<p><span class=\"text1noticias\"> <\/span><\/p>\n<p><span class=\"text1noticias\">Destac\u00f3 Polanco Melo que \u00abla academia pierde una de las m\u00e1s destacadas lumbreras de la medicina, quien realiz\u00f3 valiosos aportes en materia de anatom\u00eda, durante su fruct\u00edfera trayectoria profesional\u00bb.<\/span><\/p>\n<p><span class=\"text1noticias\"> <\/span><\/p>\n<p><span class=\"text1noticias\">\u00abExtendemos nuestro pesar a sus familiares y a la comunidad m\u00e9dica por el fallecimiento de un profesional que aport\u00f3 sus conocimientos tanto a la academia como al pa\u00eds\u00bb, manifest\u00f3 la m\u00e1xima autoridad de la Primada de Am\u00e9rica.   <\/span><\/p>\n<p><span class=\"text1noticias\"> <\/span><\/p>\n<p><span class=\"text1noticias\">Trayectoria<\/span><\/p>\n<p><span class=\"text1noticias\"> <\/span><\/p>\n<p><span class=\"text1noticias\">El eminente m\u00e9dico Dionisio Soldevilla fue egresado de la Facultad de Medicina y  profesor investigador de la Primera Universidad de Nuevo Mundo, quien tambi\u00e9n realiz\u00f3 un postgrado en Cirug\u00eda Cardiovascular en la Academia de Ciencias de Mosc\u00fa, entonces Uni\u00f3n Sovi\u00e9tica.<\/span><\/p>\n<p><span class=\"text1noticias\"> <\/span><\/p>\n<p><span class=\"text1noticias\"> El destacado y renombrado m\u00e9dico cobr\u00f3 notoriedad cuando en el 2006 present\u00f3 el resultado de sus investigaciones sobre el Tr\u00edceps de Soldevilla y el Tend\u00f3n de Soldevilla, ante el Instituto de Anatom\u00eda de la Facultad de Medicina de la Universidad Ren\u00e9 Descartes de Par\u00eds.<\/span><\/p>\n<p><span class=\"text1noticias\"> <\/span><\/p>\n<p><span class=\"text1noticias\">Sus hallazgos plantean que los supuestos tres m\u00fasculos independientes que se encuentran en los gl\u00fateos, son un \u00fanico m\u00fasculo y en consecuencia reduc\u00eda el n\u00famero de m\u00fasculos del cuerpo de 512 a 509, practicando disecciones en las nalgas de 50 cad\u00e1veres.<\/span><\/p>\n<p><span class=\"text1noticias\"> <\/span><\/p>\n<p><span class=\"text1noticias\">Asimismo descubri\u00f3 que el tend\u00f3n del extensor com\u00fan de los dedos de los pies se divide en 5 y no en 4 tendones como se cre\u00eda hasta presentar sus investigaciones en la disecci\u00f3n de la regi\u00f3n de la pierna de 23 cad\u00e1veres conservados en fenol y formol.<\/span><\/p>\n<p><span class=\"text1noticias\"> <\/span><\/p>\n<p><span class=\"text1noticias\">El pr\u00f3spero galeno fund\u00f3 la Federaci\u00f3n de Asociaciones de Profesores de la UASD y fue su primer presidente, el cual ocup\u00f3 por tres ocasiones. Adem\u00e1s dinamiz\u00f3 el peri\u00f3dico \u00abC\u00e1tedra\u00bb de FAPROUASD, tambi\u00e9n fue el fundador del peri\u00f3dico \u00abCient\u00edfico\u00bb,  de la Asociaci\u00f3n de Estudiantes de la Facultad de Medicina, hoy Ciencias de la Salud.<\/span><\/p>\n<p><span class=\"text1noticias\"> <\/span><\/p>\n<p><span class=\"text1noticias\">El destacado y eminente m\u00e9dico durante su pr\u00f3spera labor profesional por dos ocasiones presidi\u00f3 lo que fue la Asociaci\u00f3n M\u00e9dica Dominicana, en la actualidad es el Colegio M\u00e9dico Dominicano (CMD), adem\u00e1s por seis ocasiones fue presidente de la Agrupaci\u00f3n M\u00e9dica del Instituto Dominicano de Seguro Social (IDSS) y a la vez fund\u00f3 una revista cient\u00edfica, la cual dirigi\u00f3 durante 10 a\u00f1os.<\/span><\/p>\n<p><span class=\"text1noticias\"> <\/span><\/p>\n<p><span class=\"text1noticias\">Pie de foto <\/span><\/p>\n<p><span class=\"text1noticias\">El doctor Dionisio Soldevila y su descubrimiento.<\/span><\/p>\n<p><span class=\"text1noticias\"> <\/span><\/p>\n<p>Fuente: <span class=\"text1noticias\">Relaciones P\u00fablicas <\/span><\/p>\n<p><span class=\"text1noticias\">Luis P\u00e9rez Nova<\/span><\/p>\n<p><span class=\"text1noticias\">Director de Rela<\/span>ciones P\u00fablicas<\/p>\n<h6> 2020-11-24 15:06:54 <\/h6>\n<p><!--\n<link rel=\"stylesheet\" href=\"css\/bootstrap.min.css\">\n\n\n<ul class=\"pagination\">\n\t    \n\t\n\n<li >\n\t<a href='?page_no=20'>Previous<\/a>\n\t<\/li>\n\n\n       \n    \n\n<li><a href='?page_no=1'>1<\/a><\/li>\n\n\n\n<li><a href='?page_no=2'>2<\/a><\/li>\n\n\n\n<li><a>...<\/a><\/li>\n\n\n\n<li><a href='?page_no=19'>19<\/a><\/li>\n\n\n\n<li><a href='?page_no=20'>20<\/a><\/li>\n\n\n\n<li class='active'><a>21<\/a><\/li>\n\n\n\n<li><a href='?page_no=22'>22<\/a><\/li>\n\n\n\n<li><a href='?page_no=23'>23<\/a><\/li>\n\n\n\n<li><a>...<\/a><\/li>\n\n\n\n<li><a href='?page_no=22911'>22911<\/a><\/li>\n\n\n\n<li><a href='?page_no=22912'>22912<\/a><\/li>\n\n    \n\t\n\n<li >\n\t<a href='?page_no=22'>Next<\/a>\n\t<\/li>\n\n\n    \n\n<li><a href='?page_no=22912'>Last &rsaquo;&rsaquo;<\/a><\/li>\n\n<\/ul>\n\n\n--><br \/>\n<\/body><\/p>\n","protected":false},"excerpt":{"rendered":"<p>diariodominicano.com Santo Domingo, R. D., 24 de noviembre, 2020.- La rectora de la Universidad Aut\u00f3noma de Santo Domingo (UASD), doctora Emma Polanco Melo lament\u00f3 el deceso de uno de sus m\u00e1s destacados miembros de la familia universitaria, el doctor Dionisio Soldevilla, quien falleci\u00f3 la ma\u00f1ana de este martes. La rectora expres\u00f3 sus m\u00e1s sentidas condolencias, [&hellip;]<\/p>\n","protected":false},"author":3,"featured_media":0,"comment_status":"open","ping_status":"open","sticky":false,"template":"","format":"standard","meta":{"footnotes":""},"categories":[21],"tags":[],"class_list":["post-49462","post","type-post","status-publish","format-standard","hentry","category-cultura"],"_links":{"self":[{"href":"https:\/\/diariodominicano.com\/index.php?rest_route=\/wp\/v2\/posts\/49462","targetHints":{"allow":["GET"]}}],"collection":[{"href":"https:\/\/diariodominicano.com\/index.php?rest_route=\/wp\/v2\/posts"}],"about":[{"href":"https:\/\/diariodominicano.com\/index.php?rest_route=\/wp\/v2\/types\/post"}],"author":[{"embeddable":true,"href":"https:\/\/diariodominicano.com\/index.php?rest_route=\/wp\/v2\/users\/3"}],"replies":[{"embeddable":true,"href":"https:\/\/diariodominicano.com\/index.php?rest_route=%2Fwp%2Fv2%2Fcomments&post=49462"}],"version-history":[{"count":0,"href":"https:\/\/diariodominicano.com\/index.php?rest_route=\/wp\/v2\/posts\/49462\/revisions"}],"wp:attachment":[{"href":"https:\/\/diariodominicano.com\/index.php?rest_route=%2Fwp%2Fv2%2Fmedia&parent=49462"}],"wp:term":[{"taxonomy":"category","embeddable":true,"href":"https:\/\/diariodominicano.com\/index.php?rest_route=%2Fwp%2Fv2%2Fcategories&post=49462"},{"taxonomy":"post_tag","embeddable":true,"href":"https:\/\/diariodominicano.com\/index.php?rest_route=%2Fwp%2Fv2%2Ftags&post=49462"}],"curies":[{"name":"wp","href":"https:\/\/api.w.org\/{rel}","templated":true}]}}