{"id":494611,"date":"2023-12-07T11:40:48","date_gmt":"2023-12-07T15:40:48","guid":{"rendered":"https:\/\/diariodominicano.com\/?p=494611"},"modified":"2023-12-07T15:01:13","modified_gmt":"2023-12-07T19:01:13","slug":"dra-tania-medina-recibe-reconocimiento-de-la-casa-blanca-en-washington-dc","status":"publish","type":"post","link":"https:\/\/diariodominicano.com\/?p=494611","title":{"rendered":"Dra. Tania Medina recibe reconocimiento de La Casa Blanca en Washington, DC"},"content":{"rendered":"\n<figure class=\"wp-block-table\"><table><tbody><tr><td>Dra. Tania Medina recibe reconocimiento del Presidente de Estados Unidos Joe Biden.<br><br><\/td><\/tr><\/tbody><\/table><figcaption><em><a rel=\"noreferrer noopener\" href=\"https:\/\/facebook.us15.list-manage.com\/track\/click?u=d29e05f3cb957969a97f7b89e&amp;id=b5483ef06c&amp;e=128b953b7d\" target=\"_blank\"><strong>&#8216;La&nbsp;Doctora que canta&#8217;<\/strong><\/a>viaj\u00f3&nbsp;a la Capital Federal para ser homenajeada por el&nbsp;<strong>Presidente de Estados Unidos<\/strong>.<\/em><br><\/figcaption><\/figure>\n\n\n\n<p><strong>Washington, DC &#8211; 4 de diciembre de 2023 &#8211;<\/strong>&nbsp;La Dra.&nbsp;<strong><a rel=\"noreferrer noopener\" href=\"https:\/\/facebook.us15.list-manage.com\/track\/click?u=d29e05f3cb957969a97f7b89e&amp;id=a967e0dd80&amp;e=128b953b7d\" target=\"_blank\">Tania Medina<\/a>&nbsp;<\/strong>destacada cirujana pl\u00e1stica fue distinguida con el&nbsp;<strong>\u00abUnited States President&#8217;s Lifetime Achievement Award\u00bb<\/strong>, un reconocimiento que honra la trayectoria de l\u00edderes que desde sus funciones benefician su pa\u00eds y su comunidad.&nbsp;<\/p>\n\n\n\n<p><\/p>\n\n\n\n<p>El prestigioso galard\u00f3n fue firmado por el&nbsp;<strong>presidente de los Estados Unidos Joe Biden<\/strong>&nbsp;y se otorga a aquellas personalidades que contribuyen con m\u00e1s de 4,000 horas de servicio a lo largo de su vida, as\u00ed como tambi\u00e9n a organizaciones y entidades que tienen el privilegio de destacar a personas en sus comunidades con este honor.&nbsp;<\/p>\n\n\n\n<p>\u00abMe siento superfeliz y honrada de este reconocimiento como mujer y como dominicana que vela por inter\u00e9s de su comunidad, esto es una muestra de que podemos influir positivamente en los dem\u00e1s\u00bb, expres\u00f3 Medina.&nbsp;<\/p>\n\n\n\n<p>La&nbsp;<strong>Dra. Tania Medina<\/strong>, reconocida a nivel internacional por su papel como embajadora del amor propio , y por su ardua labor a trav\u00e9s de su fundaci\u00f3n Sin Etiquetas , en la cual ayuda a padres con ni\u00f1os de condici\u00f3n autista para que estos tengan un mejor desarrollo.&nbsp;<\/p>\n\n\n\n<p>Medina sobresale adem\u00e1s como embajadora de las Naciones Unidas . As\u00ed como tambi\u00e9n por llevar a cabo la pr\u00e1ctica m\u00e9dica de manera \u00fanica, enfatizando que cualquier cambio est\u00e9tico debe surgir del amor propio de cada persona y que, antes de realizarlo, es crucial contar con una sana autoestima. Su enfoque innovador la ha llevado a recibir reconocimientos en medios internacionales, siendo nombrada una de las 25 mujeres m\u00e1s poderosas por People en Espa\u00f1ol y una de las 50 m\u00e1s poderosas por Forbes Dominicana, entre otros.&nbsp;<\/p>\n\n\n\n<p>La ceremonia de este a\u00f1o fue llevada a cabo en el Salamander Hotel y fue transmitido a trav\u00e9s en FOX 5 Plus, llegando a millones de ciudadanos en Washington D.C.<\/p>\n\n\n\n<p><strong><a href=\"https:\/\/facebook.us15.list-manage.com\/track\/click?u=d29e05f3cb957969a97f7b89e&amp;id=2bc8601fbc&amp;e=128b953b7d\" target=\"_blank\" rel=\"noreferrer noopener\">Acerca de la Dra. Tania Medina<\/a><\/strong><\/p>\n\n\n\n<p>La&nbsp;<strong><a href=\"https:\/\/facebook.us15.list-manage.com\/track\/click?u=d29e05f3cb957969a97f7b89e&amp;id=cbd1839cb2&amp;e=128b953b7d\" target=\"_blank\" rel=\"noreferrer noopener\">Dra. Tania Medina<\/a>&nbsp;<\/strong>es autora, conferencista internacional, coach de programaci\u00f3n neuroling\u00fc\u00edstica, cantante y Cirujana Pl\u00e1stica de Rep\u00fablica Dominicana, ingres\u00f3 en el 2001 a la Escuela de Medicina del Instituto Tecnol\u00f3gico de Santo Domingo (INTEC), gradu\u00e1ndose con los m\u00e1s altos honores (suma cum laude). Durante su pasant\u00eda, se prepar\u00f3 para la competencia de Residencia M\u00e9dica Nacional en el Hospital Salvador B. Gautier, all\u00ed se destac\u00f3 por tener la calificaci\u00f3n m\u00e1s alta jam\u00e1s obtenida por un concursante hasta ese momento.<\/p>\n\n\n\n<p>Se gradu\u00f3 como especialista en la prestigiosa Residencia Nacional en Cirug\u00eda Pl\u00e1stica Reconstructiva y Est\u00e9tica en el Hospital Dr. Salvador Gautier. Es miembro activo de la Sociedad Dominicana de Cirug\u00eda Pl\u00e1stica, Reconstructiva y Est\u00e9tica (SODOCIPRE). Sociedad Dominicana mujeres de Cirug\u00eda Pl\u00e1stica y Est\u00e9tica (ASAPS). Sociedad Americana de Cirug\u00eda Pl\u00e1stica (ASPS). Sociedad Internacional de Cirug\u00eda Pl\u00e1stica y Est\u00e9tica (ISAPS). Federaci\u00f3n Ibero Latinoamericana de Cirug\u00eda Pl\u00e1stica (FILAP). Colegio M\u00e9dico Dominicano (CMD). World Gluteal Association (WAGS). Medina es constante experta invitada en los medios de comunicaci\u00f3n como&nbsp;<strong>HOLA! Magazine<\/strong>, El&nbsp;<strong>List\u00edn Diario, Univisi\u00f3n, Telemundo, El Nuevo Herald<\/strong>, la Academia de Ismael Cala, entre otros medios.<\/p>\n\n\n\n<p>En el 2022 fue elegida como una de las m\u00e1s poderosas de&nbsp;<strong>People en Espa\u00f1ol<\/strong>. Sus campa\u00f1as \u201cTocarte las mam\u00e1s es vida\u201d y el GRACIAton han sido publicitadas en Times Square New York. Recientemente public\u00f3 su libro \u201cLa belleza de amarme\u201d que en una semana se convirti\u00f3 en #1 en ventas en Amazon en la categor\u00eda de Salud y Superaci\u00f3n Personal. La&nbsp;<strong>Dra. Medina<\/strong>&nbsp;ha sido la portada de&nbsp;<strong>VOGUE, Marie Claire, Harper\u2019s Bazaar, Elle, Instyle, Estylo Magazine<\/strong>,&nbsp;<strong>VANIDADES<\/strong>&nbsp;entre otras revistas.&nbsp;<\/p>\n\n\n\n<figure class=\"wp-block-image size-large\"><img loading=\"lazy\" decoding=\"async\" width=\"819\" height=\"1024\" src=\"https:\/\/diariodominicano.com\/wp-content\/uploads\/2023\/12\/unnamed-3-819x1024.jpg\" alt=\"\" class=\"wp-image-494618\" srcset=\"https:\/\/diariodominicano.com\/wp-content\/uploads\/2023\/12\/unnamed-3-819x1024.jpg 819w, https:\/\/diariodominicano.com\/wp-content\/uploads\/2023\/12\/unnamed-3-240x300.jpg 240w, https:\/\/diariodominicano.com\/wp-content\/uploads\/2023\/12\/unnamed-3-768x960.jpg 768w, https:\/\/diariodominicano.com\/wp-content\/uploads\/2023\/12\/unnamed-3-1229x1536.jpg 1229w, https:\/\/diariodominicano.com\/wp-content\/uploads\/2023\/12\/unnamed-3-1638x2048.jpg 1638w, https:\/\/diariodominicano.com\/wp-content\/uploads\/2023\/12\/unnamed-3-816x1020.jpg 816w, https:\/\/diariodominicano.com\/wp-content\/uploads\/2023\/12\/unnamed-3-scaled.jpg 2048w\" sizes=\"auto, (max-width: 819px) 100vw, 819px\" \/><figcaption>Dra. Tania Medina y JC Rosary en la gala&nbsp;&#8216;Person of the Year, Laura Pausini&#8217;, de&nbsp;Latin Grammy 2023 en Sevilla.&nbsp;<em>(Vestuario Tania Medina Sixto Nolasco.)<\/em><\/figcaption><\/figure>\n\n\n\n<p>La&nbsp;<a href=\"https:\/\/facebook.us15.list-manage.com\/track\/click?u=d29e05f3cb957969a97f7b89e&amp;id=4a44868cae&amp;e=128b953b7d\" target=\"_blank\" rel=\"noreferrer noopener\"><strong>Dra. Tania Medina<\/strong><\/a>&nbsp;tambi\u00e9n conocida como&nbsp;<a href=\"https:\/\/facebook.us15.list-manage.com\/track\/click?u=d29e05f3cb957969a97f7b89e&amp;id=763a44bf57&amp;e=128b953b7d\" target=\"_blank\" rel=\"noreferrer noopener\"><strong><em>&#8216;La doctora que canta&#8217;<\/em><\/strong>,<\/a>&nbsp;contin\u00faa su traves\u00eda en el mundo de la m\u00fasica, y presento en M\u00e9xico&nbsp;su nuevo sencillo&nbsp;<a href=\"https:\/\/facebook.us15.list-manage.com\/track\/click?u=d29e05f3cb957969a97f7b89e&amp;id=6d3fb44da3&amp;e=128b953b7d\" target=\"_blank\" rel=\"noreferrer noopener\"><strong>\u201cOld Fashioned\u201d<\/strong><\/a>, a d\u00fao con el destacado artista urbano<strong>&nbsp;<a href=\"https:\/\/facebook.us15.list-manage.com\/track\/click?u=d29e05f3cb957969a97f7b89e&amp;id=8e4caf2148&amp;e=128b953b7d\" target=\"_blank\" rel=\"noreferrer noopener\">JC Rosary<\/a><\/strong>, el cual lanzo recientemente&nbsp;durante la Conferencia Billboard Latino, de la Latin Billboard Music Week en Miami.<\/p>\n\n\n\n<p>El arrollador \u00e9xito de su debut \u201cEnam\u00f3rate de Ti\u201d la llev\u00f3 a alcanzar el n\u00famero uno en las listas de Monitor Latino General y Bachata en Dominicana.<\/p>\n\n\n\n<p>La nueva canci\u00f3n presenta el recorrido de amor de una pareja, luego de pasar por momentos dif\u00edciles, y c\u00f3mo se conecta hasta caminar el mundo y tomar un c\u00f3ctel \u201cOld Fashioned\u201d en el balc\u00f3n de un hotel en Par\u00eds. La personalidad de un \u201cOld Fashioned\u201d se caracteriza por la confianza en s\u00ed mismo y la comodidad en su propio ser.<\/p>\n\n\n\n<p><a href=\"https:\/\/facebook.us15.list-manage.com\/track\/click?u=d29e05f3cb957969a97f7b89e&amp;id=99952dbff4&amp;e=128b953b7d\" target=\"_blank\" rel=\"noreferrer noopener\"><strong>\u201cOld Fashioned\u201d<\/strong><\/a>&nbsp;toma su inspiraci\u00f3n del ic\u00f3nico c\u00f3ctel de whisky (1870-1880). En aquel entonces, los bartenders comenzaron a decorar c\u00f3cteles, pero algunos clientes empezaron a rebelarse.<\/p>\n\n\n\n<p>Al igual que el c\u00f3ctel, la canci\u00f3n representa una mezcla entre lo dulce y lo amargo, creando uno de los temas musicales m\u00e1s deliciosos y cautivadores. Sin embargo, si la mezcla no se realiza adecuadamente, podr\u00eda resultar en una experiencia amarga.<\/p>\n\n\n\n<p>El video, con locaciones en Cuba, Rep\u00fablica Dominicana, Puerto Rico, Ibiza, Roma y Par\u00eds, evoca la importancia del romanticismo, la aventura, lo b\u00e1sico y divertido al estilo \u201cOld Fashioned\u201d. Las fotograf\u00edas son una creaci\u00f3n de Eury Ricardo, el estilismo de Eddy G\u00f3mez y el maquillaje de Avis V\u00e1squez.<\/p>\n\n\n\n<p>Conoce m\u00e1s en su Instagram&nbsp;<a href=\"https:\/\/facebook.us15.list-manage.com\/track\/click?u=d29e05f3cb957969a97f7b89e&amp;id=78524a0bdf&amp;e=128b953b7d\" target=\"_blank\" rel=\"noreferrer noopener\">https:\/\/www.instagram.com\/drataniamedina<\/a><br>Web&nbsp;<a href=\"https:\/\/facebook.us15.list-manage.com\/track\/click?u=d29e05f3cb957969a97f7b89e&amp;id=e944d3d132&amp;e=128b953b7d\" target=\"_blank\" rel=\"noreferrer noopener\">https:\/\/tucirujana.com\/<\/a><br># # #<br>Fotos cortes\u00eda Dra. Tania Medina&nbsp;<\/p>\n","protected":false},"excerpt":{"rendered":"<p>Dra. Tania Medina recibe reconocimiento del Presidente de Estados Unidos Joe Biden. &#8216;La&nbsp;Doctora que canta&#8217;viaj\u00f3&nbsp;a la Capital Federal para ser homenajeada por el&nbsp;Presidente de Estados Unidos. Washington, DC &#8211; 4 de diciembre de 2023 &#8211;&nbsp;La Dra.&nbsp;Tania Medina&nbsp;destacada cirujana pl\u00e1stica fue distinguida con el&nbsp;\u00abUnited States President&#8217;s Lifetime Achievement Award\u00bb, un reconocimiento que honra la trayectoria de [&hellip;]<\/p>\n","protected":false},"author":28,"featured_media":494612,"comment_status":"closed","ping_status":"","sticky":true,"template":"","format":"standard","meta":{"footnotes":""},"categories":[36,25,27],"tags":[],"class_list":["post-494611","post","type-post","status-publish","format-standard","has-post-thumbnail","hentry","category-hombresmujeresycosas","category-gente","category-portada"],"_links":{"self":[{"href":"https:\/\/diariodominicano.com\/index.php?rest_route=\/wp\/v2\/posts\/494611","targetHints":{"allow":["GET"]}}],"collection":[{"href":"https:\/\/diariodominicano.com\/index.php?rest_route=\/wp\/v2\/posts"}],"about":[{"href":"https:\/\/diariodominicano.com\/index.php?rest_route=\/wp\/v2\/types\/post"}],"author":[{"embeddable":true,"href":"https:\/\/diariodominicano.com\/index.php?rest_route=\/wp\/v2\/users\/28"}],"replies":[{"embeddable":true,"href":"https:\/\/diariodominicano.com\/index.php?rest_route=%2Fwp%2Fv2%2Fcomments&post=494611"}],"version-history":[{"count":4,"href":"https:\/\/diariodominicano.com\/index.php?rest_route=\/wp\/v2\/posts\/494611\/revisions"}],"predecessor-version":[{"id":494681,"href":"https:\/\/diariodominicano.com\/index.php?rest_route=\/wp\/v2\/posts\/494611\/revisions\/494681"}],"wp:featuredmedia":[{"embeddable":true,"href":"https:\/\/diariodominicano.com\/index.php?rest_route=\/wp\/v2\/media\/494612"}],"wp:attachment":[{"href":"https:\/\/diariodominicano.com\/index.php?rest_route=%2Fwp%2Fv2%2Fmedia&parent=494611"}],"wp:term":[{"taxonomy":"category","embeddable":true,"href":"https:\/\/diariodominicano.com\/index.php?rest_route=%2Fwp%2Fv2%2Fcategories&post=494611"},{"taxonomy":"post_tag","embeddable":true,"href":"https:\/\/diariodominicano.com\/index.php?rest_route=%2Fwp%2Fv2%2Ftags&post=494611"}],"curies":[{"name":"wp","href":"https:\/\/api.w.org\/{rel}","templated":true}]}}