{"id":494587,"date":"2023-12-07T10:47:45","date_gmt":"2023-12-07T14:47:45","guid":{"rendered":"https:\/\/diariodominicano.com\/?p=494587"},"modified":"2023-12-07T11:12:53","modified_gmt":"2023-12-07T15:12:53","slug":"consejo-nacional-de-la-magistratura-culmina-jornada-vistas-publicas-hoy","status":"publish","type":"post","link":"https:\/\/diariodominicano.com\/?p=494587","title":{"rendered":"Luz Garc\u00eda vuelve con la tercera temporada de \u201cLuces de Navidad\u201d"},"content":{"rendered":"\n<p>El especial navide\u00f1o m\u00e1s esperado de la televisi\u00f3n dominicana<\/p>\n\n\n\n<figure class=\"wp-block-image size-large\"><img loading=\"lazy\" decoding=\"async\" width=\"683\" height=\"1024\" src=\"https:\/\/diariodominicano.com\/wp-content\/uploads\/2023\/12\/3-683x1024.jpg\" alt=\"\" class=\"wp-image-494600\" srcset=\"https:\/\/diariodominicano.com\/wp-content\/uploads\/2023\/12\/3-683x1024.jpg 683w, https:\/\/diariodominicano.com\/wp-content\/uploads\/2023\/12\/3-200x300.jpg 200w, https:\/\/diariodominicano.com\/wp-content\/uploads\/2023\/12\/3-768x1152.jpg 768w, https:\/\/diariodominicano.com\/wp-content\/uploads\/2023\/12\/3-1024x1536.jpg 1024w, https:\/\/diariodominicano.com\/wp-content\/uploads\/2023\/12\/3-1365x2048.jpg 1365w, https:\/\/diariodominicano.com\/wp-content\/uploads\/2023\/12\/3-816x1224.jpg 816w, https:\/\/diariodominicano.com\/wp-content\/uploads\/2023\/12\/3-scaled.jpg 1707w\" sizes=\"auto, (max-width: 683px) 100vw, 683px\" \/><\/figure>\n\n\n\n<p>Diariodominicano.com<\/p>\n\n\n\n<p><strong>Santo Domingo RD.-&nbsp;<\/strong>La comunicadora Luz Garc\u00eda vuelve apostar por las grandes producciones de temporada con la presentaci\u00f3n&nbsp; de la tercera entrega del especial&nbsp; \u201cLuces de Navidad\u201d, bajo la direcci\u00f3n musical del compositor y arreglista Penbian Sang, quien&nbsp; sorprende en cada edici\u00f3n con nuevos ritmos y colores de las canciones que forman parte de la memoria musical navide\u00f1a dominicana.<\/p>\n\n\n\n<figure class=\"wp-block-image size-large\"><img loading=\"lazy\" decoding=\"async\" width=\"1024\" height=\"683\" src=\"https:\/\/diariodominicano.com\/wp-content\/uploads\/2023\/12\/Gabril-Lantigua-Luz-Gracia-Valentin-Baez-Pengbian-Sang--1024x683.jpg\" alt=\"\" class=\"wp-image-494601\" srcset=\"https:\/\/diariodominicano.com\/wp-content\/uploads\/2023\/12\/Gabril-Lantigua-Luz-Gracia-Valentin-Baez-Pengbian-Sang--1024x683.jpg 1024w, https:\/\/diariodominicano.com\/wp-content\/uploads\/2023\/12\/Gabril-Lantigua-Luz-Gracia-Valentin-Baez-Pengbian-Sang--300x200.jpg 300w, https:\/\/diariodominicano.com\/wp-content\/uploads\/2023\/12\/Gabril-Lantigua-Luz-Gracia-Valentin-Baez-Pengbian-Sang--768x512.jpg 768w, https:\/\/diariodominicano.com\/wp-content\/uploads\/2023\/12\/Gabril-Lantigua-Luz-Gracia-Valentin-Baez-Pengbian-Sang--1536x1024.jpg 1536w, https:\/\/diariodominicano.com\/wp-content\/uploads\/2023\/12\/Gabril-Lantigua-Luz-Gracia-Valentin-Baez-Pengbian-Sang--2048x1365.jpg 2048w, https:\/\/diariodominicano.com\/wp-content\/uploads\/2023\/12\/Gabril-Lantigua-Luz-Gracia-Valentin-Baez-Pengbian-Sang--816x544.jpg 816w\" sizes=\"auto, (max-width: 1024px) 100vw, 1024px\" \/><figcaption>Gabril Lantigua, Luz Gracia, Valentin Baez, Pengbian Sang<\/figcaption><\/figure>\n\n\n\n<p>Este especial navide\u00f1o saldr\u00e1 al aire en la pantalla chica el pr\u00f3ximo&nbsp; 17 de diciembre,&nbsp; producido y conducido por la comunicadora y empresaria Luz Garc\u00eda junto a su productora A-1 Productions.<\/p>\n\n\n\n<p>Garc\u00eda en un encuentro con la prensa llevado a cabo&nbsp; en el hotel Embassy Suites by Hilton, inform\u00f3 que&nbsp; \u201cLuces de Navidad\u201d se trasmitir\u00e1&nbsp;por Telesistema, canal 11 de&nbsp; 8:00 a 10:00 de la noche, donde se rendir\u00e1 homenaje a las tradiciones dominicanas.&nbsp;<\/p>\n\n\n\n<p>\u201cLuces de Navidad\u201d, es un proyecto que rememora las tradiciones y costumbres criollas, realizado con la intenci\u00f3n de presentar un musical con sabor a patria dominicana.&nbsp;<\/p>\n\n\n\n<figure class=\"wp-block-image size-large\"><img loading=\"lazy\" decoding=\"async\" width=\"683\" height=\"1024\" src=\"https:\/\/diariodominicano.com\/wp-content\/uploads\/2023\/12\/Luz-y-Lisa-Blanco--683x1024.jpg\" alt=\"\" class=\"wp-image-494603\" srcset=\"https:\/\/diariodominicano.com\/wp-content\/uploads\/2023\/12\/Luz-y-Lisa-Blanco--683x1024.jpg 683w, https:\/\/diariodominicano.com\/wp-content\/uploads\/2023\/12\/Luz-y-Lisa-Blanco--200x300.jpg 200w, https:\/\/diariodominicano.com\/wp-content\/uploads\/2023\/12\/Luz-y-Lisa-Blanco--768x1152.jpg 768w, https:\/\/diariodominicano.com\/wp-content\/uploads\/2023\/12\/Luz-y-Lisa-Blanco--1024x1536.jpg 1024w, https:\/\/diariodominicano.com\/wp-content\/uploads\/2023\/12\/Luz-y-Lisa-Blanco--1365x2048.jpg 1365w, https:\/\/diariodominicano.com\/wp-content\/uploads\/2023\/12\/Luz-y-Lisa-Blanco--816x1224.jpg 816w, https:\/\/diariodominicano.com\/wp-content\/uploads\/2023\/12\/Luz-y-Lisa-Blanco--scaled.jpg 1707w\" sizes=\"auto, (max-width: 683px) 100vw, 683px\" \/><figcaption>Luz y Lisa Blanco<\/figcaption><\/figure>\n\n\n\n<p>La comunicadora explic\u00f3 que \u201cLuces de Navidad\u201d reunir\u00e1 a grandes figuras del arte nacional e internacional, donde figuran artista como: V\u00edctor Manuelle,&nbsp; Cecilia Garc\u00eda, Nashali Enchautegui, Frank Ceara, H\u00e9ctor An\u00edbal Estrella Pantale\u00f3n,&nbsp; Fefita La Grande,&nbsp; Manny Cruz, Silvio Mora, Kinito M\u00e9ndez, Jandy Ventura, Yelow Tree (Ganadora Studios Presidente) y Badir.&nbsp;<\/p>\n\n\n\n<p>\u201cEste es un especial para la televisi\u00f3n en el cual retomamos las tradiciones de nuestro pa\u00eds y donde compartimos un verdadero aguinaldo con las figuras m\u00e1s populares, bajo la premisa de incentivar la uni\u00f3n y el intr\u00ednseco significado de estas festividades\u201d, dijo Luz a la prensa.&nbsp;<\/p>\n\n\n\n<p>\u201cLuces de Navidad\u201d, cont\u00f3 con la colaboraci\u00f3n de un equipo de alta calidad profesional y humana: Hots: Luz Garcia, Produccion General:&nbsp;A-1 Productions, Realizaci\u00f3n: Gabriel Lantigua, Director Musical: Penbian Sang, Diseno y Produccion de Contenido: Katia Duverge, Produccion Ejecutiva: Luz Garcia y Rina Haddad y en la Post Producci\u00f3n: Basecamp Studios.&nbsp;<\/p>\n\n\n\n<p>\u201cNuestros artistas invitados interpretan como nunca antes las canciones tradicionales de nuestro pa\u00eds y el resto del mundo, es un especial caracterizado por la alegr\u00eda que identifica a un dominicano en cualquier rinc\u00f3n del mundo\u201d, expres\u00f3 Luz a los medios de comunicaci\u00f3n.&nbsp;<\/p>\n\n\n\n<p>Este proyecto cont\u00f3 con el apoyo de grandes marcas patrocinadoras como: Diecom, Induveca, Banreservas, Cervecer\u00eda Nacional Dominicana, Goya, CCN y Brugal asi como tambien la colaboracion de Basecamp Studios, Hotel Embassy Suites by Hilton Santo Domingo, Ashley Alemany Interior Desing\/Event Designer\/Planner, Divano, Leonardos 5th, Bride to Be, Germaine de Capuccini, TransSafe, Gestur y VIP Catering.&nbsp;<\/p>\n\n\n\n<p>Luz Garc\u00eda concluy\u00f3 agradeciendo a la prensa nacional por apoyar un proyecto que busca conservar las tradiciones navide\u00f1as del pa\u00eds.<\/p>\n\n\n\n<p>Alfredo Garc\u00eda<a target=\"_blank\" href=\"mailto:alfredogarcia003@gmail.com\" rel=\"noreferrer noopener\">alfredogarcia003@gmai<\/a><\/p>\n\n\n\n<p>diariodominicano.com<\/p>\n\n\n\n<p>7 de diciembre, 2023.-\u00a0<\/p>\n","protected":false},"excerpt":{"rendered":"<p>El especial navide\u00f1o m\u00e1s esperado de la televisi\u00f3n dominicana Diariodominicano.com Santo Domingo RD.-&nbsp;La comunicadora Luz Garc\u00eda vuelve apostar por las grandes producciones de temporada con la presentaci\u00f3n&nbsp; de la tercera entrega del especial&nbsp; \u201cLuces de Navidad\u201d, bajo la direcci\u00f3n musical del compositor y arreglista Penbian Sang, quien&nbsp; sorprende en cada edici\u00f3n con nuevos ritmos y [&hellip;]<\/p>\n","protected":false},"author":5,"featured_media":494598,"comment_status":"closed","ping_status":"","sticky":true,"template":"","format":"standard","meta":{"footnotes":""},"categories":[36,25,27,32],"tags":[],"class_list":["post-494587","post","type-post","status-publish","format-standard","has-post-thumbnail","hentry","category-hombresmujeresycosas","category-gente","category-portada","category-turismo"],"_links":{"self":[{"href":"https:\/\/diariodominicano.com\/index.php?rest_route=\/wp\/v2\/posts\/494587","targetHints":{"allow":["GET"]}}],"collection":[{"href":"https:\/\/diariodominicano.com\/index.php?rest_route=\/wp\/v2\/posts"}],"about":[{"href":"https:\/\/diariodominicano.com\/index.php?rest_route=\/wp\/v2\/types\/post"}],"author":[{"embeddable":true,"href":"https:\/\/diariodominicano.com\/index.php?rest_route=\/wp\/v2\/users\/5"}],"replies":[{"embeddable":true,"href":"https:\/\/diariodominicano.com\/index.php?rest_route=%2Fwp%2Fv2%2Fcomments&post=494587"}],"version-history":[{"count":4,"href":"https:\/\/diariodominicano.com\/index.php?rest_route=\/wp\/v2\/posts\/494587\/revisions"}],"predecessor-version":[{"id":494604,"href":"https:\/\/diariodominicano.com\/index.php?rest_route=\/wp\/v2\/posts\/494587\/revisions\/494604"}],"wp:featuredmedia":[{"embeddable":true,"href":"https:\/\/diariodominicano.com\/index.php?rest_route=\/wp\/v2\/media\/494598"}],"wp:attachment":[{"href":"https:\/\/diariodominicano.com\/index.php?rest_route=%2Fwp%2Fv2%2Fmedia&parent=494587"}],"wp:term":[{"taxonomy":"category","embeddable":true,"href":"https:\/\/diariodominicano.com\/index.php?rest_route=%2Fwp%2Fv2%2Fcategories&post=494587"},{"taxonomy":"post_tag","embeddable":true,"href":"https:\/\/diariodominicano.com\/index.php?rest_route=%2Fwp%2Fv2%2Ftags&post=494587"}],"curies":[{"name":"wp","href":"https:\/\/api.w.org\/{rel}","templated":true}]}}