{"id":494489,"date":"2023-12-07T00:07:51","date_gmt":"2023-12-07T04:07:51","guid":{"rendered":"https:\/\/diariodominicano.com\/?p=494489"},"modified":"2023-12-07T00:11:36","modified_gmt":"2023-12-07T04:11:36","slug":"domingo-contreras-atribuye-a-la-incapacidad-e-insensibilidad-del-gobierno-central-y-de-la-alcaldia-de-la-capital-los-problemas-de-la-ciudad","status":"publish","type":"post","link":"https:\/\/diariodominicano.com\/?p=494489","title":{"rendered":"Domingo Contreras atribuye a la incapacidad e insensibilidad del gobierno central y de la alcald\u00eda de la capital los problemas de la ciudad"},"content":{"rendered":"\n<p>Santo Domingo, RD.- <strong>Domingo Contreras, candidato \u00a0\u00a0del Partido de la Liberaci\u00f3n Dominicana (PLD) y la alianza opositora Rescate RD a la alcald\u00eda del Distrito Nacional\u00a0<\/strong>destac\u00f3 la entereza, integridad y compromiso de la enorme mayor\u00eda de dirigentes y miembros de esa organizaci\u00f3n en contraposici\u00f3n a tr\u00e1nsfugas y oportunistas de la pol\u00edtica.<\/p>\n\n\n\n<p><\/p>\n\n\n\n<figure class=\"wp-block-image size-full is-resized\"><img loading=\"lazy\" decoding=\"async\" src=\"https:\/\/diariodominicano.com\/wp-content\/uploads\/2023\/12\/DSC_2207.jpg\" alt=\"\" class=\"wp-image-494490\" width=\"616\" height=\"410\" srcset=\"https:\/\/diariodominicano.com\/wp-content\/uploads\/2023\/12\/DSC_2207.jpg 1024w, https:\/\/diariodominicano.com\/wp-content\/uploads\/2023\/12\/DSC_2207-300x200.jpg 300w, https:\/\/diariodominicano.com\/wp-content\/uploads\/2023\/12\/DSC_2207-768x512.jpg 768w, https:\/\/diariodominicano.com\/wp-content\/uploads\/2023\/12\/DSC_2207-816x544.jpg 816w\" sizes=\"auto, (max-width: 616px) 100vw, 616px\" \/><figcaption>Presentaci\u00f3n del equipo de campa\u00f1a<\/figcaption><\/figure>\n\n\n\n<p>Teniendo de base la consigna Juan Bosch es el Gu\u00eda, el PLD la v\u00eda, Contreras areng\u00f3 a cientos de dirigentes en la asamblea realizada en el Sal\u00f3n Bienvenido Sandoval de la Casa Nacional Reinaldo Pared P\u00e9rez, invit\u00e1ndoles a doblar el trabajo y trabajar siempre unido con miras al triunfo electoral en febrero y en mayo.<\/p>\n\n\n\n<p>Defini\u00f3 al Partido de la Liberaci\u00f3n Dominicana, que en este mes de diciembre arriba a los 50 a\u00f1os de fundado, como \u201cel mejor instrumento que tiene la Rep\u00fablica Dominicana para forjar su futuro\u201d.<\/p>\n\n\n\n<p>Atribuy\u00f3 a la incapacidad e insensibilidad del gobierno central y de la alcald\u00eda de la capital, el desastre ocurrido en la ciudad con el impacto del fen\u00f3meno meteorol\u00f3gico conocido como disturbio tropical.<\/p>\n\n\n\n<p>Dijo que a pesar del pron\u00f3stico de ONAMET y los meteor\u00f3logos locales se ten\u00eda a gran parte del Gobierno, incluyendo la alcaldesa de la capital, en un encuentro en Punta Cana.<\/p>\n\n\n\n<p>Afirm\u00f3 que las inundaciones que afectaron al Distrito Nacional demuestran el fracaso de Carolina Mej\u00eda como alcaldesa y el desinter\u00e9s para dar soluci\u00f3n a los problemas de la capital.<\/p>\n\n\n\n<p>En su exposici\u00f3n Domingo Contreras denunci\u00f3 que la alcaldesa no cumpli\u00f3 con la promesa de campa\u00f1a de invertir recursos en la readecuaci\u00f3n y limpieza de los pozos filtrantes, con el mantenimiento de los imbornales y con una campa\u00f1a de educaci\u00f3n ciudadana que generar\u00eda el compromiso de los mun\u00edcipes de no lanzar objetos y desechos en las calles.<\/p>\n\n\n\n<figure class=\"wp-block-image size-full is-resized\"><img loading=\"lazy\" decoding=\"async\" src=\"https:\/\/diariodominicano.com\/wp-content\/uploads\/2023\/12\/DSC_2261.jpg\" alt=\"\" class=\"wp-image-494493\" width=\"624\" height=\"290\" srcset=\"https:\/\/diariodominicano.com\/wp-content\/uploads\/2023\/12\/DSC_2261.jpg 1024w, https:\/\/diariodominicano.com\/wp-content\/uploads\/2023\/12\/DSC_2261-300x139.jpg 300w, https:\/\/diariodominicano.com\/wp-content\/uploads\/2023\/12\/DSC_2261-768x357.jpg 768w, https:\/\/diariodominicano.com\/wp-content\/uploads\/2023\/12\/DSC_2261-816x379.jpg 816w\" sizes=\"auto, (max-width: 624px) 100vw, 624px\" \/><figcaption>Asistentes al acto.<\/figcaption><\/figure>\n\n\n\n<p>Al presentar las y los integrantes del equipo de campa\u00f1a, Domingo Contreras esboz\u00f3 parte de su propuesta para hacer del Distrito Nacional una ciudad amigable y en armon\u00eda con el medio ambiente.<\/p>\n\n\n\n<p>&nbsp;<strong>Equipo de campa\u00f1a para la alcald\u00eda del distrito nacional<\/strong><\/p>\n\n\n\n<p>La campa\u00f1a de Domingo Contreras, ser\u00e1 dirigida por Gabriel Castro, quien con su amplia experiencia en el \u00e1rea municipal y en la administraci\u00f3n p\u00fablica, integra otros importantes y experimentados t\u00e9cnicos y profesionales ponen a disposici\u00f3n del candidato sus conocimientos en beneficio de la campa\u00f1a.<\/p>\n\n\n\n<p>Adem\u00e1s de Gabriel Castro, director general de campa\u00f1a, integran el equipo; Miguel Mercedes, director de operaciones; Juan Rodr\u00edguez, director de estrategia; Elizabeth Matos, director de finanzas; F\u00e9lix Lajara, director de comunicaci\u00f3n; Francis Jorge, directora de planificaci\u00f3n; Charlie N\u00fa\u00f1ez, asesor de comunicaci\u00f3n y Reymundo Cuevas, director operativo.<\/p>\n\n\n\n<p><strong>SECRETARIA DE COMUNICACIONES<\/strong><strong><\/strong><\/p>\n\n\n\n<p><strong>06 DE DICIEMBRE, 2023.-<\/strong><\/p>\n","protected":false},"excerpt":{"rendered":"<p>Santo Domingo, RD.- Domingo Contreras, candidato \u00a0\u00a0del Partido de la Liberaci\u00f3n Dominicana (PLD) y la alianza opositora Rescate RD a la alcald\u00eda del Distrito Nacional\u00a0destac\u00f3 la entereza, integridad y compromiso de la enorme mayor\u00eda de dirigentes y miembros de esa organizaci\u00f3n en contraposici\u00f3n a tr\u00e1nsfugas y oportunistas de la pol\u00edtica. Teniendo de base la consigna [&hellip;]<\/p>\n","protected":false},"author":28,"featured_media":494492,"comment_status":"closed","ping_status":"","sticky":true,"template":"","format":"standard","meta":{"footnotes":""},"categories":[22,27],"tags":[],"class_list":["post-494489","post","type-post","status-publish","format-standard","has-post-thumbnail","hentry","category-politica","category-portada"],"_links":{"self":[{"href":"https:\/\/diariodominicano.com\/index.php?rest_route=\/wp\/v2\/posts\/494489","targetHints":{"allow":["GET"]}}],"collection":[{"href":"https:\/\/diariodominicano.com\/index.php?rest_route=\/wp\/v2\/posts"}],"about":[{"href":"https:\/\/diariodominicano.com\/index.php?rest_route=\/wp\/v2\/types\/post"}],"author":[{"embeddable":true,"href":"https:\/\/diariodominicano.com\/index.php?rest_route=\/wp\/v2\/users\/28"}],"replies":[{"embeddable":true,"href":"https:\/\/diariodominicano.com\/index.php?rest_route=%2Fwp%2Fv2%2Fcomments&post=494489"}],"version-history":[{"count":5,"href":"https:\/\/diariodominicano.com\/index.php?rest_route=\/wp\/v2\/posts\/494489\/revisions"}],"predecessor-version":[{"id":494497,"href":"https:\/\/diariodominicano.com\/index.php?rest_route=\/wp\/v2\/posts\/494489\/revisions\/494497"}],"wp:featuredmedia":[{"embeddable":true,"href":"https:\/\/diariodominicano.com\/index.php?rest_route=\/wp\/v2\/media\/494492"}],"wp:attachment":[{"href":"https:\/\/diariodominicano.com\/index.php?rest_route=%2Fwp%2Fv2%2Fmedia&parent=494489"}],"wp:term":[{"taxonomy":"category","embeddable":true,"href":"https:\/\/diariodominicano.com\/index.php?rest_route=%2Fwp%2Fv2%2Fcategories&post=494489"},{"taxonomy":"post_tag","embeddable":true,"href":"https:\/\/diariodominicano.com\/index.php?rest_route=%2Fwp%2Fv2%2Ftags&post=494489"}],"curies":[{"name":"wp","href":"https:\/\/api.w.org\/{rel}","templated":true}]}}