{"id":49440,"date":"2020-09-16T00:54:48","date_gmt":"2020-09-16T00:54:48","guid":{"rendered":"http:\/\/diariodominicano.ddns.net\/?p=49440"},"modified":"2020-09-16T00:54:48","modified_gmt":"2020-09-16T00:54:48","slug":"el-dia-que-fallecio-el-ex-presidente-rafael-estrella-urena","status":"publish","type":"post","link":"https:\/\/diariodominicano.com\/?p=49440","title":{"rendered":"El d\u00eda que falleci\u00f3 el ex presidente Rafael Estrella Ure\u00f1a"},"content":{"rendered":"<p><body><\/p>\n<p><img decoding=\"async\" src=\"img3\/trujilo160400.jpg\" \/><br \/><img decoding=\"async\" src=\"img3\/Rafael Estrella Urena.jpg\" \/>  <\/p>\n<p><strong><span class=\"text1noticias\">Diariodominicano.com<\/span><\/strong><\/p>\n<p><strong><span class=\"text1noticias\">El d\u00eda que falleci\u00f3 el ex presidente Rafael Estrella Ure\u00f1a<\/span><\/strong><\/p>\n<p><strong><span class=\"text1noticias\"> Al ser depuesto Horacio V\u00e1squez, Rafael Estrella Ure\u00f1a fue escogido presidente Provisional y Trujillo se retir\u00f3 al Ej\u00e9rcito y se present\u00f3 como candidato presidencial con Estrella Ure\u00f1a como candidato vicepresidencial.<\/span><\/strong><\/p>\n<p><strong><span class=\"text1noticias\">Por H\u00e9ctor Tineo Nolasco<\/span><\/strong><\/p>\n<p><strong><span class=\"text1noticias\">Diariodominicano.com<\/span><\/strong><\/p>\n<p><strong><span class=\"text1noticias\">SANTO DOMINGO, el  16 de septiembre de 1945<\/span><\/strong><span class=\"text1noticias\">, falleci\u00f3  el ex Presidente de la Rep\u00fablica Dominicana, Rafael Estrella Ure\u00f1a, quien se destac\u00f3 como pol\u00edtico y diplom\u00e1tico. Fue uno de los principales colaboradores del Presidente Horacio V\u00e1squez, y se alej\u00f3 del Partido Horacista cuando en el a\u00f1o 1928, el jefe del Estado decidi\u00f3 prolongar su mandato.<\/span><\/p>\n<p><span class=\"text1noticias\"> <\/span><\/p>\n<p><span class=\"text1noticias\">    Tambi\u00e9n se involucr\u00f3 en un plan con el jefe del Ej\u00e9rcito, el general Rafael Le\u00f3nidas Trujillo, para derrocar al Presidente Horacio V\u00e1squez, hecho que fue consumado el 23 de febrero de 1930.<\/span><\/p>\n<p><span class=\"text1noticias\"> <\/span><\/p>\n<p><span class=\"text1noticias\">    Al ser depuesto Horacio V\u00e1squez, Rafael Estrella Ure\u00f1a fue escogido presidente Provisional y Trujillo se retir\u00f3 de sus funciones de Jefe del Ej\u00e9rcito y se present\u00f3 como candidato presidencial con Estrella Ure\u00f1a como candidato vicepresidencial.<\/span><\/p>\n<p><span class=\"text1noticias\"> <\/span><\/p>\n<p><span class=\"text1noticias\">   <strong> En unas elecciones que se caracterizaron por la represi\u00f3n  del Ej\u00e9rcito Nacional, que provoc\u00f3 el retiro de la oposici\u00f3n, Trujillo y Estrella Ure\u00f1a, fueron elegidos el 16 de mayo de 1930 y tomaron posesi\u00f3n el 16 de agosto de 1930.<\/strong><\/span><\/p>\n<p><span class=\"text1noticias\"><strong> <\/strong><\/span><\/p>\n<p><span class=\"text1noticias\">     No obstante, al poco tiempo Estrella Ure\u00f1a rompi\u00f3 con Trujillo y cuando muri\u00f3 el 16 de septiembre de 1945, estaba retirado de las actividades pol\u00edticas.<\/span><\/p>\n<p><span class=\"text1noticias\"> <\/span><\/p>\n<p><span class=\"text1noticias\"><strong>Historia<\/strong><\/span><\/p>\n<\/p>\n<p><span class=\"text1noticias\"> Rafael Estrella Ure\u00f1a, naci\u00f3 el 19 de septiembre de 1889, en la ciudad de Santiago de los Caballeros,hijo de Juan Bautista Estrella y Juana Ure\u00f1a. Se destac\u00f3  como pol\u00edtico y orador.<\/span><\/p>\n<p><span class=\"text1noticias\"> <\/span><\/p>\n<p><span class=\"text1noticias\">     Curs\u00f3 sus estudios primarios y secundarios en la ciudad de Santiago. Estudi\u00f3 derecho en la Universidad de Santo Domingo y se gradu\u00f3 de licenciado en derecho en 1915.<\/span><\/p>\n<p><span class=\"text1noticias\"> <\/span><\/p>\n<p><span class=\"text1noticias\">   Durante la ocupaci\u00f3n militar de Estados Unidos, en el per\u00edodo 1916-1924, fue un luchador por el rescate de la soberan\u00eda nacional. En procura de ese objetivo fue miembro de la Uni\u00f3n Nacional Dominicana, que ten\u00eda como objetivo restaurar la soberan\u00eda nacional.<\/span><\/p>\n<p><span class=\"text1noticias\"> <\/span><\/p>\n<p><span class=\"text1noticias\"><strong>    Al referirse a su figura Joaqu\u00edn Balaguer, quien lo acompa\u00f1\u00f3 en el plan contra el Presidente Horacio V\u00e1squez, en el a\u00f1o 1930,   anota: <\/strong><\/span><\/p>\n<p><span class=\"text1noticias\"><strong> <\/strong><\/span><\/p>\n<p><span class=\"text1noticias\">   <strong>\u00abRafael Estrella Ure\u00f1a, f\u00edsicamente dotado de extraordinarios dones para la oratoria: voz potente, rica imaginaci\u00f3n y temperamento volc\u00e1nico que se proyectaba al trav\u00e9s de sus ojos verdes en reflejos el\u00e9ctricos y en im\u00e1genes de enorme poder emotivo, era poco diserto en la conversaci\u00f3n casera. Necesitaba, al parecer, del contacto con el p\u00fablico para crecer y agigantarse. Estaba hecho para lucir en la plaza p\u00fablica como el m\u00e1rmol de las fuentes y el bronce de las estatuas\u00bb.<\/strong><\/span><\/p>\n<p><span class=\"text1noticias\"> <\/span><\/p>\n<p><span class=\"text1noticias\">    En opini\u00f3n del doctor Balaguer, con Rafael Estrella Ure\u00f1a  \u00abocurr\u00eda como con todos los grandes conductores de masas: su peque\u00f1a estatura adquir\u00eda proporciones colosales gracias al toque hipn\u00f3tico de la elocuencia\u00bb.<\/span><\/p>\n<p><span class=\"text1noticias\"> <\/span><\/p>\n<p><span class=\"text1noticias\">    Rafael Estrella Ure\u00f1a  fue uno de los principales colaboradores del Presidente Horacio V\u00e1squez. <\/span><\/p>\n<p><span class=\"text1noticias\"> <\/span><\/p>\n<p><span class=\"text1noticias\">   En el a\u00f1o 1925 fund\u00f3 el Partido Republicano y en el a\u00f1o 1927, el Presidente V\u00e1squez lo nombr\u00f3 ministro en Francia y otras naciones de Europa.<\/span><\/p>\n<p><span class=\"text1noticias\"> <\/span><\/p>\n<p><span class=\"text1noticias\">    Durante el Gobierno de Horacio V\u00e1squez tambi\u00e9n fue secretario de la Presidencia, secretario de Interior y Polic\u00eda, as\u00ed como ministro de Justicia e Instrucci\u00f3n,  pero se separ\u00f3 del  Gobierno Horacista cuando en 1929, el  Presidente de la Rep\u00fablica apoy\u00f3 un movimiento que propugnaba  por su reelecci\u00f3n.<\/span><\/p>\n<p><span class=\"text1noticias\"> <\/span><\/p>\n<p><span class=\"text1noticias\">     En el a\u00f1o 1930 encabez\u00f3 un plan aliado al jefe del Ej\u00e9rcito Nacional, General Rafael Le\u00f3nidas Trujillo Molina, que culmin\u00f3 con un golpe de Estado contra el  Gobierno de  Horacio V\u00e1squez.<\/span><\/p>\n<p><span class=\"text1noticias\"> <\/span><\/p>\n<p><span class=\"text1noticias\">    El acontecimiento fue anunciado al pa\u00eds el 23 de febrero de 1930. Horas Despu\u00e9s  Estrella Ure\u00f1a fue juramentado como nuevo Presidente de la Rep\u00fablica, con el encarg\u00f3 de organizar elecciones presidenciales el 16 de mayo de ese a\u00f1o.<\/span><\/p>\n<p><span class=\"text1noticias\"> <\/span><\/p>\n<p><span class=\"text1noticias\">    Su administraci\u00f3n se desarroll\u00f3 del 23 de febrero al 16 de agosto de 1930. El proceso electoral se caracteriz\u00f3 por la intolerancia en perjuicio de los  adversarios de Rafael Le\u00f3nidas Trujillo Molina.<\/span><\/p>\n<p><span class=\"text1noticias\"> <\/span><\/p>\n<p><span class=\"text1noticias\">     Durante el mes de Abril y los primeros d\u00edas de Mayo de 1930, miembros del Ej\u00e9rcito Nacional  participaron en actos de represi\u00f3n contra los adversarios de Rafael Le\u00f3nidas Trujillo y Rafael Estrella Ure\u00f1a.<\/span><\/p>\n<p><span class=\"text1noticias\"> <\/span><\/p>\n<p><span class=\"text1noticias\">   Ante la situaci\u00f3n de represi\u00f3n, La Alianza Nacional Progresista, que llevaba como candidato a la Presidencia  a Federico Vel\u00e1squez y a vicepresidente al l\u00edder horacista Angel Morales, se retir\u00f3 del proceso electoral.<\/span><\/p>\n<p><span class=\"text1noticias\"> <\/span><\/p>\n<p><span class=\"text1noticias\">    Por la  situaci\u00f3n de violencia desatada en las \u00faltimas semanas de la campa\u00f1a electoral de 1930, los miembros de la Junta Central Electoral renunciaron a sus funciones el 7 de Mayo de 1930 y fueron sustituidos por personas que simpatizaban con las candidaturas de Trujillo y  Estrella Ure\u00f1a.<\/span><\/p>\n<p><span class=\"text1noticias\"> <\/span><\/p>\n<p><span class=\"text1noticias\">   La Alianza Nacional Progresista formaliz\u00f3 su retiro del proceso electoral el d\u00eda 15 de Mayo de 1930, por considerar que en  Rep\u00fablica Dominicana no hab\u00eda garant\u00edas para ejercer el voto libremente.<\/span><\/p>\n<p><span class=\"text1noticias\"> <\/span><\/p>\n<p><span class=\"text1noticias\">   El 16 de Mayo de 1930 se celebraron las elecciones con la sola participaci\u00f3n del binomio Rafael Le\u00f3nidas Trujillo Molina-Rafael Estrella Ure\u00f1a. Fueron declarados ganadores de los comicios con un 45 por ciento de los sufragantes inscritos.<\/span><\/p>\n<p><span class=\"text1noticias\"> <\/span><\/p>\n<p><span class=\"text1noticias\">     <strong>En Rep\u00fablica Dominicana se produjeron m\u00faltiples protestas y la Alianza Nacional Progresista calific\u00f3 de fraudulento el proceso, sin embargo,  la Junta Central Electoral declar\u00f3 ganadores a Trujillo y a Rafael Estrella Ure\u00f1a, en virtud de una resoluci\u00f3n dada a conocer el  24 de Mayo de 1930.<\/strong><\/span><\/p>\n<p><span class=\"text1noticias\"><strong> <\/strong><\/span><\/p>\n<p><span class=\"text1noticias\">    Trujillo y el licenciado Rafael Estrella Ure\u00f1a eran aliados desde que se unieron en la  conspiraci\u00f3n que termin\u00f3 con el derrocamiento del Presidente Horacio V\u00e1squez, quien los consideraba como hombres de confianza.<\/span><\/p>\n<p><span class=\"text1noticias\"> <\/span><\/p>\n<p><span class=\"text1noticias\">      La toma de posesi\u00f3n del nuevo Gobierno fue el 16 de agosto de 1930. El  Vicepresidente Estrella Ure\u00f1a rompi\u00f3 al poco tiempo con el Presidente Trujillo, y sali\u00f3 del pa\u00eds.<\/span><\/p>\n<p><span class=\"text1noticias\"> <\/span><\/p>\n<p><span class=\"text1noticias\">    Regres\u00f3 en el a\u00f1o 1940 y acept\u00f3 colaborar con el Gobierno de Trujillo, pero luego fue arrestado.<\/span><\/p>\n<p><span class=\"text1noticias\"> <\/span><\/p>\n<p><span class=\"text1noticias\">   <strong>El  23 de Febrero de 1930, Rafael Estrella Ure\u00f1a y sus partidarios, secundados por Desiderio Arias  y El\u00edas Brache, antiguo dirigentes del jimenismo, dieron inicio al plan para acabar con el Gobierno de Horacio V\u00e1squez.<\/strong><\/span><\/p>\n<p><span class=\"text1noticias\"><strong> <\/strong><\/span><\/p>\n<p><span class=\"text1noticias\">   El general Jos\u00e9 Estrella, t\u00edo de Rafael Estrella Ure\u00f1a, atac\u00f3 la Fortaleza San Luis, en Santiago,  y las tropas no hicieron resistencia y de inmediato cientos de hombres armados con rifles que suministro de manera subrepticia  el general Trujillo, marcharon a la Capital.<\/span><\/p>\n<p><span class=\"text1noticias\"> <\/span><\/p>\n<p><span class=\"text1noticias\">     Entraron a la ciudad de Santo Domingo,  a los tres d\u00edas y el Presidente Horacio V\u00e1squez busc\u00f3 asilo en la embajada de Estados Unidos. <\/span><\/p>\n<\/p>\n<\/p>\n<\/p>\n<\/p>\n<\/p>\n<h6> 2020-09-16 00:54:48 <\/h6>\n<p><!--\n<link rel=\"stylesheet\" href=\"css\/bootstrap.min.css\">\n\n\n<ul class=\"pagination\">\n\t    \n\t\n\n<li >\n\t<a href='?page_no=207'>Previous<\/a>\n\t<\/li>\n\n\n       \n    \n\n<li><a href='?page_no=1'>1<\/a><\/li>\n\n\n\n<li><a href='?page_no=2'>2<\/a><\/li>\n\n\n\n<li><a>...<\/a><\/li>\n\n\n\n<li><a href='?page_no=206'>206<\/a><\/li>\n\n\n\n<li><a href='?page_no=207'>207<\/a><\/li>\n\n\n\n<li class='active'><a>208<\/a><\/li>\n\n\n\n<li><a href='?page_no=209'>209<\/a><\/li>\n\n\n\n<li><a href='?page_no=210'>210<\/a><\/li>\n\n\n\n<li><a>...<\/a><\/li>\n\n\n\n<li><a href='?page_no=22911'>22911<\/a><\/li>\n\n\n\n<li><a href='?page_no=22912'>22912<\/a><\/li>\n\n    \n\t\n\n<li >\n\t<a href='?page_no=209'>Next<\/a>\n\t<\/li>\n\n\n    \n\n<li><a href='?page_no=22912'>Last &rsaquo;&rsaquo;<\/a><\/li>\n\n<\/ul>\n\n\n--><br \/>\n<\/body><\/p>\n","protected":false},"excerpt":{"rendered":"<p>Diariodominicano.com El d\u00eda que falleci\u00f3 el ex presidente Rafael Estrella Ure\u00f1a Al ser depuesto Horacio V\u00e1squez, Rafael Estrella Ure\u00f1a fue escogido presidente Provisional y Trujillo se retir\u00f3 al Ej\u00e9rcito y se present\u00f3 como candidato presidencial con Estrella Ure\u00f1a como candidato vicepresidencial. Por H\u00e9ctor Tineo Nolasco Diariodominicano.com SANTO DOMINGO, el 16 de septiembre de 1945, falleci\u00f3 [&hellip;]<\/p>\n","protected":false},"author":3,"featured_media":0,"comment_status":"open","ping_status":"open","sticky":false,"template":"","format":"standard","meta":{"footnotes":""},"categories":[21],"tags":[],"class_list":["post-49440","post","type-post","status-publish","format-standard","hentry","category-cultura"],"_links":{"self":[{"href":"https:\/\/diariodominicano.com\/index.php?rest_route=\/wp\/v2\/posts\/49440","targetHints":{"allow":["GET"]}}],"collection":[{"href":"https:\/\/diariodominicano.com\/index.php?rest_route=\/wp\/v2\/posts"}],"about":[{"href":"https:\/\/diariodominicano.com\/index.php?rest_route=\/wp\/v2\/types\/post"}],"author":[{"embeddable":true,"href":"https:\/\/diariodominicano.com\/index.php?rest_route=\/wp\/v2\/users\/3"}],"replies":[{"embeddable":true,"href":"https:\/\/diariodominicano.com\/index.php?rest_route=%2Fwp%2Fv2%2Fcomments&post=49440"}],"version-history":[{"count":0,"href":"https:\/\/diariodominicano.com\/index.php?rest_route=\/wp\/v2\/posts\/49440\/revisions"}],"wp:attachment":[{"href":"https:\/\/diariodominicano.com\/index.php?rest_route=%2Fwp%2Fv2%2Fmedia&parent=49440"}],"wp:term":[{"taxonomy":"category","embeddable":true,"href":"https:\/\/diariodominicano.com\/index.php?rest_route=%2Fwp%2Fv2%2Fcategories&post=49440"},{"taxonomy":"post_tag","embeddable":true,"href":"https:\/\/diariodominicano.com\/index.php?rest_route=%2Fwp%2Fv2%2Ftags&post=49440"}],"curies":[{"name":"wp","href":"https:\/\/api.w.org\/{rel}","templated":true}]}}