{"id":494335,"date":"2023-12-06T09:15:39","date_gmt":"2023-12-06T13:15:39","guid":{"rendered":"https:\/\/diariodominicano.com\/?p=494335"},"modified":"2023-12-06T09:15:39","modified_gmt":"2023-12-06T13:15:39","slug":"delegacion-de-kenya-en-preparativos-para-despliegue-de-mision-de-seguridad-en-haiti","status":"publish","type":"post","link":"https:\/\/diariodominicano.com\/?p=494335","title":{"rendered":"Delegaci\u00f3n de Kenya en    preparativos para  despliegue de misi\u00f3n  de seguridad en Hait\u00ed"},"content":{"rendered":"\n<p>diariodominicano.com<\/p>\n\n\n\n<p>Puerto Pr\u00edncipe, 6 dic (Prensa Latina) El primer ministro haitiano, Ariel Henry, recibi\u00f3 hoy a una delegaci\u00f3n de Kenya junto a representantes del Gobierno estadounidense en el marco de los preparativos para el despliegue de una misi\u00f3n internacional de seguridad.<\/p>\n\n\n\n<p>El grupo sostuvo un provechoso intercambio, y la delegaci\u00f3n se reuni\u00f3, igualmente, con miembros del Alto Consejo de Transici\u00f3n, estructura fruto del acuerdo gubernamental de 2021.<\/p>\n\n\n\n<p>Adem\u00e1s, los visitantes mantuvieron una larga sesi\u00f3n de trabajo con el alto mando de la Polic\u00eda Nacional de Hait\u00ed, de acuerdo con la nota del Ministerio de Comunicaci\u00f3n.<\/p>\n\n\n\n<p>El comunicado a\u00f1ade que representantes del Ministerio de Justicia y de la Polic\u00eda viajar\u00e1n a Nairobi en los pr\u00f3ximos d\u00edas para preparar la llegada de la Misi\u00f3n Multinacional de Apoyo a la Seguridad.<\/p>\n\n\n\n<p>En octubre pasado el Consejo de Seguridad de Naciones Unidas aprob\u00f3 el despliegue del mecanismo en Hait\u00ed, ante el aumento y expansi\u00f3n de las pandillas que dejaron miles de muertos y asesinatos en el \u00faltimo a\u00f1o.<\/p>\n\n\n\n<p>El Gobierno de Ariel Henry solicit\u00f3 un a\u00f1o antes la asistencia de la comunidad internacional, pese a las cr\u00edticas de sus componentes que cuestionaron su capacidad de gestionar el pa\u00eds.<\/p>\n\n\n\n<p>jha\/ane<\/p>\n","protected":false},"excerpt":{"rendered":"<p>diariodominicano.com Puerto Pr\u00edncipe, 6 dic (Prensa Latina) El primer ministro haitiano, Ariel Henry, recibi\u00f3 hoy a una delegaci\u00f3n de Kenya junto a representantes del Gobierno estadounidense en el marco de los preparativos para el despliegue de una misi\u00f3n internacional de seguridad. El grupo sostuvo un provechoso intercambio, y la delegaci\u00f3n se reuni\u00f3, igualmente, con miembros [&hellip;]<\/p>\n","protected":false},"author":5,"featured_media":494345,"comment_status":"closed","ping_status":"","sticky":true,"template":"","format":"standard","meta":{"footnotes":""},"categories":[112,23,27],"tags":[],"class_list":["post-494335","post","type-post","status-publish","format-standard","has-post-thumbnail","hentry","category-haiti","category-internacional","category-portada"],"_links":{"self":[{"href":"https:\/\/diariodominicano.com\/index.php?rest_route=\/wp\/v2\/posts\/494335","targetHints":{"allow":["GET"]}}],"collection":[{"href":"https:\/\/diariodominicano.com\/index.php?rest_route=\/wp\/v2\/posts"}],"about":[{"href":"https:\/\/diariodominicano.com\/index.php?rest_route=\/wp\/v2\/types\/post"}],"author":[{"embeddable":true,"href":"https:\/\/diariodominicano.com\/index.php?rest_route=\/wp\/v2\/users\/5"}],"replies":[{"embeddable":true,"href":"https:\/\/diariodominicano.com\/index.php?rest_route=%2Fwp%2Fv2%2Fcomments&post=494335"}],"version-history":[{"count":1,"href":"https:\/\/diariodominicano.com\/index.php?rest_route=\/wp\/v2\/posts\/494335\/revisions"}],"predecessor-version":[{"id":494346,"href":"https:\/\/diariodominicano.com\/index.php?rest_route=\/wp\/v2\/posts\/494335\/revisions\/494346"}],"wp:featuredmedia":[{"embeddable":true,"href":"https:\/\/diariodominicano.com\/index.php?rest_route=\/wp\/v2\/media\/494345"}],"wp:attachment":[{"href":"https:\/\/diariodominicano.com\/index.php?rest_route=%2Fwp%2Fv2%2Fmedia&parent=494335"}],"wp:term":[{"taxonomy":"category","embeddable":true,"href":"https:\/\/diariodominicano.com\/index.php?rest_route=%2Fwp%2Fv2%2Fcategories&post=494335"},{"taxonomy":"post_tag","embeddable":true,"href":"https:\/\/diariodominicano.com\/index.php?rest_route=%2Fwp%2Fv2%2Ftags&post=494335"}],"curies":[{"name":"wp","href":"https:\/\/api.w.org\/{rel}","templated":true}]}}