{"id":494309,"date":"2023-12-06T01:42:49","date_gmt":"2023-12-06T05:42:49","guid":{"rendered":"https:\/\/diariodominicano.com\/?p=494309"},"modified":"2023-12-06T01:53:01","modified_gmt":"2023-12-06T05:53:01","slug":"leonel-advierte-se-llevara-al-tc-la-ley-que-permitio-a-abinader-firmar-el-contrato-de-aerodom-sin-transparencia","status":"publish","type":"post","link":"https:\/\/diariodominicano.com\/?p=494309","title":{"rendered":"Leonel advierte se llevar\u00e1 al TC la ley que permiti\u00f3 a Abinader firmar el contrato de Aerodom sin transparencia"},"content":{"rendered":"\n<p><br>Ley que promovi\u00f3 Abinader permite desconocer el principio de transparencia que figura en la Constituci\u00f3n de la Rep\u00fablica.<\/p>\n\n\n\n<p><\/p>\n\n\n\n<p>Santo Domingo, RD.- El presidente del partido Fuerza del Pueblo (FP), Leonel Fern\u00e1ndez, asegur\u00f3 que hay que proceder a declarar la inconstitucionalidad, de la ley que utiliz\u00f3 el presidente de la Rep\u00fablica, Luis Abinader, como mecanismo para no realizar una licitaci\u00f3n p\u00fablica internacional para renegociar el contrato de Aerodom.<\/p>\n\n\n\n<p><\/p>\n\n\n\n<p><br>Fern\u00e1ndez dijo que debe llamar poderosamente la atenci\u00f3n que se renegociara el contrato de Aerodom adelantando 7 a\u00f1os a su culminaci\u00f3n, extendi\u00e9ndolo a 37 a\u00f1os de duraci\u00f3n, y cobrando anticipadamente, en los pr\u00f3ximos seis meses, la mitad de lo que se va a cobrar en 37 a\u00f1os, para aplicarse en el per\u00edodo electoral.<\/p>\n\n\n\n<p><br>De acuerdo a las palabras de Fern\u00e1ndez, la renegociaci\u00f3n del contrato de Aerodom, \u00abes como para comprar una reelecci\u00f3n\u00bb. Esto porque se van a recibir 775 millones de d\u00f3lares, justamente en el per\u00edodo electoral, \u00aby no se va a aplicar precisamente para mejorar las condiciones de los aeropuertos, se va a destinar para otras obras\u00bb, precis\u00f3 el exmandatario.<\/p>\n\n\n\n<p><br>\u00abVa a recibir (Luis Abinader) la mitad de los recursos en seis meses, de un contrato de 37 a\u00f1os. Eso no tiene explicaci\u00f3n\u00bb, dijo Leonel Fern\u00e1ndez, al ser entrevistado en un matutino local.<\/p>\n\n\n\n<p><br>Ante la pregunta de qu\u00e9 posibilidad tiene la oposici\u00f3n de frenar el contrato de Aerodom, el l\u00edder de la oposici\u00f3n pol\u00edtica dominicana respondi\u00f3 que, como el presidente Abinader hizo aprobar una ley previa en el Congreso para \u00abbaipasear\u00bb la Ley 340-06, sobre Compras y Contrataciones de Bienes, Servicios, Obras y Concesiones; sin someter ese contrato a una licitaci\u00f3n p\u00fablica internacional, lo que procede es declarar la inconstitucionalidad de esa ley. \u00abPorque permite desconocer el principio de transparencia que figura en la Constituci\u00f3n de la Rep\u00fablica\u00bb, explic\u00f3 Leonel Fern\u00e1ndez.<\/p>\n\n\n\n<p><br>El candidato a la presidencia por la Fuerza del Pueblo asegur\u00f3 que: se proceder\u00e1 inmediatamente con las acciones, para lograr la declaratoria de inconstitucionalidad de la referida ley.<\/p>\n\n\n\n<p><br>Secretar\u00eda de Comunicaciones Fuerza del Pueblo<\/p>\n","protected":false},"excerpt":{"rendered":"<p>Ley que promovi\u00f3 Abinader permite desconocer el principio de transparencia que figura en la Constituci\u00f3n de la Rep\u00fablica. Santo Domingo, RD.- El presidente del partido Fuerza del Pueblo (FP), Leonel Fern\u00e1ndez, asegur\u00f3 que hay que proceder a declarar la inconstitucionalidad, de la ley que utiliz\u00f3 el presidente de la Rep\u00fablica, Luis Abinader, como mecanismo para [&hellip;]<\/p>\n","protected":false},"author":28,"featured_media":494310,"comment_status":"closed","ping_status":"","sticky":true,"template":"","format":"standard","meta":{"footnotes":""},"categories":[20,22,27],"tags":[],"class_list":["post-494309","post","type-post","status-publish","format-standard","has-post-thumbnail","hentry","category-dominicana-hoy","category-politica","category-portada"],"_links":{"self":[{"href":"https:\/\/diariodominicano.com\/index.php?rest_route=\/wp\/v2\/posts\/494309","targetHints":{"allow":["GET"]}}],"collection":[{"href":"https:\/\/diariodominicano.com\/index.php?rest_route=\/wp\/v2\/posts"}],"about":[{"href":"https:\/\/diariodominicano.com\/index.php?rest_route=\/wp\/v2\/types\/post"}],"author":[{"embeddable":true,"href":"https:\/\/diariodominicano.com\/index.php?rest_route=\/wp\/v2\/users\/28"}],"replies":[{"embeddable":true,"href":"https:\/\/diariodominicano.com\/index.php?rest_route=%2Fwp%2Fv2%2Fcomments&post=494309"}],"version-history":[{"count":2,"href":"https:\/\/diariodominicano.com\/index.php?rest_route=\/wp\/v2\/posts\/494309\/revisions"}],"predecessor-version":[{"id":494312,"href":"https:\/\/diariodominicano.com\/index.php?rest_route=\/wp\/v2\/posts\/494309\/revisions\/494312"}],"wp:featuredmedia":[{"embeddable":true,"href":"https:\/\/diariodominicano.com\/index.php?rest_route=\/wp\/v2\/media\/494310"}],"wp:attachment":[{"href":"https:\/\/diariodominicano.com\/index.php?rest_route=%2Fwp%2Fv2%2Fmedia&parent=494309"}],"wp:term":[{"taxonomy":"category","embeddable":true,"href":"https:\/\/diariodominicano.com\/index.php?rest_route=%2Fwp%2Fv2%2Fcategories&post=494309"},{"taxonomy":"post_tag","embeddable":true,"href":"https:\/\/diariodominicano.com\/index.php?rest_route=%2Fwp%2Fv2%2Ftags&post=494309"}],"curies":[{"name":"wp","href":"https:\/\/api.w.org\/{rel}","templated":true}]}}